{"id":3156,"date":"2009-09-15T00:00:00","date_gmt":"2009-09-15T00:00:00","guid":{"rendered":"http:\/\/www2.memri.org\/espanol\/2009\/09\/15\/ahmadinejad-critica-la-teoria-de-desarrollo-occidental-como-orientada-a-la-democracia-liberal-la-economia-de-libre-mercado-y-el-relativismo-moral-y-propone-una-alternativa-irani-basada-en-los-va\/"},"modified":"2009-09-15T00:00:00","modified_gmt":"2009-09-15T00:00:00","slug":"ahmadinejad-critica-la-teoria-de-desarrollo-occidental-como-orientada-a-la-democracia-liberal-la-economia-de-libre-mercado-y-el-relativismo-moral-y-propone-una-alternativa-irani-basada-en-los-va","status":"publish","type":"post","link":"https:\/\/www2.memri.org\/espanol\/ahmadinejad-critica-la-teoria-de-desarrollo-occidental-como-orientada-a-la-democracia-liberal-la-economia-de-libre-mercado-y-el-relativismo-moral-y-propone-una-alternativa-irani-basada-en-los-va\/3156","title":{"rendered":"Ahmadinejad cr\u00edtica la &#8216;teor\u00eda de desarrollo&#8217; occidental como orientada a la democracia liberal, la econom\u00eda de libre mercado y el relativismo moral &#8211; y propone una alternativa  iran\u00ed basada en los valores &#8216;divinos e idealistas&#8217;, una &#8216;sociedad de Ali y el Mahdi&#8217;"},"content":{"rendered":"<div class=\"bodytext c1\">\n<p><em>En un discurso el 10 de septiembre,<\/em> <em>2009 a<\/em> <em>profesores universitarios, el presidente iran\u00ed Mahmoud Ahmadinejad critic\u00f3 \u00abla teor\u00eda de desarrollo de Occidente\u00bb, la cual dijo ten\u00eda por objeto \u00abel dominio de la democracia liberal, el establecimiento de una econom\u00eda de libre mercado, la preferencia al relativismo moral y la no injerencia de los valores morales en las relaciones sociales\u00bb. Sostuvo que esta teor\u00eda hab\u00eda llegado a una encrucijada, y que era el papel de Ir\u00e1n darle al mundo un modelo alternativo para el avance &#8211; uno basado en los \u00abvalores divinos e idealistas en lugar de materiales\u00bb y basados en la sociedad de Ali ibn Abi Talib y el Mahdi.<\/em><\/p>\n<p><em>En la ceremonia de despedida del saliente Ministro de Inteligencia iran\u00ed Mohsen Ejei el 8 de septiembre del 2009, Ahmadinejad dijo que la misi\u00f3n del r\u00e9gimen isl\u00e1mico de Ir\u00e1n fue la de enarbolar la bandera del Mahdismo (es decir, el mensaje de la inminente llegada del Mahdi) en todo el mundo.<\/em><\/p>\n<p><em>Lo siguiente son extractos de una traducci\u00f3n al ingl\u00e9s de su discurso del 10 de septiembre, seg\u00fan lo publicado por Press TV. <a href=\"#_edn1\" name=\"_ednref1\">[1]<\/a><\/em><\/p>\n<p><strong>La teor\u00eda occidental de desarrollo \u00abha llegado a un callej\u00f3n sin salida\u00bb<\/strong><\/p>\n<p>\u00abSi aceptamos el orden dominante [global] para el desarrollo, no llegaremos a ninguna parte ni en mil a\u00f1os, porque los or\u00edgenes de esta teor\u00eda est\u00e1n en otro lugar [es decir, en Occidente], y las normas de desarrollo fueron formuladas por ellos. La naci\u00f3n iran\u00ed y la sociedad [poseen] todos los elementos necesarios para dar un salto hacia el crecimiento y la superioridad, pero lo que impide el salto de la naci\u00f3n es la falta de una definici\u00f3n clara del objetivo final.<\/p>\n<p>\u00abEn la sociedad occidental, de acuerdo con la teor\u00eda del desarrollo, todos los esfuerzos est\u00e1n dirigidos a la dominaci\u00f3n de la democracia liberal, el establecimiento de una econom\u00eda de libre mercado, la preferencia del relativismo moral y la no injerencia de los valores morales en las relaciones sociales. Este [enfoque] tiene un futuro oscuro, pero todos los esfuerzos est\u00e1n a lo largo de [estas l\u00edneas]. Seg\u00fan esta teor\u00eda, la sociedad estadounidense ha alcanzado el pin\u00e1culo del desarrollo social, y [para] representar al mundo en su propia sombra, han creado diversos organismos internacionales [orientados a] su cultura particular y tratan de influir en los pa\u00edses del mundo para que caigan detr\u00e1s de ellos.<\/p>\n<p>\u00abEs evidente que esta teor\u00eda ha llegado a un callej\u00f3n sin salida, e incluso si queremos [seguir] su camino, este camino terminar\u00e1 en un precipicio\u00bb.<\/p>\n<p><strong>\u00abPuede el mundo Imaginarse una plantilla para el pasado, presente y futuro de la sociedad humana que sea superior a la de la sociedad de Ali y el Mahdi?\u00bb<\/strong><\/p>\n<p>\u00abNuestra naci\u00f3n, con su antiguo patrimonio cultural y su [apego] a un [conjunto] de valores idealistas y divinos, no puede de ninguna manera caminar por un sendero que ha sido definido y est\u00e9 [basado] en los valores materiales. \u00bfPuede el mundo imaginar una plantilla para el pasado, presente y futuro de la sociedad humana que sea superior a la de la sociedad de Ali [ibn Abi Talib, el primer imam chi\u00edta], y el Mahdi [el Mes\u00edas chi\u00edta]?\u00bb<\/p>\n<p>Aludiendo a los resultados de las elecciones del 12 de junio, Ahmadinejad dijo: \u00ab[Incluso] si hubiesen un millar de elecciones en Ir\u00e1n, con una participaci\u00f3n del 100 por ciento, en opini\u00f3n [de Occidente], estas no ser\u00edan democr\u00e1ticas\u00bb.<\/p>\n<p>\u00c9l continu\u00f3: \u00abNo tenemos otra alternativa que regresar hacia nosotros mismos, y el deber de las universidades de Ir\u00e1n es [delinear] nuestra utop\u00eda y nuestra sociedad ideal, de manera que todas las fuerzas y los potenciales avancen en esa direcci\u00f3n y as\u00ed tengamos una sociedad con su propia econom\u00eda, cultura, pol\u00edtica y arte&rdquo;.<\/p>\n<p>\u00abNuestros enemigos con astucia e inteligencia tratan de [preocuparnos] con peque\u00f1os problemas, para que no pensemos y alcancemos grandes metas.<\/p>\n<p>\u00abHoy el mundo [est\u00e1] decepcionado con el dominio de la teor\u00eda [occidental] del desarrollo, y ha llegado a una encrucijada. Hoy nuestra misi\u00f3n no se limita a los asuntos internos de [nuestro] pa\u00eds, es una misi\u00f3n mundial en abrir un camino para que la sociedad humana a nivel mundial se escape de esta situaci\u00f3n de decepci\u00f3n\u00bb.<\/p>\n<\/p>\n<\/div>\n<hr noshade=\"noshade\" \/><!-- footnotes --><\/p>\n<div class=\"bodynews c2\">\n<p><a href=\"#_ednref1\" name=\"_edn1\">[1]<\/a> Press TV (Ir\u00e1n), 10 de septiembre, 2009. El texto ha sido ligeramente editado para mayor claridad.<\/p>\n<\/div>\n","protected":false},"excerpt":{"rendered":"<p>En un discurso el 10 de septiembre, 2009 a profesores universitarios, el presidente iran\u00ed Mahmoud Ahmadinejad critic\u00f3 \u00abla teor\u00eda de desarrollo de Occidente\u00bb, la cual dijo ten\u00eda por objeto \u00abel dominio de la democracia liberal, el establecimiento de una econom\u00eda de libre mercado, la preferencia al relativismo moral y la no injerencia de los valores [&hellip;]<\/p>\n","protected":false},"author":1,"featured_media":0,"comment_status":"open","ping_status":"open","sticky":false,"template":"","format":"standard","meta":{"footnotes":""},"categories":[6,20],"tags":[],"class_list":["post-3156","post","type-post","status-publish","format-standard","hentry","category-comunicados-especiales","category-iran"],"_links":{"self":[{"href":"https:\/\/www2.memri.org\/espanol\/wp-json\/wp\/v2\/posts\/3156","targetHints":{"allow":["GET"]}}],"collection":[{"href":"https:\/\/www2.memri.org\/espanol\/wp-json\/wp\/v2\/posts"}],"about":[{"href":"https:\/\/www2.memri.org\/espanol\/wp-json\/wp\/v2\/types\/post"}],"author":[{"embeddable":true,"href":"https:\/\/www2.memri.org\/espanol\/wp-json\/wp\/v2\/users\/1"}],"replies":[{"embeddable":true,"href":"https:\/\/www2.memri.org\/espanol\/wp-json\/wp\/v2\/comments?post=3156"}],"version-history":[{"count":0,"href":"https:\/\/www2.memri.org\/espanol\/wp-json\/wp\/v2\/posts\/3156\/revisions"}],"wp:attachment":[{"href":"https:\/\/www2.memri.org\/espanol\/wp-json\/wp\/v2\/media?parent=3156"}],"wp:term":[{"taxonomy":"category","embeddable":true,"href":"https:\/\/www2.memri.org\/espanol\/wp-json\/wp\/v2\/categories?post=3156"},{"taxonomy":"post_tag","embeddable":true,"href":"https:\/\/www2.memri.org\/espanol\/wp-json\/wp\/v2\/tags?post=3156"}],"curies":[{"name":"wp","href":"https:\/\/api.w.org\/{rel}","templated":true}]}}