{"id":3027,"date":"2009-06-22T00:00:00","date_gmt":"2009-06-22T00:00:00","guid":{"rendered":"http:\/\/www2.memri.org\/espanol\/2009\/06\/22\/lider-de-al-qaeda-en-afganistan-mustafa-abu-al-yazid-habla-sobre-usar-las-armas-nucleares-paquistanies-contra-los-estados-unidos-ofrece-a-los-estadounidenses-un-plan-de-paz-conviertanse-al-islam\/"},"modified":"2016-01-14T15:53:04","modified_gmt":"2016-01-14T15:53:04","slug":"lider-de-al-qaeda-en-afganistan-mustafa-abu-al-yazid-habla-sobre-usar-las-armas-nucleares-paquistanies-contra-los-estados-unidos-ofrece-a-los-estadounidenses-un-plan-de-paz-conviertanse-al-islam","status":"publish","type":"post","link":"https:\/\/www2.memri.org\/espanol\/lider-de-al-qaeda-en-afganistan-mustafa-abu-al-yazid-habla-sobre-usar-las-armas-nucleares-paquistanies-contra-los-estados-unidos-ofrece-a-los-estadounidenses-un-plan-de-paz-conviertanse-al-islam\/3027","title":{"rendered":"L\u00edder de Al-Qaeda en Afganist\u00e1n Mustafa Abu Al-Yazid habla sobre usar las armas nucleares paquistan\u00edes contra los Estados Unidos, ofrece a los estadounidenses un &#8216;plan de paz&#8217;: Convi\u00e9rtanse al Islam, o si no ser\u00e1n gobernados por el Islam y pagar\u00e1n impuestos a los musulmanes"},"content":{"rendered":"<div class=\"bodytext c2\">\n<p><em>A continuaci\u00f3n se presentan extractos de una entrevista con Mustafa Abu Al-Yazid, el comandante general de Al-Qaeda en Afganist\u00e1n, la cual fue puesta al aire en Al-Jazeera TV el 22 de junio, 2009.<\/em><\/p>\n<p><em>Para ver el segmento de video completo en MEMRI TV, visite <a href=\"http:\/\/www.memritv.org\/clip\/en\/2152.htm\">http:\/\/www.memritv.org\/clip\/en\/2152.htm<\/a>.<\/em><\/p>\n<p class=\"c1\"><img loading=\"lazy\" decoding=\"async\" class=\"alignnone size-full wp-image-15271\" src=\"http:\/\/www2.memri.org\/espanol\/wp-content\/uploads\/2016\/01\/sp_2417_1.jpg\" width=\"457\" height=\"335\" srcset=\"https:\/\/www2.memri.org\/espanol\/wp-content\/uploads\/2016\/01\/sp_2417_1.jpg 457w, https:\/\/www2.memri.org\/espanol\/wp-content\/uploads\/2016\/01\/sp_2417_1-300x220.jpg 300w, https:\/\/www2.memri.org\/espanol\/wp-content\/uploads\/2016\/01\/sp_2417_1-80x60.jpg 80w\" sizes=\"auto, (max-width: 457px) 100vw, 457px\" \/><\/p>\n<p>Para ver el informe completo, visite <a href=\"http:\/\/www.memrijttm.org\/content\/en\/report.htm?report=3365%C2%B6m=APT\">http:\/\/www.memrijttm.org\/content\/en\/report.htm?report=3365\u00b6m=APT<\/a>.<\/p>\n<p>Para ver este informe usted debe ser miembro del portal Proyecto de Supervisi\u00f3n a la Amenaza Terrorista y Jihad (PSATJ). Para subscribirse al PSATJ, visite <a href=\"http:\/\/subscriptions.memri.org\/content\/en\/member_registr_jttm.htm\">http:\/\/subscriptions.memri.org\/content\/en\/member_registr_jttm.htm<\/a><\/p>\n<\/div>\n","protected":false},"excerpt":{"rendered":"<p>A continuaci\u00f3n se presentan extractos de una entrevista con Mustafa Abu Al-Yazid, el comandante general de Al-Qaeda en Afganist\u00e1n, la cual fue puesta al aire en Al-Jazeera TV el 22 de junio, 2009. Para ver el segmento de video completo en MEMRI TV, visite http:\/\/www.memritv.org\/clip\/en\/2152.htm. Para ver el informe completo, visite http:\/\/www.memrijttm.org\/content\/en\/report.htm?report=3365\u00b6m=APT. Para ver este [&hellip;]<\/p>\n","protected":false},"author":1,"featured_media":15271,"comment_status":"open","ping_status":"open","sticky":false,"template":"","format":"standard","meta":{"footnotes":""},"categories":[10,6],"tags":[],"class_list":["post-3027","post","type-post","status-publish","format-standard","has-post-thumbnail","hentry","category-estudios-sobre-terrorismo-y-yihad","category-comunicados-especiales"],"_links":{"self":[{"href":"https:\/\/www2.memri.org\/espanol\/wp-json\/wp\/v2\/posts\/3027","targetHints":{"allow":["GET"]}}],"collection":[{"href":"https:\/\/www2.memri.org\/espanol\/wp-json\/wp\/v2\/posts"}],"about":[{"href":"https:\/\/www2.memri.org\/espanol\/wp-json\/wp\/v2\/types\/post"}],"author":[{"embeddable":true,"href":"https:\/\/www2.memri.org\/espanol\/wp-json\/wp\/v2\/users\/1"}],"replies":[{"embeddable":true,"href":"https:\/\/www2.memri.org\/espanol\/wp-json\/wp\/v2\/comments?post=3027"}],"version-history":[{"count":0,"href":"https:\/\/www2.memri.org\/espanol\/wp-json\/wp\/v2\/posts\/3027\/revisions"}],"wp:featuredmedia":[{"embeddable":true,"href":"https:\/\/www2.memri.org\/espanol\/wp-json\/wp\/v2\/media\/15271"}],"wp:attachment":[{"href":"https:\/\/www2.memri.org\/espanol\/wp-json\/wp\/v2\/media?parent=3027"}],"wp:term":[{"taxonomy":"category","embeddable":true,"href":"https:\/\/www2.memri.org\/espanol\/wp-json\/wp\/v2\/categories?post=3027"},{"taxonomy":"post_tag","embeddable":true,"href":"https:\/\/www2.memri.org\/espanol\/wp-json\/wp\/v2\/tags?post=3027"}],"curies":[{"name":"wp","href":"https:\/\/api.w.org\/{rel}","templated":true}]}}