{"id":30101,"date":"2017-06-20T17:36:52","date_gmt":"2017-06-20T21:36:52","guid":{"rendered":"http:\/\/www2.memri.org\/espanol\/?p=30101"},"modified":"2017-06-20T17:36:52","modified_gmt":"2017-06-20T21:36:52","slug":"pagina-oficial-en-facebook-de-fatah-uno-de-los-perpetradores-del-ataque-a-la-puerta-de-damasco-es-nuestro","status":"publish","type":"post","link":"https:\/\/www2.memri.org\/espanol\/pagina-oficial-en-facebook-de-fatah-uno-de-los-perpetradores-del-ataque-a-la-puerta-de-damasco-es-nuestro\/30101","title":{"rendered":"P\u00e1gina oficial en Facebook de Fatah: Uno de los perpetradores del ataque a la Puerta de Damasco es nuestro"},"content":{"rendered":"<p><em>Hasta ahora, la Autoridad Palestina no ha condenado el ataque del 16 de junio, 2017 en la Puerta de Damasco, en el que la oficial del departamento de la Polic\u00eda de Fronteras israel\u00ed Hadas Malka fue asesinada a pu\u00f1aladas y otros cuatro israel\u00edes resultaron heridos. Los diarios de la Autoridad Palestina se han centrado en informar sobre las medidas adoptadas por Israel contra los palestinos tras el ataque y en representar la presencia de las fuerzas de seguridad israel\u00edes en la plaza de la Mezquita Al-Aqsa como terrorismo. Cabe se\u00f1alar que no est\u00e1 claro a cuales organizaciones estaban afiliados estos atacantes. Ambos el Estado Isl\u00e1mico (EIIS) como el Frente Popular para la Liberaci\u00f3n de Palestina (FPLP) se han responsabilizado por el ataque en sus respectivos medios de comunicaci\u00f3n. Fatah, por su parte, conden\u00f3 la muerte de los tres atacantes, ignorando totalmente las circunstancias del ataque y public\u00f3 avisos de duelo por los perpetradores en sus cuentas oficiales en Facebook. Un publicado de Fatah Deir Abu Mash&#8217;al en Facebook afirma que el terrorista Osama Ahmad &#8216;Atta, pertenec\u00eda a Fatah. Similarmente, el portal oficial de Fatah public\u00f3 incluso una aclaraci\u00f3n de los familiares de &#8216;Atta, diciendo que este pertenec\u00eda a Fatah.<\/em><\/p>\n<p><em>Lo siguiente es una revisi\u00f3n de las reacciones al ataque por parte de la Autoridad Palestina y Fatah:<\/em><\/p>\n<p><strong>Destacado en el diario de la AP <em>Al-Hayat Al-Jadida<\/em>: El martirio de tres j\u00f3venes y la muerte de una soldado de la ocupaci\u00f3n<\/strong><\/p>\n<p>El d\u00eda luego del ataque, el titular en primera p\u00e1gina del diario de la AP <em>Al-Hayat Al-Jadida<\/em> ley\u00f3: \u00abEl martirio de tres j\u00f3venes y la muerte de una soldado de la ocupaci\u00f3n &#8211; Deir Abu Mash&#8217;al bajo fuerte acoso\u00bb. El sub-destacado ley\u00f3: \u00abFatah condena el crimen de la Ocupaci\u00f3n y exige protecci\u00f3n internacional para nuestro pueblo\u00bb. El informe en s\u00ed mismo declar\u00f3 que el Ministerio de Salud de la AP hab\u00eda anunciado que tres j\u00f3venes hab\u00edan sido martirizados cuando fueron asesinados a tiros por las fuerzas de Ocupaci\u00f3n en la Puerta de Damasco, Jerusal\u00e9n<a href=\"#_edn1\" name=\"_ednref1\">[1]<\/a>.<\/p>\n<p><img loading=\"lazy\" decoding=\"async\" class=\"alignnone size-full wp-image-30106\" src=\"http:\/\/www2.memri.org\/espanol\/wp-content\/uploads\/2017\/06\/SD6968-1.jpg\" width=\"1200\" height=\"668\" alt=\"\" srcset=\"https:\/\/www2.memri.org\/espanol\/wp-content\/uploads\/2017\/06\/SD6968-1.jpg 1200w, https:\/\/www2.memri.org\/espanol\/wp-content\/uploads\/2017\/06\/SD6968-1-300x167.jpg 300w, https:\/\/www2.memri.org\/espanol\/wp-content\/uploads\/2017\/06\/SD6968-1-768x428.jpg 768w, https:\/\/www2.memri.org\/espanol\/wp-content\/uploads\/2017\/06\/SD6968-1-1024x570.jpg 1024w, https:\/\/www2.memri.org\/espanol\/wp-content\/uploads\/2017\/06\/SD6968-1-600x334.jpg 600w, https:\/\/www2.memri.org\/espanol\/wp-content\/uploads\/2017\/06\/SD6968-1-696x387.jpg 696w, https:\/\/www2.memri.org\/espanol\/wp-content\/uploads\/2017\/06\/SD6968-1-1068x595.jpg 1068w, https:\/\/www2.memri.org\/espanol\/wp-content\/uploads\/2017\/06\/SD6968-1-754x420.jpg 754w\" sizes=\"auto, (max-width: 1200px) 100vw, 1200px\" \/><\/p>\n<p><em>P\u00e1gina principal de Al-Hayat Al-Jadida (AP, 17 de junio, 2017)<\/em><\/p>\n<p><strong>Fatah condena a la ocupaci\u00f3n por asesinar a los tres atacantes &#8211; sin mencionar las circunstancias<\/strong><\/p>\n<p>En un anuncio oficial, Fatah conden\u00f3 el asesinato de los atacantes, sin denotar que fueron asesinados mientras llevaban a cabo un ataque: \u00abFatah condena los actos de la ocupaci\u00f3n, que asesin\u00f3 a tres j\u00f3venes en Jerusal\u00e9n\u00bb. Fatah inst\u00f3 a la comunidad internacional a \u00abbrindar protecci\u00f3n a los palestinos desarmados\u00bb,<a href=\"#_edn2\" name=\"_ednref2\">[2]<\/a> ante las acciones israel\u00edes que, seg\u00fan dice, conducen a una escalada de la situaci\u00f3n.<\/p>\n<p>El funcionario de Fatah en Jerusal\u00e9n Ra&#8217;fat &#8216;Alian critic\u00f3 a Israel por las medidas que este tom\u00f3 luego del ataque &#8211; principalmente el endurecimiento de las restricciones en los barrios de Jerusal\u00e9n Oriental, especialmente en el \u00e1rea de la Puerta de Damasco y llor\u00f3 a los tres \u00abm\u00e1rtires\u00bb en nombre de Fatah, diciendo: \u00abEl movimiento Fatah seguir\u00e1 siendo leal a la sangre de los m\u00e1rtires, los heridos y los prisioneros en las c\u00e1rceles israel\u00edes, hasta que amanezca y un estado palestino sea establecido con Jerusal\u00e9n como su capital\u00bb.<a href=\"#_edn3\" name=\"_ednref3\">[3]<\/a><\/p>\n<p>Las notificaciones de duelo fueron publicadas en la p\u00e1gina Facebook de Fatah Deir Abu Mash&#8217;al, uno de los cuales afirm\u00f3 que el atacante Osama Ahmad &#8216;Atta es uno de sus miembros: \u00abEl movimiento Fatah en Deir Abu Mash&#8217;al en la regi\u00f3n de Ramala y Al-Birah est\u00e1 de luto, con gran orgullo, por su h\u00e9roe m\u00e1rtir Osama Ahmad &#8216;Attah&#8230; perpetrador de la heroica operaci\u00f3n en Bab Al-&#8216;Amoud [Puerta de Damasco]&#8230;\u00bb<a href=\"#_edn4\" name=\"_ednref4\">[4]<\/a><\/p>\n<p><img loading=\"lazy\" decoding=\"async\" class=\"alignnone size-full wp-image-30107\" src=\"http:\/\/www2.memri.org\/espanol\/wp-content\/uploads\/2017\/06\/SD69681-1.jpg\" width=\"374\" height=\"614\" alt=\"\" srcset=\"https:\/\/www2.memri.org\/espanol\/wp-content\/uploads\/2017\/06\/SD69681-1.jpg 374w, https:\/\/www2.memri.org\/espanol\/wp-content\/uploads\/2017\/06\/SD69681-1-183x300.jpg 183w, https:\/\/www2.memri.org\/espanol\/wp-content\/uploads\/2017\/06\/SD69681-1-256x420.jpg 256w\" sizes=\"auto, (max-width: 374px) 100vw, 374px\" \/><\/p>\n<p><em>Notificaci\u00f3n de aviso de duelo en la p\u00e1gina Facebook de Fatah Deir Abu Mash&#8217;al (Facebook.com\/12407401792744831, 17 de junio, 2017)<\/em><\/p>\n<p>Otro publicado en la p\u00e1gina era una notificaci\u00f3n de luto por los tres atacantes:<\/p>\n<p><img loading=\"lazy\" decoding=\"async\" class=\"alignnone size-full wp-image-30108\" src=\"http:\/\/www2.memri.org\/espanol\/wp-content\/uploads\/2017\/06\/SD69682-1.jpg\" width=\"500\" height=\"492\" alt=\"\" srcset=\"https:\/\/www2.memri.org\/espanol\/wp-content\/uploads\/2017\/06\/SD69682-1.jpg 500w, https:\/\/www2.memri.org\/espanol\/wp-content\/uploads\/2017\/06\/SD69682-1-300x295.jpg 300w, https:\/\/www2.memri.org\/espanol\/wp-content\/uploads\/2017\/06\/SD69682-1-427x420.jpg 427w, https:\/\/www2.memri.org\/espanol\/wp-content\/uploads\/2017\/06\/SD69682-1-32x32.jpg 32w, https:\/\/www2.memri.org\/espanol\/wp-content\/uploads\/2017\/06\/SD69682-1-50x50.jpg 50w, https:\/\/www2.memri.org\/espanol\/wp-content\/uploads\/2017\/06\/SD69682-1-64x64.jpg 64w\" sizes=\"auto, (max-width: 500px) 100vw, 500px\" \/><\/p>\n<p><em>Publicado de una notificaci\u00f3n de duelo por los tres atacantes (Facebook.com\/12407401792744831, 17 de junio, 2017)<\/em><\/p>\n<p><strong>Aclaraci\u00f3n en la p\u00e1gina Facebook de Fatah: Uno de los atacantes es miembro de Fatah<\/strong><\/p>\n<p>Adem\u00e1s, la p\u00e1gina Facebook de Fatah public\u00f3 un aviso de los familiares de Osama &#8216;Atta diciendo que aunque la familia honr\u00f3 a todas las delegaciones que vinieron a rendirle homenaje luego del asesinato de &#8216;Atta, incluyendo a representantes de la FPLP quienes afirmaron que este fue uno de los miembros de ese grupo, \u00ables informamos que nuestro hijo m\u00e1rtir Osama es miembro de Fatah\u00bb.<a href=\"#_edn5\" name=\"_ednref5\">[5]<\/a><\/p>\n<p><img loading=\"lazy\" decoding=\"async\" class=\"alignnone size-full wp-image-30109\" src=\"http:\/\/www2.memri.org\/espanol\/wp-content\/uploads\/2017\/06\/SD69683-1.jpg\" width=\"763\" height=\"796\" alt=\"\" srcset=\"https:\/\/www2.memri.org\/espanol\/wp-content\/uploads\/2017\/06\/SD69683-1.jpg 763w, https:\/\/www2.memri.org\/espanol\/wp-content\/uploads\/2017\/06\/SD69683-1-288x300.jpg 288w, https:\/\/www2.memri.org\/espanol\/wp-content\/uploads\/2017\/06\/SD69683-1-600x626.jpg 600w, https:\/\/www2.memri.org\/espanol\/wp-content\/uploads\/2017\/06\/SD69683-1-696x726.jpg 696w, https:\/\/www2.memri.org\/espanol\/wp-content\/uploads\/2017\/06\/SD69683-1-403x420.jpg 403w, https:\/\/www2.memri.org\/espanol\/wp-content\/uploads\/2017\/06\/SD69683-1-32x32.jpg 32w\" sizes=\"auto, (max-width: 763px) 100vw, 763px\" \/><\/p>\n<p><em>El anuncio en la p\u00e1gina Facebook de Fatah. (Facebook.com\/officialfateh1965, 19 de junio, 2017)<\/em><\/p>\n<p><strong>Columnista palestino: Los atacantes no eran agentes del EIIS<\/strong><\/p>\n<p>El columnista de <em>Al-Hayat Al-Jadida<\/em> Omar Al-Ghoul, ex-asesor del anterior Primer Ministro de la AP Salam Fayyad, afirm\u00f3 que \u00abel EIIS no ten\u00eda conexi\u00f3n alguna a las dos operaciones de apu\u00f1alamiento en Jerusal\u00e9n\u00bb. Este a\u00f1adi\u00f3 que el nombre del EIIS hab\u00eda sido insinuado en la descripci\u00f3n del ataque, pero que s\u00f3lo Israel ten\u00eda inter\u00e9s en atribuirle el ataque al EIIS para incitar a la opini\u00f3n p\u00fablica en el mundo y particularmente en los Estados Unidos, en contra de la AP, en ordenar \u00abprobar que no existe seguridad en su suelo y que si Israel se retira del territorio del estado palestino este se convertir\u00e1 en una base para los grupos yihadistas <em>takfiri<\/em>\u00ab.<a href=\"#_edn6\" name=\"_ednref6\">[6]<\/a><\/p>\n<p>En este contexto, el miembro del bur\u00f3 pol\u00edtico de Hamas &#8216;Izzat Al-Rishq neg\u00f3 que existiese alguna conexi\u00f3n entre los atacantes y el EIIS y aclar\u00f3 que dos de los atacantes pertenec\u00edan anteriormente al FPLP y uno a Hamas. Es la ocupaci\u00f3n, escribi\u00f3, que est\u00e1 detr\u00e1s de la vinculaci\u00f3n del EIIS con el ataque &#8211; y el ataque fue llevado a cabo bajo la iniciativa de unos cuantos individuos y en reacci\u00f3n a los cr\u00edmenes de la Ocupaci\u00f3n y el profanar a Al-Aqsa.<a href=\"#_edn7\" name=\"_ednref7\">[7]<\/a><\/p>\n<p><a href=\"#_ednref1\" name=\"_edn1\">[1]<\/a> <em>Al-Hayat Al-Jadida<\/em> (AP), 17 de junio, 2017.<\/p>\n<p><a href=\"#_ednref2\" name=\"_edn2\">[2]<\/a> Wafa.ps, 16 de junio, 2017.<\/p>\n<p><a href=\"#_ednref3\" name=\"_edn3\">[3]<\/a> Amad.ps, 18 de junio, 2017.<\/p>\n<p><a href=\"#_ednref4\" name=\"_edn4\">[4]<\/a> Facebook.com\/1240740179274483, 17 de junio, 2017.<\/p>\n<p><a href=\"#_ednref5\" name=\"_edn5\">[5]<\/a> Facebook.com\/officialfateh1965, 19 de junio, 2017.<\/p>\n<p><a href=\"#_ednref6\" name=\"_edn6\">[6]<\/a> <em>Al-Hayat AL-Jadida<\/em> (AP), 19 de junio, 2017.<\/p>\n<p><a href=\"#_ednref7\" name=\"_edn7\">[7]<\/a> Palinfo.com, 17 de junio, 2017.<\/p>\n","protected":false},"excerpt":{"rendered":"<p>Hasta ahora, la Autoridad Palestina no ha condenado el ataque del 16 de junio, 2017 en la Puerta de Damasco, en el que la oficial del departamento de la Polic\u00eda de Fronteras israel\u00ed Hadas Malka fue asesinada a pu\u00f1aladas y otros cuatro israel\u00edes resultaron heridos. Los diarios de la Autoridad Palestina se han centrado en [&hellip;]<\/p>\n","protected":false},"author":1,"featured_media":0,"comment_status":"open","ping_status":"open","sticky":false,"template":"","format":"standard","meta":{"footnotes":""},"categories":[32,4,2],"tags":[],"class_list":["post-30101","post","type-post","status-publish","format-standard","hentry","category-reportes-diarios","category-archivos","category-featured"],"_links":{"self":[{"href":"https:\/\/www2.memri.org\/espanol\/wp-json\/wp\/v2\/posts\/30101","targetHints":{"allow":["GET"]}}],"collection":[{"href":"https:\/\/www2.memri.org\/espanol\/wp-json\/wp\/v2\/posts"}],"about":[{"href":"https:\/\/www2.memri.org\/espanol\/wp-json\/wp\/v2\/types\/post"}],"author":[{"embeddable":true,"href":"https:\/\/www2.memri.org\/espanol\/wp-json\/wp\/v2\/users\/1"}],"replies":[{"embeddable":true,"href":"https:\/\/www2.memri.org\/espanol\/wp-json\/wp\/v2\/comments?post=30101"}],"version-history":[{"count":0,"href":"https:\/\/www2.memri.org\/espanol\/wp-json\/wp\/v2\/posts\/30101\/revisions"}],"wp:attachment":[{"href":"https:\/\/www2.memri.org\/espanol\/wp-json\/wp\/v2\/media?parent=30101"}],"wp:term":[{"taxonomy":"category","embeddable":true,"href":"https:\/\/www2.memri.org\/espanol\/wp-json\/wp\/v2\/categories?post=30101"},{"taxonomy":"post_tag","embeddable":true,"href":"https:\/\/www2.memri.org\/espanol\/wp-json\/wp\/v2\/tags?post=30101"}],"curies":[{"name":"wp","href":"https:\/\/api.w.org\/{rel}","templated":true}]}}