{"id":2995,"date":"2009-06-09T00:00:00","date_gmt":"2009-06-09T00:00:00","guid":{"rendered":"http:\/\/www2.memri.org\/espanol\/2009\/06\/09\/diario-en-internet-de-al-qaeda-ataques-a-turistas-en-los-paises-islamicos-son-legitimos\/"},"modified":"2009-06-09T00:00:00","modified_gmt":"2009-06-09T00:00:00","slug":"diario-en-internet-de-al-qaeda-ataques-a-turistas-en-los-paises-islamicos-son-legitimos","status":"publish","type":"post","link":"https:\/\/www2.memri.org\/espanol\/diario-en-internet-de-al-qaeda-ataques-a-turistas-en-los-paises-islamicos-son-legitimos\/2995","title":{"rendered":"Diario en Internet de Al-Qaeda: Ataques a turistas en los pa\u00edses isl\u00e1micos son leg\u00edtimos"},"content":{"rendered":"<div class=\"bodytext c1\">\n<p><em>En un art\u00edculo publicado en la novena edici\u00f3n del diario en Internet Sada Al-Malahim, el vocero de Al-Qaeda en<\/em> <em>la Pen\u00ednsula Ar\u00e1biga<\/em> <em>(AQPA), Jeque Abu &#8216;Omar Al-Farouq endosa los ataques a turistas extranjeros en los pa\u00edses isl\u00e1micos sobre bases religiosas.<\/em><\/p>\n<p>Para ver el informe completo, visite <a href=\"http:\/\/www.memrijttm.org\/content\/en\/report.htm?report=3339%C2%B6m=GJN\">http:\/\/www.memrijttm.org\/content\/en\/report.htm?report=3339\u00b6m=GJN<\/a>.<\/p>\n<p>Para ver este informe usted debe ser miembro del portal Proyecto de Supervisi\u00f3n a la Amenaza Terrorista y Jihad (PSATJ). Para subscribirse al PSATJ, visite <a href=\"http:\/\/subscriptions.memri.org\/content\/en\/member_registr_jttm.htm\">http:\/\/subscriptions.memri.org\/content\/en\/member_registr_jttm.htm<\/a>.<\/p>\n<\/div>\n","protected":false},"excerpt":{"rendered":"<p>En un art\u00edculo publicado en la novena edici\u00f3n del diario en Internet Sada Al-Malahim, el vocero de Al-Qaeda en la Pen\u00ednsula Ar\u00e1biga (AQPA), Jeque Abu &#8216;Omar Al-Farouq endosa los ataques a turistas extranjeros en los pa\u00edses isl\u00e1micos sobre bases religiosas. Para ver el informe completo, visite http:\/\/www.memrijttm.org\/content\/en\/report.htm?report=3339\u00b6m=GJN. Para ver este informe usted debe ser miembro [&hellip;]<\/p>\n","protected":false},"author":1,"featured_media":0,"comment_status":"open","ping_status":"open","sticky":false,"template":"","format":"standard","meta":{"footnotes":""},"categories":[10,6],"tags":[],"class_list":["post-2995","post","type-post","status-publish","format-standard","hentry","category-estudios-sobre-terrorismo-y-yihad","category-comunicados-especiales"],"_links":{"self":[{"href":"https:\/\/www2.memri.org\/espanol\/wp-json\/wp\/v2\/posts\/2995","targetHints":{"allow":["GET"]}}],"collection":[{"href":"https:\/\/www2.memri.org\/espanol\/wp-json\/wp\/v2\/posts"}],"about":[{"href":"https:\/\/www2.memri.org\/espanol\/wp-json\/wp\/v2\/types\/post"}],"author":[{"embeddable":true,"href":"https:\/\/www2.memri.org\/espanol\/wp-json\/wp\/v2\/users\/1"}],"replies":[{"embeddable":true,"href":"https:\/\/www2.memri.org\/espanol\/wp-json\/wp\/v2\/comments?post=2995"}],"version-history":[{"count":0,"href":"https:\/\/www2.memri.org\/espanol\/wp-json\/wp\/v2\/posts\/2995\/revisions"}],"wp:attachment":[{"href":"https:\/\/www2.memri.org\/espanol\/wp-json\/wp\/v2\/media?parent=2995"}],"wp:term":[{"taxonomy":"category","embeddable":true,"href":"https:\/\/www2.memri.org\/espanol\/wp-json\/wp\/v2\/categories?post=2995"},{"taxonomy":"post_tag","embeddable":true,"href":"https:\/\/www2.memri.org\/espanol\/wp-json\/wp\/v2\/tags?post=2995"}],"curies":[{"name":"wp","href":"https:\/\/api.w.org\/{rel}","templated":true}]}}