{"id":2982,"date":"2009-06-02T00:00:00","date_gmt":"2009-06-02T00:00:00","guid":{"rendered":"http:\/\/www2.memri.org\/espanol\/2009\/06\/02\/politico-chiita-libanes-ahmad-al-assad-critica-al-regimen-irani-su-trayectoria-es-inaceptable\/"},"modified":"2009-06-02T00:00:00","modified_gmt":"2009-06-02T00:00:00","slug":"politico-chiita-libanes-ahmad-al-assad-critica-al-regimen-irani-su-trayectoria-es-inaceptable","status":"publish","type":"post","link":"https:\/\/www2.memri.org\/espanol\/politico-chiita-libanes-ahmad-al-assad-critica-al-regimen-irani-su-trayectoria-es-inaceptable\/2982","title":{"rendered":"Pol\u00edtico chi\u00edta liban\u00e9s Ahmad Al-Assad critica al r\u00e9gimen iran\u00ed: Su trayectoria es inaceptable"},"content":{"rendered":"<div class=\"bodytext c1\">\n<p><em>A continuaci\u00f3n se presentan extractos de una entrevista con el candidato parlamentario chi\u00edta liban\u00e9s Ahmad Al-Assad, la cual fue presentada en el canal de noticias Future TV el 21 de abril, 2009:<\/em><\/p>\n<p><em>Para ver este segmento de video en MEMRI TV, visite <a href=\"http:\/\/www.memritv.org\/clip\/en\/2126.htm\">http:\/\/www.memritv.org\/clip\/en\/2126.htm<\/a>.<\/em><\/p>\n<p><strong>\u00abEl r\u00e9gimen iran\u00ed quiere establecer un imperio en la regi\u00f3n\u00bb<\/strong><\/p>\n<p><strong>Ahmad Al-Assad<\/strong>: \u00abNosotros, los chi\u00edtas, nos remontamos a ciento de a\u00f1os. Somos gente civilizada, ilustrada y secular que act\u00faa rec\u00edprocamente con otras civilizaciones de una forma altamente positiva. Desgraciadamente, desde que el r\u00e9gimen iran\u00ed de Khomeini lleg\u00f3 al poder, ha ocurrido la mayor transformaci\u00f3n respecto a la historia chi\u00edta y tradici\u00f3n, del cual estoy orgulloso de ser parte. Por consiguiente, gente como yo est\u00e1 intentando regresar la chiizaci\u00f3n a su curso natural. [&#8230;]<\/p>\n<p>\u00abHoy, no soy [s\u00f3lo] yo qui\u00e9n est\u00e1 en peligro. Incluso los hermanos del Hizbullah admiten que creen en las relaciones integrales con el r\u00e9gimen iran\u00ed, y por consiguiente, est\u00e1n listos para llevar a cabo cualquier orden que provenga del r\u00e9gimen iran\u00ed. El r\u00e9gimen iran\u00ed quiere establecer un imperio en la regi\u00f3n, y expandir su influencia.<\/p>\n<p>\u00abYo no tengo ning\u00fan problema con cualquiera que tenga ambiciones. Usted tiene ambiciones tambi\u00e9n, y eso es natural. Cada persona deber\u00eda tener ambiciones. Lo que es importante es que esta persona cumpla sus ambiciones con sus propias capacidades.<\/p>\n<p>\u00abEn el mundo moderno de hoy &#8211; a pesar de Norteam\u00e9rica y el mundo entero &#8211; es China la que est\u00e1 compitiendo con Norteam\u00e9rica. \u00bfPor qu\u00e9? Porque durante los \u00faltimos 50 a\u00f1os ellos han estado trabajando para construir su econom\u00eda, su ciencia, su tecnolog\u00eda y sus medios de comunicaci\u00f3n. Esto les ha permitido gradualmente competir con la superpotencia de hoy, los Estados Unidos\u00bb.<\/p>\n<p><strong>Ir\u00e1n no deber\u00eda consolidar su estatus&#8230; asoci\u00e1ndose con partidos en el L\u00edbano, Palestina, y en otras partes, us\u00e1ndolos&#8230; [con el prop\u00f3sito de] presionar a la comunidad internacional &#8211; esta trayectoria es inaceptable\u00bb<\/strong><\/p>\n<p>\u00ab\u00c9sta es la manera en que Ir\u00e1n deber\u00eda consolidar su estatus &#8211; no asoci\u00e1ndose a si mismo con partidos en el L\u00edbano, Palestina y en otras partes, us\u00e1ndolos con el fin de crear obst\u00e1culos y presionar a la comunidad internacional. Este camino es inaceptable.<\/p>\n<p>\u00abEl r\u00e9gimen iran\u00ed no tiene inter\u00e9s en que el L\u00edbano se convierta en un estado en el sentido pleno de la palabra, porque en tal caso, Ir\u00e1n no podr\u00eda usar al L\u00edbano para presionar a la comunidad internacional.<\/p>\n<p>\u00ab\u00c9ste es mi problema con los hermanos en el Hizbullah &#8211; la agenda que ellos est\u00e1n siguiendo no es del inter\u00e9s en construir el estado liban\u00e9s. El inter\u00e9s de los chi\u00edtas en el L\u00edbano es el mismo que el de todos los libaneses &#8211; construir al estado liban\u00e9s. No importa cu\u00e1nto dinero venga de Ir\u00e1n, este le sirve un grupo muy peque\u00f1o de chi\u00edtas en el L\u00edbano, mientras la mayor\u00eda no se beneficia de este. Al contrario, siguen retrocediendo. [&#8230;]<\/p>\n<p>\u00abDespu\u00e9s del 2000, debimos haber trabajado duro para construir el estado liban\u00e9s. La verdadera lucha en el mundo de hoy no es dirigida con armas, sino con econom\u00eda, ciencia, tecnolog\u00eda, universidades y medios de comunicaci\u00f3n. \u00c9sta es la lucha en que nosotros, ambos libaneses y \u00e1rabes, necesitamos aventajar y derrotar a los israel\u00edes, para que realmente podamos decir que los hemos superado. Con Katyushas y similares, no lograremos nada\u00bb.<\/p>\n<\/div>\n","protected":false},"excerpt":{"rendered":"<p>A continuaci\u00f3n se presentan extractos de una entrevista con el candidato parlamentario chi\u00edta liban\u00e9s Ahmad Al-Assad, la cual fue presentada en el canal de noticias Future TV el 21 de abril, 2009: Para ver este segmento de video en MEMRI TV, visite http:\/\/www.memritv.org\/clip\/en\/2126.htm. \u00abEl r\u00e9gimen iran\u00ed quiere establecer un imperio en la regi\u00f3n\u00bb Ahmad Al-Assad: [&hellip;]<\/p>\n","protected":false},"author":1,"featured_media":0,"comment_status":"open","ping_status":"open","sticky":false,"template":"","format":"standard","meta":{"footnotes":""},"categories":[6,20,26,27],"tags":[],"class_list":["post-2982","post","type-post","status-publish","format-standard","hentry","category-comunicados-especiales","category-iran","category-siria","category-libano"],"_links":{"self":[{"href":"https:\/\/www2.memri.org\/espanol\/wp-json\/wp\/v2\/posts\/2982","targetHints":{"allow":["GET"]}}],"collection":[{"href":"https:\/\/www2.memri.org\/espanol\/wp-json\/wp\/v2\/posts"}],"about":[{"href":"https:\/\/www2.memri.org\/espanol\/wp-json\/wp\/v2\/types\/post"}],"author":[{"embeddable":true,"href":"https:\/\/www2.memri.org\/espanol\/wp-json\/wp\/v2\/users\/1"}],"replies":[{"embeddable":true,"href":"https:\/\/www2.memri.org\/espanol\/wp-json\/wp\/v2\/comments?post=2982"}],"version-history":[{"count":0,"href":"https:\/\/www2.memri.org\/espanol\/wp-json\/wp\/v2\/posts\/2982\/revisions"}],"wp:attachment":[{"href":"https:\/\/www2.memri.org\/espanol\/wp-json\/wp\/v2\/media?parent=2982"}],"wp:term":[{"taxonomy":"category","embeddable":true,"href":"https:\/\/www2.memri.org\/espanol\/wp-json\/wp\/v2\/categories?post=2982"},{"taxonomy":"post_tag","embeddable":true,"href":"https:\/\/www2.memri.org\/espanol\/wp-json\/wp\/v2\/tags?post=2982"}],"curies":[{"name":"wp","href":"https:\/\/api.w.org\/{rel}","templated":true}]}}