{"id":2966,"date":"2009-06-01T00:00:00","date_gmt":"2009-06-01T00:00:00","guid":{"rendered":"http:\/\/www2.memri.org\/espanol\/2009\/06\/01\/omar-al-baghdadi-los-informes-de-mi-arresto-son-un-chiste-tonto-la-guerra-del-bando-cruzado-esta-siendo-liderada-actualmente-por-obama-un-esclavo-negro-y-apostata-del-islam\/"},"modified":"2016-01-14T15:53:18","modified_gmt":"2016-01-14T15:53:18","slug":"omar-al-baghdadi-los-informes-de-mi-arresto-son-un-chiste-tonto-la-guerra-del-bando-cruzado-esta-siendo-liderada-actualmente-por-obama-un-esclavo-negro-y-apostata-del-islam","status":"publish","type":"post","link":"https:\/\/www2.memri.org\/espanol\/omar-al-baghdadi-los-informes-de-mi-arresto-son-un-chiste-tonto-la-guerra-del-bando-cruzado-esta-siendo-liderada-actualmente-por-obama-un-esclavo-negro-y-apostata-del-islam\/2966","title":{"rendered":"&#8216;Omar Al-Baghdadi: Los informes de mi arresto son &#8216;un chiste tonto&#8217;; &#8216;La guerra del bando cruzado est\u00e1 siendo liderada actualmente por [Obama], un esclavo negro [y] ap\u00f3stata del Islam&#8217;"},"content":{"rendered":"<div class=\"bodytext c2\">\n<p class=\"c1\"><em><img loading=\"lazy\" decoding=\"async\" class=\"alignnone size-full wp-image-15305\" src=\"http:\/\/www2.memri.org\/espanol\/wp-content\/uploads\/2016\/01\/sp_2378_1.jpg\" width=\"561\" height=\"112\" srcset=\"https:\/\/www2.memri.org\/espanol\/wp-content\/uploads\/2016\/01\/sp_2378_1.jpg 561w, https:\/\/www2.memri.org\/espanol\/wp-content\/uploads\/2016\/01\/sp_2378_1-300x60.jpg 300w\" sizes=\"auto, (max-width: 561px) 100vw, 561px\" \/><\/em><\/p>\n<p><em>En una nueva grabaci\u00f3n de audio, el comandante del Estado isl\u00e1mico de Irak &#8216;Omar Al-Baghdadi contin\u00faa negando informes de su arresto, y se dirige a varios otros temas, incluyendo la visita del Papa Benedicto XVI al Medio Oriente y el supuesto complot de Israel para \u00abdestruir la mezquita Al-Aqsa y el Domo de la Roca\u00bb en Jerusal\u00e9n, y niega denuncias respecto a los lazos entre Al-Qaeda y el partido del B&#8217;ath iraqu\u00ed y el Partido Isl\u00e1mico. Tambi\u00e9n llama en los soldados del ej\u00e9rcito paquistan\u00ed a no combatir a sus hermanos musulmanes en la provincia de Swat y en Waziristan.<\/em><\/p>\n<p>Para ver el informe completo, visite <a href=\"http:\/\/www.memrijttm.org\/content\/en\/report.htm?report=3310&amp;param=GJN\">http:\/\/www.memrijttm.org\/content\/en\/report.htm?report=3310&amp;param=GJN<\/a>.<\/p>\n<p>Para ver este informe usted debe ser miembro del portal Proyecto de Supervisi\u00f3n a la Amenaza Terrorista y Jihad (PSATJ). Para subscribirse al PSATJ, visite <a href=\"http:\/\/subscriptions.memri.org\/content\/en\/member_registr_jttm.htm\">http:\/\/subscriptions.memri.org\/content\/en\/member_registr_jttm.htm<\/a>.<\/p>\n<\/div>\n","protected":false},"excerpt":{"rendered":"<p>En una nueva grabaci\u00f3n de audio, el comandante del Estado isl\u00e1mico de Irak &#8216;Omar Al-Baghdadi contin\u00faa negando informes de su arresto, y se dirige a varios otros temas, incluyendo la visita del Papa Benedicto XVI al Medio Oriente y el supuesto complot de Israel para \u00abdestruir la mezquita Al-Aqsa y el Domo de la Roca\u00bb [&hellip;]<\/p>\n","protected":false},"author":1,"featured_media":15305,"comment_status":"open","ping_status":"open","sticky":false,"template":"","format":"standard","meta":{"footnotes":""},"categories":[10,6],"tags":[],"class_list":["post-2966","post","type-post","status-publish","format-standard","has-post-thumbnail","hentry","category-estudios-sobre-terrorismo-y-yihad","category-comunicados-especiales"],"_links":{"self":[{"href":"https:\/\/www2.memri.org\/espanol\/wp-json\/wp\/v2\/posts\/2966","targetHints":{"allow":["GET"]}}],"collection":[{"href":"https:\/\/www2.memri.org\/espanol\/wp-json\/wp\/v2\/posts"}],"about":[{"href":"https:\/\/www2.memri.org\/espanol\/wp-json\/wp\/v2\/types\/post"}],"author":[{"embeddable":true,"href":"https:\/\/www2.memri.org\/espanol\/wp-json\/wp\/v2\/users\/1"}],"replies":[{"embeddable":true,"href":"https:\/\/www2.memri.org\/espanol\/wp-json\/wp\/v2\/comments?post=2966"}],"version-history":[{"count":0,"href":"https:\/\/www2.memri.org\/espanol\/wp-json\/wp\/v2\/posts\/2966\/revisions"}],"wp:featuredmedia":[{"embeddable":true,"href":"https:\/\/www2.memri.org\/espanol\/wp-json\/wp\/v2\/media\/15305"}],"wp:attachment":[{"href":"https:\/\/www2.memri.org\/espanol\/wp-json\/wp\/v2\/media?parent=2966"}],"wp:term":[{"taxonomy":"category","embeddable":true,"href":"https:\/\/www2.memri.org\/espanol\/wp-json\/wp\/v2\/categories?post=2966"},{"taxonomy":"post_tag","embeddable":true,"href":"https:\/\/www2.memri.org\/espanol\/wp-json\/wp\/v2\/tags?post=2966"}],"curies":[{"name":"wp","href":"https:\/\/api.w.org\/{rel}","templated":true}]}}