{"id":2944,"date":"2009-05-10T00:00:00","date_gmt":"2009-05-10T00:00:00","guid":{"rendered":"http:\/\/www2.memri.org\/espanol\/2009\/05\/10\/el-presidente-irani-ahmadinejad-y-el-jefe-del-programa-nuclear-aghazadeh-dan-detalles-del-plan-nuclear\/"},"modified":"2009-05-10T00:00:00","modified_gmt":"2009-05-10T00:00:00","slug":"el-presidente-irani-ahmadinejad-y-el-jefe-del-programa-nuclear-aghazadeh-dan-detalles-del-plan-nuclear","status":"publish","type":"post","link":"https:\/\/www2.memri.org\/espanol\/el-presidente-irani-ahmadinejad-y-el-jefe-del-programa-nuclear-aghazadeh-dan-detalles-del-plan-nuclear\/2944","title":{"rendered":"El Presidente iran\u00ed Ahmadinejad y el jefe del programa nuclear Aghazadeh dan detalles del plan nuclear"},"content":{"rendered":"<div class=\"bodytext c1\"><!--Document Body --><\/p>\n<div class=\"bodytext c1\">\n<p><em>A continuaci\u00f3n se presentan extractos de un programa de televisi\u00f3n en celebraci\u00f3n del D\u00eda Nacional de<\/em> <em>la Tecnolog\u00eda Nuclear<\/em> <em>en Ir\u00e1n el cual fue puesto al aire en el Canal 2 de la televisi\u00f3n iran\u00ed, el 9 de abril, 2009.<\/em><\/p>\n<p><em>Para ver este segmento de video, visite <a href=\"http:\/\/www.memritv.org\/clip\/en\/2082.htm\">http:\/\/www.memritv.org\/clip\/en\/2082.htm<\/a>.<\/em><\/p>\n<p><strong>Gholam-Reza Aghazadeh, encabezado de<\/strong> <strong>la Organizaci\u00f3n<\/strong> <strong>de Energ\u00eda At\u00f3mica de Ir\u00e1n<\/strong>: \u00abEl primer paso en el proceso de completar el ciclo de combustible nuclear es el descubrimiento y extracci\u00f3n del mineral de uranio. Una planificaci\u00f3n apropiada ha sido llevada a cabo en este campo. La primera fase de producci\u00f3n del pastel amarillo ha comenzado en la regi\u00f3n de Bandar Abbas, y con la gracia de Dios, seg\u00fan el plan quinquenal, la producci\u00f3n comenzar\u00e1 tambi\u00e9n en la regi\u00f3n de Saghand en Yazd.<\/p>\n<p>[&#8230;]<\/p>\n<p>\u00abLa segunda fase es la conversi\u00f3n del pastel amarillo en varios productos. Este proyecto tiene lugar dentro del esquema de trabajo de las actividades en las instalaciones de conversi\u00f3n de uranio &#8211; el UCF &#8211; en Esfahan. En la actualidad, este complejo contin\u00faa su actividad, con una capacidad de 280 toneladas de UF6, 11 toneladas de \u00f3xido de uranio, y 10 toneladas de uranio met\u00e1lico. Con la gracia de Dios, seg\u00fan el plan quinquenal, esta capacidad alcanzar\u00e1 cerca de 1,000 toneladas.<\/p>\n<p>La tercera fase del proyecto es el enriquecimiento de uranio. Este enorme y complejo proyecto ha sido fruct\u00edfero en la regi\u00f3n de Natanz. Ahora, se han instalado aproximadamente 7,000 centr\u00edfugas, y en el curso del plan quinquenal, esta cifra llegar\u00e1 a 50,000. Perm\u00edtanme usar esta ocasi\u00f3n para informarles de este importante mensaje: Los investigadores de la Organizaci\u00f3n de Energ\u00eda At\u00f3mica de Ir\u00e1n han entrado en una nueva fase de obtener el conocimiento t\u00e9cnico respecto al enriquecimiento de uranio.<\/p>\n<p>[&#8230;]<\/p>\n<p>\u00abHemos tenido \u00e9xito en manufacturar centr\u00edfugas industriales con un SW [unidades de trabajo separadas] de cinco o seis\u00bb.<\/p>\n<p>[&#8230;]<\/p>\n<p><strong>Presidente iran\u00ed Mahmoud Ahmadinejad<\/strong>: \u00abHoy, 9 de abril, es el D\u00eda Nacional de la Tecnolog\u00eda Nuclear. Nosotros estamos dando testimonio de dos logros importantes en la industria nuclear de nuestro pa\u00eds. El primer logro es empaquetar el combustible, y su preparaci\u00f3n para su inserci\u00f3n en los reactores y para la producci\u00f3n de energ\u00eda. El segundo logro es la comprobaci\u00f3n de dos nuevos tipos de centr\u00edfugas, con una capacidad que excede mucho m\u00e1s a la de las centr\u00edfugas existentes\u00bb.<\/p>\n<\/div>\n<\/div>\n","protected":false},"excerpt":{"rendered":"<p>A continuaci\u00f3n se presentan extractos de un programa de televisi\u00f3n en celebraci\u00f3n del D\u00eda Nacional de la Tecnolog\u00eda Nuclear en Ir\u00e1n el cual fue puesto al aire en el Canal 2 de la televisi\u00f3n iran\u00ed, el 9 de abril, 2009. Para ver este segmento de video, visite http:\/\/www.memritv.org\/clip\/en\/2082.htm. Gholam-Reza Aghazadeh, encabezado de la Organizaci\u00f3n de [&hellip;]<\/p>\n","protected":false},"author":1,"featured_media":0,"comment_status":"open","ping_status":"open","sticky":false,"template":"","format":"standard","meta":{"footnotes":""},"categories":[6,20],"tags":[],"class_list":["post-2944","post","type-post","status-publish","format-standard","hentry","category-comunicados-especiales","category-iran"],"_links":{"self":[{"href":"https:\/\/www2.memri.org\/espanol\/wp-json\/wp\/v2\/posts\/2944","targetHints":{"allow":["GET"]}}],"collection":[{"href":"https:\/\/www2.memri.org\/espanol\/wp-json\/wp\/v2\/posts"}],"about":[{"href":"https:\/\/www2.memri.org\/espanol\/wp-json\/wp\/v2\/types\/post"}],"author":[{"embeddable":true,"href":"https:\/\/www2.memri.org\/espanol\/wp-json\/wp\/v2\/users\/1"}],"replies":[{"embeddable":true,"href":"https:\/\/www2.memri.org\/espanol\/wp-json\/wp\/v2\/comments?post=2944"}],"version-history":[{"count":0,"href":"https:\/\/www2.memri.org\/espanol\/wp-json\/wp\/v2\/posts\/2944\/revisions"}],"wp:attachment":[{"href":"https:\/\/www2.memri.org\/espanol\/wp-json\/wp\/v2\/media?parent=2944"}],"wp:term":[{"taxonomy":"category","embeddable":true,"href":"https:\/\/www2.memri.org\/espanol\/wp-json\/wp\/v2\/categories?post=2944"},{"taxonomy":"post_tag","embeddable":true,"href":"https:\/\/www2.memri.org\/espanol\/wp-json\/wp\/v2\/tags?post=2944"}],"curies":[{"name":"wp","href":"https:\/\/api.w.org\/{rel}","templated":true}]}}