{"id":2933,"date":"2009-05-11T00:00:00","date_gmt":"2009-05-11T00:00:00","guid":{"rendered":"http:\/\/www2.memri.org\/espanol\/2009\/05\/11\/comandante-jihadista-turco-ebuzer-en-afganistan-los-musulmanes-deberian-unirse-al-jihad\/"},"modified":"2009-05-11T00:00:00","modified_gmt":"2009-05-11T00:00:00","slug":"comandante-jihadista-turco-ebuzer-en-afganistan-los-musulmanes-deberian-unirse-al-jihad","status":"publish","type":"post","link":"https:\/\/www2.memri.org\/espanol\/comandante-jihadista-turco-ebuzer-en-afganistan-los-musulmanes-deberian-unirse-al-jihad\/2933","title":{"rendered":"Comandante jihadista turco Ebuzer en Afganist\u00e1n: Los musulmanes deber\u00edan unirse al jihad"},"content":{"rendered":"<div class=\"bodytext c1\">\n<p><em>El 28 de abril del 2009, el portal jihadi turco Cihaderi.net public\u00f3 una entrevista con el Comandante jihadista turco Ebuzer, quien luch\u00f3 en Chechenia durante 15 a\u00f1os. El Comandante Ebuzer, quien recientemente se uni\u00f3 al jihad en Afganist\u00e1n discute sus experiencias y la necesidad del jihad.<\/em><\/p>\n<p>Para ver el informe completo, visite <a href=\"http:\/\/www.memrijttm.org\/content\/en\/report.htm?report=3283%C2%B6m=GJN\">http:\/\/www.memrijttm.org\/content\/en\/report.htm?report=3283\u00b6m=GJN<\/a>.<\/p>\n<p>Para ver este informe usted debe ser miembro del portal Proyecto de Supervisi\u00f3n a la Amenaza Terrorista y Jihad (PSATJ). Para subscribirse al PSATJ, visite <a href=\"http:\/\/subscriptions.memri.org\/content\/en\/member_registr_jttm.htm\">http:\/\/subscriptions.memri.org\/content\/en\/member_registr_jttm.htm<\/a>.<\/p>\n<\/div>\n","protected":false},"excerpt":{"rendered":"<p>El 28 de abril del 2009, el portal jihadi turco Cihaderi.net public\u00f3 una entrevista con el Comandante jihadista turco Ebuzer, quien luch\u00f3 en Chechenia durante 15 a\u00f1os. El Comandante Ebuzer, quien recientemente se uni\u00f3 al jihad en Afganist\u00e1n discute sus experiencias y la necesidad del jihad. Para ver el informe completo, visite http:\/\/www.memrijttm.org\/content\/en\/report.htm?report=3283\u00b6m=GJN. Para ver [&hellip;]<\/p>\n","protected":false},"author":1,"featured_media":0,"comment_status":"open","ping_status":"open","sticky":false,"template":"","format":"standard","meta":{"footnotes":""},"categories":[10,6],"tags":[],"class_list":["post-2933","post","type-post","status-publish","format-standard","hentry","category-estudios-sobre-terrorismo-y-yihad","category-comunicados-especiales"],"_links":{"self":[{"href":"https:\/\/www2.memri.org\/espanol\/wp-json\/wp\/v2\/posts\/2933","targetHints":{"allow":["GET"]}}],"collection":[{"href":"https:\/\/www2.memri.org\/espanol\/wp-json\/wp\/v2\/posts"}],"about":[{"href":"https:\/\/www2.memri.org\/espanol\/wp-json\/wp\/v2\/types\/post"}],"author":[{"embeddable":true,"href":"https:\/\/www2.memri.org\/espanol\/wp-json\/wp\/v2\/users\/1"}],"replies":[{"embeddable":true,"href":"https:\/\/www2.memri.org\/espanol\/wp-json\/wp\/v2\/comments?post=2933"}],"version-history":[{"count":0,"href":"https:\/\/www2.memri.org\/espanol\/wp-json\/wp\/v2\/posts\/2933\/revisions"}],"wp:attachment":[{"href":"https:\/\/www2.memri.org\/espanol\/wp-json\/wp\/v2\/media?parent=2933"}],"wp:term":[{"taxonomy":"category","embeddable":true,"href":"https:\/\/www2.memri.org\/espanol\/wp-json\/wp\/v2\/categories?post=2933"},{"taxonomy":"post_tag","embeddable":true,"href":"https:\/\/www2.memri.org\/espanol\/wp-json\/wp\/v2\/tags?post=2933"}],"curies":[{"name":"wp","href":"https:\/\/api.w.org\/{rel}","templated":true}]}}