{"id":2886,"date":"2009-03-30T00:00:00","date_gmt":"2009-03-30T00:00:00","guid":{"rendered":"http:\/\/www2.memri.org\/espanol\/2009\/03\/30\/declaraciones-antisemitas-y-caricaturas-como-consecuencia-de-la-guerra-en-gaza\/"},"modified":"2016-01-14T15:53:46","modified_gmt":"2016-01-14T15:53:46","slug":"declaraciones-antisemitas-y-caricaturas-como-consecuencia-de-la-guerra-en-gaza","status":"publish","type":"post","link":"https:\/\/www2.memri.org\/espanol\/declaraciones-antisemitas-y-caricaturas-como-consecuencia-de-la-guerra-en-gaza\/2886","title":{"rendered":"Declaraciones antisemitas y caricaturas como consecuencia de la guerra en Gaza"},"content":{"rendered":"<div class=\"bodytext c2\">\n<p><strong>Introducci\u00f3n<\/strong><\/p>\n<p>La guerra de Gaza hizo activar muchas expresiones de antisemitismo (es decir, declaraciones principalmente contra los jud\u00edos) en el mundo \u00e1rabe y musulm\u00e1n, ambos por l\u00edderes \u00e1rabes y pol\u00edticos y por redactores. En sus declaraciones, evocaron motivos antisemitas tomados de ambos fuentes isl\u00e1micas tradicionales y europeas. Caricaturas destacando motivos similares fueron publicadas en los medios de comunicaci\u00f3n \u00e1rabes.<\/p>\n<p>Los motivos antisemitas tomados de la tradici\u00f3n isl\u00e1mica incluyeron alusiones a los jud\u00edos como \u00ablos descendientes de los monos y de los cerdos\u00bb, deshonestos y como dominantes, mientras los motivos tomados de la tradici\u00f3n europea incluyeron, por ejemplo, la denuncia de que los jud\u00edos apuntan a tomar el mundo. Algunos de los escritores tambi\u00e9n aludieron a la tradici\u00f3n jud\u00eda, declarando que las pol\u00edticas de Israel est\u00e1n basadas en los mandamientos religiosos jud\u00edos.<\/p>\n<p>Otro motivo recurrente fue la comparaci\u00f3n entre la guerra de Gaza y el Holocausto jud\u00edo. El clamor de que Israel es tan malvado, o aun peor que, la Alemania nazi es frecuentemente hecho en la prensa \u00e1rabe, y tiene como significado desafiar la legitimidad de la propia existencia de Israel.<\/p>\n<p>Este documento se enfocar\u00e1 en dos aspectos a los recientes ataques antisemitas: la manera de demonizar a los jud\u00edos usando motivos de la tradici\u00f3n isl\u00e1mica y la comparaci\u00f3n entre Israel y la Alemania nazi. <a href=\"#_edn1\" name=\"_ednref1\">[1]<\/a><\/p>\n<p><strong>Motivos antisemitas de la tradici\u00f3n isl\u00e1mica<\/strong><\/p>\n<p>En un art\u00edculo en el diario saudita <em>Al-Watan<\/em>, el periodista Ashraf Al-Faqi clam\u00f3 que las actuales pol\u00edticas israel\u00edes est\u00e1n basadas en \u00abla interpretaci\u00f3n jud\u00eda de la Torah\u00bb: <a href=\"#_edn2\" name=\"_ednref2\">[2]<\/a><\/p>\n<p>\u00abLa interpretaci\u00f3n jud\u00eda de la Torah est\u00e1 detr\u00e1s de todas las masacres perpetradas por las fuerzas israel\u00edes en Gaza. Esto demuestra que Israel es un estado religioso, [a pesar de] las denuncias a lo contrario hechas repetidamente por sus pol\u00edticos&hellip;<\/p>\n<p>Para justificar sus masacres y lograr sus objetivos, los jud\u00edos se basan en cuentos de asesinatos y en varias t\u00e1cticas descritas en la Torah&#8230; Se basan, por ejemplo, en la historia de Dinah, la cual expone la magnitud de su destreza y su [m\u00e9todo operativo que consiste] en incumplir promesas, colocar condiciones interminables y eventualmente matar a su v\u00edctima despu\u00e9s de agotarlo con todas estas condiciones&hellip;\u00bb <a href=\"#_edn3\" name=\"_ednref3\">[3]<\/a><\/p>\n<p>Escribiendo en la edici\u00f3n saudita del diario <em>Al-Hayat<\/em>, el investigador isl\u00e1mico &#8216;Abd Al-Rahman Al-Khatib describe a los jud\u00edos como fan\u00e1ticos religiosos, y denuncia que su ideolog\u00eda &#8211; la cual est\u00e1 reflejada en <em>Los Protocolos de los Sabios de Si\u00f3n<\/em> &#8211; proviene de la Torah y el Talmud, y est\u00e1 siendo implementada actualmente en Gaza. Al-Khatib tambi\u00e9n cita fuentes musulmanas tradicionales que prometen la victoria de los musulmanes sobre los jud\u00edos.<\/p>\n<p>\u00abMuchos de aqu\u00e9llos que siguen los eventos en Gaza han visto en los canales por sat\u00e9lite im\u00e1genes de soldados israel\u00edes que llevan puestos una t\u00fanica sobre sus uniformes, que van desde sus cabezas y les llega hasta sus cinturas. [Mientras la usan] sostienen libros de Torah y los leen&hellip; moviendo r\u00e1pidamente sus cuerpos de un lado a otro. Para darle una idea al lector de los textos [que aparecen en estos libros], aqu\u00ed tienen algunos de ellos. Deuteronomio [1:8] dice: &#8216;Vean, les he puesto la tierra ante ustedes; entren y posean la tierra que el Se\u00f1or jur\u00f3 dar a sus padres, a Abraham, a Isaac y a Jacob, a ellos y a sus descendientes despu\u00e9s de ellos&hellip;&#8217;<\/p>\n<p>\u00abCualquiera que examine estos versos en la Torah puede ver que han sido puestos en pr\u00e1ctica en Palestina en a\u00f1os recientes &#8211; a gente [como los jud\u00edos], qui\u00e9nes son fan\u00e1ticos de su religi\u00f3n, no pueden menospreciar sus mandamientos&hellip; La ideolog\u00eda jud\u00eda tiene s\u00f3lo dos fuentes: la Torah y el Talmud. Esta ideolog\u00eda ha engendrado en muchos textos secundarios, incluyendo a <em>Los Protocolos de los Sabios de Si\u00f3n<\/em> por Matvei Golovinski, <em>El Estado Jud\u00edo<\/em> por [Theodor] Herzl y <em>El Pr\u00edncipe<\/em> de [Niccolo] Machiavelli&#8230;\u00bb <a href=\"#_edn4\" name=\"_ednref4\">[4]<\/a><\/p>\n<p>En un art\u00edculo en el prominente diario de Londres <em>Al-Sharq Al-Awsat<\/em>, el predicador saudita Dr. &#8216;Aidh Al-Qarni compar\u00f3 la conducta de los jud\u00edos con la de tiranos como el Fara\u00f3n y Nabucodonosor: \u00abLos jud\u00edos no son nada mejores que el Fara\u00f3n, y le est\u00e1n haciendo [a los palestinos] exactamente lo que \u00e9l le hizo a sus antepasados&#8230; Uno pudiera haber esperado que los jud\u00edos aprendieran una lecci\u00f3n del destino de tiranos [como] Nabucodonosor, el Fara\u00f3n y Hitler. Pero tristemente, [han escogido] emular a los tiranos y ser conducidos por verdugos. [Por consiguiente] ellos [mismos] se han convertido en terroristas y asesinos que quieren darle a otros un sabor del tormento, abuso, exterminio colectivo y deportaci\u00f3n que fue la parte que les toc\u00f3 en el pasado. Les encanta asesinar ni\u00f1os, asesinan a personas de edad y queman sus casas. Se especializan en aterrorizar a [civiles] pac\u00edficos, torturar a prisioneros, quemarle el h\u00edgado a madres y descuartizar hu\u00e9rfanos, mientras el mundo permanece en silencio&#8230;\u00bb <a href=\"#_edn5\" name=\"_ednref5\">[5]<\/a><\/p>\n<p>Zahi Hawwas, jefe del Concejo de Antig\u00fcedades Egipcio, escribi\u00f3 en <em>Al-Sharq Al-Awsat<\/em> que los \u00abjud\u00edos de Palestina\u00bb son asesinos por naturaleza: \u00abEl concepto de asesinar a mujeres, ni\u00f1os y a personas de edad&#8230; parece correr en la sangre de los jud\u00edos de Palestina. [De hecho], parece haberse vuelto parte de la falsa fe de este pueblo, que nos est\u00e1 atormentando en nuestra [propia] patria.<\/p>\n<p>\u00abCuando hablo de fe jud\u00eda, no me refiero a su fe de [origen], sino a la fe que falsificaron y contaminaron con su veneno, la cual est\u00e1 apuntada contra toda la humanidad&#8230; Lo \u00fanico que los jud\u00edos han aprendido de la historia son los m\u00e9todos de tiran\u00eda y tormento &#8211; tanto que se han convertido en artistas en este campo. Han hecho a los palestinos lo que el Fara\u00f3n y Sargon [de Akkad] les hicieron a los jud\u00edos&#8230;\u00bb <a href=\"#_edn6\" name=\"_ednref6\">[6]<\/a><\/p>\n<p>Comentarios similares son hechos en un art\u00edculo del redactor &#8216;Ali Balout en el diario kuwait\u00ed <em>Al-Jarida<\/em>. \u00c9l declara que, en atacar Gaza, Israel estaba implementando directivas que aparecen en el Talmud, y que el objetivo final del pueblo jud\u00edo es tomar el mundo:<\/p>\n<p>\u00abLa gran pregunta es: \u00bfpor qu\u00e9 ser tan crueles y matar a civiles inocentes, principalmente a ni\u00f1os? \u00bfFue un error, o fue una consecuencia accidental del combate? [La respuesta no es] ninguna. [Su conducta fue reflexi\u00f3n de] una ideolog\u00eda antigua [que es parte de] la historia jud\u00eda y viene del libro que ellos llaman el Talmud&hellip; Uno de los salmos en el Talmud dice: &#8216;En cuanto a sus hijos, uno debe enfocarse en asesinarlos y arrojarlos contra las paredes. Pulverizar sus cr\u00e1neos hasta que ning\u00fan rastro quede de ellos&#8217;.<\/p>\n<p>\u00abLa violencia en Gaza, la cual se enfoca en los ni\u00f1os, puede estar fijada en el Talmud&hellip; [Su] objetivo es realizar una profec\u00eda religiosa, que toma la forma de una directiva. [Esta directiva es obedecida por] jud\u00edos que entrelazan los principios puestos en el Talmud y se esfuerzan por implementarlos.<\/p>\n<p>\u00abHasta donde le concierne a [los jud\u00edos], la ocupaci\u00f3n de Palestina es [s\u00f3lo] el primer paso en una larga jornada [cuya meta final] es tomar al mundo entero y usar sus recursos, seg\u00fan el derecho concedido a ellos por la autoridad talm\u00fadica&hellip; Algunos pudieran decir que esta [creencia] es pura tonter\u00eda, y de hecho lo es. Sin embargo, Israel est\u00e1 controlada hoy por los seguidores del Talmud, que desean realizar este cuento de hadas, no importa cu\u00e1nto tiempo tome, y qui\u00e9nes basan su conducta en este, fuera de una convicci\u00f3n profunda en la exactitud de sus creencias&hellip;<\/p>\n<p>\u00abLas conversaciones de paz por Israel son una [t\u00e1ctica] temporal que no debe ser confiada, porque el Talmud instruye a los jud\u00edos a mentir, enga\u00f1ar y usar todo m\u00e9todo que sea inmoral por las luces de ambos el mundo antiguo y el moderno. Todo esto, para lograr sus metas&hellip; El Talmud tambi\u00e9n les instruye a que corrompan la moral de la humanidad por todos los medios posibles para hacer m\u00e1s f\u00e1cil al Pueblo Elegido de controlar al mundo&hellip; Si observamos con detenimiento, encontramos las huellas de los jud\u00edos en todos los males que plagan a la humanidad: drogas, prostituci\u00f3n, guerras&hellip; [Ellos tambi\u00e9n son los que] corrompieron a las religiones monote\u00edstas y creencias sembrando el odio y la divisi\u00f3n entre [las diferentes fe]&#8230;\u00bb <a href=\"#_edn7\" name=\"_ednref7\">[7]<\/a><\/p>\n<p>En un poema que \u00e9l public\u00f3 en el diario saudita <em>Al-Jazirah<\/em>, el poeta saudita Sa&#8217;d Al-Bawardi representa a Hitler como misericordioso comparado con los jud\u00edos, que son descritos como \u00abmonos\u00bb y como \u00abcerdos salvajes\u00bb. <a href=\"#_edn8\" name=\"_ednref8\">[8]<\/a><\/p>\n<p>\u00abFuiste misericordioso, oh Hitler.<br \/>\u00ab[\u00c9sa es mi conclusi\u00f3n] cuando veo alrededor de m\u00ed<br \/>\u00abLos actos crueles<br \/>\u00abDe los descendientes de los monos.<br \/>\u00abFuiste sabio, oh Hitler<br \/>En librar el mundo<br \/>\u00abDe algunos de estos cerdos salvajes.<br \/>\u00ab[Pero] han desovado es una banda<br \/>\u00ab[Cuyo coraz\u00f3n] est\u00e1 lleno con un odio ciego&hellip;<br \/>\u00abOh Hitler,<br \/>\u00abLos descendientes de los monos &#8211;<br \/>\u00abNinguno es m\u00e1s cruel y horroroso de lo que ellos son&hellip;<br \/>\u00abSus guerras de destrucci\u00f3n<br \/>\u00abSon peores que el &#8216;Holocausto&#8217;.<br \/>\u00abLa destrucci\u00f3n del mundo es su lema,<br \/>\u00abY la est\u00e1n implementando en la pr\u00e1ctica<br \/>\u00abEn Gaza, en el Gol\u00e1n y en el L\u00edbano.<br \/>\u00abLos descendientes de los monos son las criaturas m\u00e1s crueles<br \/>\u00abQue la humanidad haya conocido alguna vez&hellip;\u00bb <a href=\"#_edn9\" name=\"_ednref9\">[9]<\/a><\/p>\n<p>Un art\u00edculo en <em>Al-Jarida<\/em> del redactor Dr. Hassan Hanafi examina la actitud del Cor\u00e1n hacia los jud\u00edos, enfatizando su caracterizaci\u00f3n de ellos como deshonestos y dominantes:<\/p>\n<p>\u00abEl Cor\u00e1n usa tres t\u00e9rminos para referirse a los jud\u00edos: &#8216;Jud\u00edos&#8217;, &#8216;aqu\u00e9llos que son jud\u00edos&#8217;, y &#8216;los Ni\u00f1os de Israel&#8217;&hellip; [El segundo t\u00e9rmino aparece seis veces en el Cor\u00e1n]. Cinco de \u00e9stos [versos describen a los jud\u00edos] negativamente&hellip; mientras el sexto es positivo [pero] s\u00f3lo se refiere a una minor\u00eda entre ellos.<\/p>\n<p>\u00abEl primero de estos versos [dice]: &#8216;Algunos de aqu\u00e9llos que son jud\u00edos cambian las palabras de su contexto [Cor\u00e1n 4:46]&#8217;. [Los jud\u00edos de hecho] distorsionan los tratados y los interpretan de cierto modo que los beneficia. De la Torah, entienden s\u00f3lo que Al\u00e1 los ha escogido, mientras descartan [el hecho de que] Al\u00e1 los ha maldecido por desobedecer las directrices de los profetas, renunci\u00e1ndolos y [incluso] matando a algunos de ellos. [Los jud\u00edos] hacen lo mismo con las convenciones de las Naciones Unidas, interpret\u00e1ndolas [de una manera que les permita] perpetrar un genocidio, y asesinar a mujeres inocentes, ni\u00f1os y personas de edad avanzada&#8230;\u00bb<\/p>\n<p>\u00abEl segundo de los versos [tambi\u00e9n] se refiere a las mentiras: &#8216;Algunos de aqu\u00e9llos que son jud\u00edos escuchan cada mentira [Cor\u00e1n 5:41]&#8217;. [Esto significa que] saben lo que es verdad, pero no lo reconocen p\u00fablicamente, y dicen otras [cosas a cambio]. Ellos saben que son los agresores, ladrones y asesinos sanguinarios, pero dicen que act\u00faan en defensa propia&#8230;<\/p>\n<p>\u00abEl tercer verso se refiere a la prohibici\u00f3n contra el comer ciertos animales: &#8216;Hacia aqu\u00e9llos que son jud\u00edos nosotros prohibimos todo animal con garras [Cor\u00e1n 6:146]&#8217;&#8230; Pero ellos hacen lo contrario, trayendo la destrucci\u00f3n en los animales, plantas y personas&#8230;\u00bb<\/p>\n<p>\u00abEl cuarto verso se refiere a la falsa denuncia de [los jud\u00edos] de que, y ninguno sino ellos, son los escogidos de Al\u00e1: &#8216;Si ustedes creen que son los favoritos de Al\u00e1 en exclusi\u00f3n de otros pueblos, entonces invoquen la muerte [Cor\u00e1n 62:6]&#8230;&#8217; [Ellos creen que] todos los otros son sus sirvientes y esclavos. Saquean los tesoros y propiedades de otros, y controlan casi todos los recursos y el capital de todo el mundo.<\/p>\n<p>\u00abEl quinto verso se refiere al hecho de que [los jud\u00edos] piensan que siempre tienen la raz\u00f3n mientras que los otros est\u00e1n equivocados&#8230; y que cualquiera que no est\u00e9 con ellos est\u00e1 en contra de ellos: &#8216;[Y dicen:] ninguno entrar\u00e1 en el Para\u00edso a menos que sea jud\u00edo o cristiano [Cor\u00e1n 2:111]&#8217;&#8230;\u00bb <a href=\"#_edn10\" name=\"_ednref10\">[10]<\/a><\/p>\n<p><strong>L\u00edderes \u00e1rabes y diarios: \u00abIsrael es peor que los nazis\u00bb<\/strong><\/p>\n<p>Adem\u00e1s de describir la ofensiva de Israel en Gaza como un crimen de guerra y un crimen contra la humanidad, <a href=\"#_edn11\" name=\"_ednref11\">[11]<\/a> algunos l\u00edderes \u00e1rabes tambi\u00e9n lo describieron como peor que el holocausto nazi.<\/p>\n<p>En su discurso del 16 de enero, 2009 en la cumbre de Doha, el Presidente sirio Bashar Al-Assad declar\u00f3 que la guerra de Gaza era parte de una conspiraci\u00f3n para convertir a Israel en un estado totalmente jud\u00edo, y describi\u00f3 esto como \u00abel tipo m\u00e1s peligroso de nazismo en la era moderna\u00bb:<\/p>\n<p>\u00abEn cumbres anteriores, hablamos sobre los planes de [Israel], pero hoy d\u00eda estamos hablando sobre su aplicaci\u00f3n&hellip; Hoy, el holocausto no s\u00f3lo ha comenzado, est\u00e1 a punto de entrar en sus pr\u00f3ximas fases, que incluir\u00e1n a todos los \u00e1rabes a menos que lo detengamos ahora mismo&hellip;<\/p>\n<p>\u00abEl punto de partida de nuestras decisiones hoy ser\u00e1 nuestro apoyo al pueblo de Gaza ante el nuevo holocausto nazi [perpetrado por] Israel&#8230; El derramamiento de sangre \u00e1rabe desde el establecimiento de Israel es considerado por los l\u00edderes de esta como el combustible necesitado para [impulsar] la m\u00e1quina [dise\u00f1ada] para crear un estado totalmente jud\u00edo. [Este estado] s\u00f3lo ser\u00e1 posible despu\u00e9s de que los no-jud\u00edos sean expulsados de Palestina y aquellos restantes sean exterminados. Este continua de que los [actuales] eventos de Gaza no son meramente una respuesta a los misiles [disparados hacia Israel] &#8211; [porque] si los misiles no existieran, los [israel\u00edes] los habr\u00edan inventado y disparado [ellos mismos] como una excusa [para matar y deportar a los \u00e1rabes]&#8230; Deben de existir medidas legales para que Israel sea enjuiciada&#8230; para que sea escrito en los anales de la historia que [los israel\u00edes] no s\u00f3lo son racistas sino que [representan] el tipo m\u00e1s peligroso de nazismo en la era moderna&hellip;\u00bb <a href=\"#_edn12\" name=\"_ednref12\">[12]<\/a><\/p>\n<p>El Ministro del Exterior kuwait\u00ed Muhammad Al-Salem Al-Sabbah compar\u00f3 a los l\u00edderes de Israel con los nazis, y el <em>muqawama<\/em> palestino al levantamiento del Guetto de Varsovia: \u00abCuando los israel\u00edes ven a sus l\u00edderes emprendiendo [tal] intensa guerra sobre los campos de refugiados en Gaza y los bombardean de tal manera, debe record\u00e1rseles del Ghetto de Varsovia en Polonia&#8230; [y de] la &#8216;intifada jud\u00eda&#8217; que tuvo lugar all\u00ed, [la cual incit\u00f3] a que los nazis entraran en el Ghetto y quemaran a los jud\u00edos. Lo que est\u00e1 sucediendo en Gaza es lo mismo: una intifada en un campamento de refugiados, que ha sido incendiado de la misma manera&#8230;\u00bb <a href=\"#_edn13\" name=\"_ednref13\">[13]<\/a><\/p>\n<p>El jefe egipcio Mufti Dr. &#8216;Ali Gum&#8217;a describi\u00f3 el ataque a Gaza como el episodio m\u00e1s negro en la historia de humanidad, y como \u00abun nuevo holocausto, peor que la masacre nazi de los jud\u00edos que fue condenada por toda la humanidad\u00bb. <a href=\"#_edn14\" name=\"_ednref14\">[14]<\/a><\/p>\n<p>Un editorial en el diario del gobierno egipcio <em>Al-Gumhouriyya<\/em>, titulado \u00abLos Nazis se Merecen una Disculpa Internacional\u00bb, declar\u00f3 que los cr\u00edmenes de Israel son peores que los de los nazis: \u00abLa comunidad internacional&hellip; deber\u00eda disculparse hoy con los nazis por oponerse a sus agentes malvados por emprender una guerra destructiva contra ellos, y por haberlos castigado por sus cr\u00edmenes durante la Segunda Guerra Mundial &#8211; ya que lo que ellos hicieron palidece al lado de los crueles cr\u00edmenes contra las mujeres y ni\u00f1os perpetrados por Israel sobre una base diaria&#8230;<\/p>\n<p>\u00abLos nazis, quienes fueron condenados con buena raz\u00f3n a lo largo del siglo 20, nunca bombardearon hospitales, escuelas, mezquitas, refugios e instalaciones de las organizaciones internacionales, tal como lo han hecho los terroristas israel\u00edes. Los nazis nunca tuvieron como objetivos a los pac\u00edficos ciudadanos en sus hogares usando bombas de f\u00f3sforo, mientras que los descendientes asesinos de los [sobrevivientes] del as\u00ed llamado Holocausto jud\u00edo si lo han hecho en los pueblos sitiados de la Franja de Gaza. Los nazis, por toda su crueldad, nunca ejecutaron a prisioneros &#8211; hombres y mujeres &#8211; fusil\u00e1ndolos, y nunca apuntaron a conductores de ambulancia cargando con heridos y muertos, tal como lo est\u00e1n haciendo los malvados agentes de Barak, Olmert, Livni, Peres, Bush, Cheney y las otras sanguijuelas&#8230;\u00bb <a href=\"#_edn15\" name=\"_ednref15\">[15]<\/a><\/p>\n<p>Un editorial del redactor Amin Lutfi, publicado en el diario argelino <em>Al-Watan<\/em>, declar\u00f3: \u00abLo que est\u00e1 sucediendo en Gaza es similar, en muchos aspectos, a la Soluci\u00f3n Final. El asesinato sistem\u00e1tico de ni\u00f1os, mujeres y personas mayores es recordativo de ciertos eventos de que el mundo ten\u00eda raz\u00f3n en creer que nunca pasar\u00eda de nuevo. \u00bfC\u00f3mo puede la conciencia humana ser ultrajada por [los eventos en Gaza], el cual es un recordatorio de las atrocidades de la Segunda Guerra Mundial? El destino ha decretado que los ni\u00f1os de Gaza deben sufrir un nuevo holocausto, que suplantar\u00e1 la memoria de las v\u00edctimas del Tercer Reich alem\u00e1n&#8230;?\u00bb <a href=\"#_edn16\" name=\"_ednref16\">[16]<\/a><\/p>\n<p>El redactor Jihad Al-Khazen escribi\u00f3 en el diario <em>Al-Hayat<\/em>: \u00ab&#8230; Seis millones de jud\u00edos fueron exterminados en el Holocausto nazi. Es dif\u00edcil concebir un crimen mayor, pero hoy d\u00eda no obstante me gustar\u00eda comparar [el Holocausto nazi al perpetrado por Israel], y permitirle al lector [juzgar por si mismo]&#8230;<\/p>\n<p>\u00abDespu\u00e9s de que los campos de concentraci\u00f3n nazis fueron liberados, vimos fotograf\u00edas, las cuales todav\u00eda est\u00e1n circulando [hoy d\u00eda], de jud\u00edos tan demacrados que sus costillas casi se les sal\u00edan a trav\u00e9s de su piel&#8230; lo que le falta al texto que acompa\u00f1a estas fotos es [el hecho] que los alemanes tambi\u00e9n estaban hambrientos durante el \u00faltimo a\u00f1o de la guerra, ya que estaban sitiados desde todos los lados y estaban bajo un fuego constante &#8211; as\u00ed que los jud\u00edos padecieron de hambre junto a los alemanes.<\/p>\n<p>\u00abEn la guerra contra Gaza, Israel, que tiene suficiente alimento, permite que las mujeres, ni\u00f1os y a los ancianos de Gaza pasen hambre, lo que es [incluso] algo que los nazis no hicieron&#8230; Esto me lleva a concluir que Israel es peor que los nazis, aunque parece imposible a cualquiera ser peor que los nazis. Si el lector acepta esta conclusi\u00f3n, tambi\u00e9n puede aceptar que aquellos que est\u00e1n emprendiendo la guerra israel\u00ed contra Gaza son parte de un nuevo crimen nazi&#8230;\u00bb <a href=\"#_edn17\" name=\"_ednref17\">[17]<\/a><\/p>\n<p>El redactor Nasser Al-Umair escribi\u00f3 en <em>Al-Hayat<\/em>: \u00ab&#8230; El Holocausto jud\u00edo que [los jud\u00edos constantemente] insisten sobre al mundo, empez\u00f3 en 1933 y finaliz\u00f3 con la ca\u00edda de los nazis [en 1945]&#8230; Seg\u00fan historiadores jud\u00edos, [el exterminio] colectivo de los jud\u00edos en los crematorios fue [realmente] la segunda opci\u00f3n de Hitler. [Su primera opci\u00f3n fue] [deportarlos] a Palestina, Europa Oriental o Madagascar. Hoy, si alguien niega el Holocausto, los jud\u00edos tienen la temeridad de acusarlo por apoyarlo. Sin embargo, ellos mismos han estado emprendiendo una guerra de exterminio contra los palestinos durante los \u00faltimos 60 a\u00f1os, y los han deportado a la fuerza. No es esto suficiente para convertir el Holocausto en un mero chiste en comparaci\u00f3n con lo que los palestinos han sufrido a manos de varias generaciones consecutivas de jud\u00edos?&#8230;\u00bb <a href=\"#_edn18\" name=\"_ednref18\">[18]<\/a><\/p>\n<p>En su columna diaria en el diario egipcio <em>Al-Akhbar<\/em>, el periodista Ahmad Rajab escribi\u00f3 que, cuando el Ministro de Defensa israel\u00ed Ehud Barak se ve en el espejo, la cara que ve es la cara de Hitler:<\/p>\n<p>\u00abGeneral Ehud Barak, imagine que Gaza es un pueblo en la Alemania nazi y que Hitler est\u00e1 exterminando a sus mujeres y ni\u00f1os usando armas no convencionales. Imag\u00ednese que usted le suplica a la banda llamada las Naciones Unidas intentando encontrar recursos, pero esta le contesta que Hitler [solo] se est\u00e1 defendiendo a si mismo, as\u00ed que usted ya no sabe a qui\u00e9n acudir. De repente el despreciable Hitler aparece ante usted, y usted estalla y lo llama &#8216;[asesino] sanguinario&#8217;! &#8216;Enemigo de Al\u00e1 y de la humanidad&#8217;! &#8216;Villano&#8217;! [Si usted hace esto] Sr. General, usted se sentir\u00e1 mejor mientras se aleja del espejo en el cual vio a Hitler\u00bb. <a href=\"#_edn19\" name=\"_ednref19\">[19]<\/a><\/p>\n<p>El redactor Muhammad Kishk del diario del gobierno sirio <em>Teshreen<\/em> escribi\u00f3 que, cuando el Jefe de Personal del Estado de Israel Gabi Ashkenazi visit\u00f3 el Ghetto de Varsovia en el 2008, su objetivo era estudiar las t\u00e1cticas de los nazis para usarlas contra los palestinos. Kishk escribi\u00f3 que Ashkenazi, acompa\u00f1ado por \u00abunidades especiales del ej\u00e9rcito de ocupaci\u00f3n israel\u00ed, vinieron a estudiar \u00ablas t\u00e1cticas que las fuerzas especiales de Adolfo Hitler&#8230; [emplearon] en el Ghetto en 1943 &#8211; [t\u00e1cticas] que son similares a aqu\u00e9llas que se usaron y todav\u00eda est\u00e1n siendo usadas [por los israel\u00edes] en Gaza&#8230;\u00bb <a href=\"#_edn20\" name=\"_ednref20\">[20]<\/a><\/p>\n<p>En una secci\u00f3n consagrada a los comentarios sobre temas actuales, el diario independiente sudan\u00e9s <em>Al-Sahafa<\/em> public\u00f3 un breve informe que contiene una cita de Hitler. El informe dijo: \u00abLos medios de comunicaci\u00f3n est\u00e1n re-publicando [la siguiente] cita de Adolfo Hitler: &#8216;Yo hubiese podido matar a todos los jud\u00edos del mundo, pero salv\u00e9 a algunos de ellos para que ustedes entiendan el por qu\u00e9 los mat\u00e9\u00bb. <a href=\"#_edn21\" name=\"_ednref21\">[21]<\/a><\/p>\n<p><strong>Caricaturas antisemitas<\/strong><\/p>\n<p>Seguido a la guerra de Gaza, la prensa \u00e1rabe public\u00f3 caricaturas que demonizan y deshumanizan a los jud\u00edos y\/o los presentan como si intentaran tomar al mundo, as\u00ed como tambi\u00e9n caricaturas que presentan la guerra como un genocidio o como un segundo holocausto y los jud\u00edos como neo-nazis. A continuaci\u00f3n se presentan algunos ejemplos:<\/p>\n<p><strong>Caricaturas que demonizan y deshumanizan a los jud\u00edos<\/strong><\/p>\n<p><img loading=\"lazy\" decoding=\"async\" class=\"alignnone size-full wp-image-15349\" src=\"http:\/\/www2.memri.org\/espanol\/wp-content\/uploads\/2016\/01\/ia_50709_1.jpg\" width=\"399\" height=\"242\" srcset=\"https:\/\/www2.memri.org\/espanol\/wp-content\/uploads\/2016\/01\/ia_50709_1.jpg 399w, https:\/\/www2.memri.org\/espanol\/wp-content\/uploads\/2016\/01\/ia_50709_1-300x182.jpg 300w\" sizes=\"auto, (max-width: 399px) 100vw, 399px\" \/><br \/><em>Al-Bayyan<\/em> (EAU), 28 de diciembre, 2008<br \/>Caricaturista: Hassan Idleby<\/p>\n<p><img loading=\"lazy\" decoding=\"async\" class=\"alignnone size-full wp-image-15350\" src=\"http:\/\/www2.memri.org\/espanol\/wp-content\/uploads\/2016\/01\/ia_50709_2.jpg\" width=\"428\" height=\"285\" srcset=\"https:\/\/www2.memri.org\/espanol\/wp-content\/uploads\/2016\/01\/ia_50709_2.jpg 428w, https:\/\/www2.memri.org\/espanol\/wp-content\/uploads\/2016\/01\/ia_50709_2-300x200.jpg 300w\" sizes=\"auto, (max-width: 428px) 100vw, 428px\" \/><br \/><em>Al-Ahram<\/em> (Egipto), 5 de enero, 2009.<\/p>\n<p><strong>Caricaturas que comparan el ataque de Gaza al Holocausto nazi<br \/><img loading=\"lazy\" decoding=\"async\" class=\"alignnone size-full wp-image-15352\" src=\"http:\/\/www2.memri.org\/espanol\/wp-content\/uploads\/2016\/01\/ia_50709_3.jpg\" width=\"365\" height=\"243\" srcset=\"https:\/\/www2.memri.org\/espanol\/wp-content\/uploads\/2016\/01\/ia_50709_3.jpg 365w, https:\/\/www2.memri.org\/espanol\/wp-content\/uploads\/2016\/01\/ia_50709_3-300x200.jpg 300w\" sizes=\"auto, (max-width: 365px) 100vw, 365px\" \/><\/strong><br \/><em>Al-Ghad<\/em> (Jordania), 4 de enero, 2009.<br \/>Caricaturista: &#8216;Imad Hajjaj<\/p>\n<p>\u00abEl s\u00e9ptimo d\u00eda del ataque israel\u00ed &#8211; Gaza ba\u00f1ada en fuego\u00bb<br \/><img loading=\"lazy\" decoding=\"async\" class=\"alignnone size-full wp-image-15356\" src=\"http:\/\/www2.memri.org\/espanol\/wp-content\/uploads\/2016\/01\/ia_50709_4.jpg\" width=\"388\" height=\"244\" srcset=\"https:\/\/www2.memri.org\/espanol\/wp-content\/uploads\/2016\/01\/ia_50709_4.jpg 388w, https:\/\/www2.memri.org\/espanol\/wp-content\/uploads\/2016\/01\/ia_50709_4-300x189.jpg 300w\" sizes=\"auto, (max-width: 388px) 100vw, 388px\" \/><br \/><em>Al-Watan<\/em> (Argelia), 4 de enero, 2009.<\/p>\n<p><img loading=\"lazy\" decoding=\"async\" class=\"alignnone size-full wp-image-15358\" src=\"http:\/\/www2.memri.org\/espanol\/wp-content\/uploads\/2016\/01\/ia_50709_5.jpg\" width=\"375\" height=\"221\" srcset=\"https:\/\/www2.memri.org\/espanol\/wp-content\/uploads\/2016\/01\/ia_50709_5.jpg 375w, https:\/\/www2.memri.org\/espanol\/wp-content\/uploads\/2016\/01\/ia_50709_5-300x177.jpg 300w\" sizes=\"auto, (max-width: 375px) 100vw, 375px\" \/><br \/><em>Al-Hayat<\/em> (Londres), 6 de enero, 2009.<br \/>Caricaturista: Habib Haddad<\/p>\n<p>\u00abHeil Hitler\u00bb<br \/><img loading=\"lazy\" decoding=\"async\" class=\"alignnone size-full wp-image-15359\" src=\"http:\/\/www2.memri.org\/espanol\/wp-content\/uploads\/2016\/01\/ia_50709_6.jpg\" width=\"395\" height=\"233\" srcset=\"https:\/\/www2.memri.org\/espanol\/wp-content\/uploads\/2016\/01\/ia_50709_6.jpg 395w, https:\/\/www2.memri.org\/espanol\/wp-content\/uploads\/2016\/01\/ia_50709_6-300x177.jpg 300w\" sizes=\"auto, (max-width: 395px) 100vw, 395px\" \/><br \/><em>Al-Raya<\/em> (Qatar), 27 de diciembre, 2008.<br \/>Caricaturista: Fares Qarabet<\/p>\n<p><em><img loading=\"lazy\" decoding=\"async\" class=\"alignnone size-full wp-image-15363\" src=\"http:\/\/www2.memri.org\/espanol\/wp-content\/uploads\/2016\/01\/ia_50709_7.jpg\" width=\"410\" height=\"260\" srcset=\"https:\/\/www2.memri.org\/espanol\/wp-content\/uploads\/2016\/01\/ia_50709_7.jpg 410w, https:\/\/www2.memri.org\/espanol\/wp-content\/uploads\/2016\/01\/ia_50709_7-300x190.jpg 300w\" sizes=\"auto, (max-width: 410px) 100vw, 410px\" \/><br \/>Al-Mustaqbal<\/em> (L\u00edbano), 29 de diciembre, 2008.<br \/>Caricaturista: Hassan Bleibel<\/p>\n<p><img loading=\"lazy\" decoding=\"async\" class=\"alignnone size-full wp-image-15366\" src=\"http:\/\/www2.memri.org\/espanol\/wp-content\/uploads\/2016\/01\/ia_50709_8.jpg\" width=\"410\" height=\"246\" srcset=\"https:\/\/www2.memri.org\/espanol\/wp-content\/uploads\/2016\/01\/ia_50709_8.jpg 410w, https:\/\/www2.memri.org\/espanol\/wp-content\/uploads\/2016\/01\/ia_50709_8-300x180.jpg 300w\" sizes=\"auto, (max-width: 410px) 100vw, 410px\" \/><br \/><em>Al-Ghad<\/em> (Jordania), 31 de diciembre, 2008.<br \/>Caricaturista: &#8216;Imad Hajjaj<\/p>\n<p><em>* B. Chernitsky y E. Glass son compa\u00f1eros de investigaci\u00f3n en MEMRI<\/em><\/p>\n<\/p>\n<hr class=\"c1\" size=\"1\" width=\"33%\" \/>\n<p><a href=\"#_ednref1\" name=\"_edn1\">[1]<\/a> Sobre el antisemitismo \u00e1rabe moderno, v\u00e9ase Investigaci\u00f3n y An\u00e1lisis No. 26 de MEMRI, \u00abQue es el Antisemitismo \u00c1rabe?\u00bb, 27 de febrero del 2004, <a href=\"http:\/\/www2.memri.org\/bin\/espanol\/articulos.cgi?Page=archives&amp;Area=sr&amp;ID=SR2604\">http:\/\/www2.memri.org\/bin\/espanol\/articulos.cgi?Page=archives&amp;Area=sr&amp;ID=SR2604<\/a> ; Investigaci\u00f3n y An\u00e1lisis de MEMRI No. 442 \u00abAntisemitismo \u00c1rabe e Isl\u00e1mico\u00bb, 27 de mayo del 2008, <a href=\"http:\/\/www2.memri.org\/bin\/espanol\/articulos.cgi?Page=archives&amp;Area=ia&amp;ID=IA44208\">http:\/\/www2.memri.org\/bin\/espanol\/articulos.cgi?Page=archives&amp;Area=ia&amp;ID=IA44208<\/a>.<\/p>\n<p><a href=\"#_ednref2\" name=\"_edn2\">[2]<\/a> En el uso \u00e1rabe com\u00fan, la palabra \u00abTorah\u00bb (<em>tawra<\/em>) se refiere a la Biblia jud\u00eda.<\/p>\n<p><a href=\"#_ednref3\" name=\"_edn3\">[3]<\/a> <em>Al-Watan<\/em> (Arabia Saudita), 16 de enero, 2009.<\/p>\n<p><a href=\"#_ednref4\" name=\"_edn4\">[4]<\/a> <em>Al-Hayat<\/em> (Londres), 14 de enero, 2009.<\/p>\n<p><a href=\"#_ednref5\" name=\"_edn5\">[5]<\/a> <em>Al-Sharq Al-Awsat<\/em> (Londres), 6 de enero, 2009.<\/p>\n<p><a href=\"#_ednref6\" name=\"_edn6\">[6]<\/a> <em>Al-Sharq Al-Awsat<\/em> (Londres), 22 de enero, 2009.<\/p>\n<p><a href=\"#_ednref7\" name=\"_edn7\">[7]<\/a> <em>Al-Jarida<\/em> (Kuwait), 21 de enero, 2009.<\/p>\n<p><a href=\"#_ednref8\" name=\"_edn8\">[8]<\/a> La descripci\u00f3n de los jud\u00edos como monos y cerdos est\u00e1 basada en varios pasajes cor\u00e1nicos que declaran que Al\u00e1 transform\u00f3 a algunos de los jud\u00edos en monos y cerdos como castigo por profanar el Sabbath. (Cor\u00e1n 5:60; 6:65; 7:176). V\u00e9ase MEMRI Informe Especial No. 11, \u00abBasado en los Versos Cor\u00e1nicos, Interpretaciones y Tradiciones, Cl\u00e9rigos Musulmanes Declaran: Los jud\u00edos Son Descendientes de los Monos, Cerdos y Otros Animales\u00bb, 1 de noviembre del 2002, <a href=\"http:\/\/www2.memri.org\/bin\/espanol\/articulos.cgi?Page=archives&amp;Area=sr&amp;ID=SR01102\">http:\/\/www2.memri.org\/bin\/espanol\/articulos.cgi?Page=archives&amp;Area=sr&amp;ID=SR01102<\/a>.<\/p>\n<p><a href=\"#_ednref9\" name=\"_edn9\">[9]<\/a> <em>Al-Jazirah<\/em> (Arabia Saudita), 9 de enero, 2009.<\/p>\n<p><a href=\"#_ednref10\" name=\"_edn10\">[10]<\/a> <em>Al-Jarida<\/em> (Kuwait), 2 de febrero, 2009.<\/p>\n<p><a href=\"#_ednref11\" name=\"_edn11\">[11]<\/a> Este t\u00e9rmino fue usado por el Primer Ministro turco Recep Tayyip Erdogan para describir la ofensiva de Gaza. Erdogan agreg\u00f3 que Israel ser\u00eda condenado por asesinar a ni\u00f1os. <em>Al-Sharq Al-Awsat<\/em> (Londres), 28 de enero, 2009. El Rey saudita &#8216;Abdallah bin Abd Al-&#8216;Aziz dijo en la conferencia social econ\u00f3mica del 19 de enero, 2009 en Kuwait, \u00abSe ha cometido un asesinato en masa en Gaza delante del mundo entero por una banda criminal que no tiene una jota de compasi\u00f3n o [sentimiento] humano\u00bb. <em>Al-Watan<\/em> (Arabia Saudita), 21 de enero, 2009.<\/p>\n<p><a href=\"#_ednref12\" name=\"_edn12\">[12]<\/a> <em>Al-Ba&#8217;th<\/em> (Siria), 17 de enero, 2009.<\/p>\n<p>Para los extractos del discurso de Assad, v\u00e9ase MEMRI Despacho Especial No. 2243, \u00abDiscurso de Assad sobre la &#8216;Entidad Sionista Terrorista&#8217; a Convertirse en Parte del Plan de Estudios Escolares Sirio, 13 de febrero de 2009, <a href=\"http:\/\/www2.memri.org\/bin\/espanol\/articulos.cgi?Page=archives&amp;Area=sd&amp;ID=SP224309\">http:\/\/www2.memri.org\/bin\/espanol\/articulos.cgi?Page=archives&amp;Area=sd&amp;ID=SP224309<\/a>.<\/p>\n<p><a href=\"#_ednref13\" name=\"_edn13\">[13]<\/a> <em>Al-Sharq Al-Awsat<\/em> (Londres), 27 de enero, 2009.<\/p>\n<p><a href=\"#_ednref14\" name=\"_edn14\">[14]<\/a> <em>Al-Ahram<\/em> (Egipto), 6 de enero, 2009.<\/p>\n<p><a href=\"#_ednref15\" name=\"_edn15\">[15]<\/a> <em>Al-Gumhouriyya<\/em> (Egipto), 10 de enero, 2009.<\/p>\n<p><a href=\"#_ednref16\" name=\"_edn16\">[16]<\/a> <em>Al-Watan<\/em> (Argelia), 11 de enero, 2009.<\/p>\n<p><a href=\"#_ednref17\" name=\"_edn17\">[17]<\/a> <em>Al-Hayat<\/em> (Londres), 9 de enero, 2009.<\/p>\n<p><a href=\"#_ednref18\" name=\"_edn18\">[18]<\/a> <em>Al-Hayat<\/em> (Londres), 20 de enero, 2009.<\/p>\n<p><a href=\"#_ednref19\" name=\"_edn19\">[19]<\/a> <em>Al-Akhbar<\/em> (Egipto), 7 de enero, 2009.<\/p>\n<p><a href=\"#_ednref20\" name=\"_edn20\">[20]<\/a> <em>Teshreen<\/em> (Siria), 2 de marzo, 2009.<\/p>\n<p><a href=\"#_ednref21\" name=\"_edn21\">[21]<\/a> <em>Al-Sahafa<\/em> (Sud\u00e1n), 11 de enero, 2009.<\/p>\n<p>Debe hacerse notar que los medios de comunicaci\u00f3n \u00e1rabes no siempre distinguen entre jud\u00edos y sionistas. El redactor de <em>Al-Hayat<\/em> &#8216;Abd Al-&#8216;Aziz Al-Sweid argument\u00f3 expl\u00edcitamente contra el hacer esta distinci\u00f3n: \u00abAunque la raz\u00f3n nos compele a distinguir entre los jud\u00edos y sionistas, [no existe ninguna causa verdadera para hacer esto]. El \u00faltimo t\u00e9rmino se refiere al estado de Israel y a su liderazgo, [mientras el anterior] se refiere a [los jud\u00edos] qui\u00e9nes llevan a cabo actividades econ\u00f3micas influyentes, financieras y medi\u00e1ticas en la arena global y qui\u00e9nes no han expresado una oposici\u00f3n convincente de [lo que est\u00e1 sucediendo en Gaza]. De hecho, parecen estar haciendo lo contrario. Est\u00e1n extendiendo el apoyo econ\u00f3mico y medi\u00e1tico [a Israel] y est\u00e1n creando las antec\u00e1maras para reforzar [incluso m\u00e1s extensamente] este apoyo. <em>Al-Hayat<\/em> (Londres), 12 de enero, 2009.<\/p>\n<p>De hecho, junto a los art\u00edculos que comparan a los jud\u00edos con los nazis, hubo art\u00edculos que igualaron al sionismo con el nazismo. Por ejemplo, el redactor Marwan Darraj escribi\u00f3 en el diario del gobierno sirio <em>Al-Thawra<\/em>: \u00abAlgunas de las voces [que condenan la ofensiva de Gaza] desplegaron [un nuevo rasgo] esta vez: llamaron a una espada, espada. Las masacres de [Israel] en Gaza fueron referidas como un &#8216;holocausto&#8217; y como &#8216;cr\u00edmenes nazis y fascistas&#8217;. Pienso que \u00e9stos son t\u00e9rminos m\u00e1s apacibles que la opini\u00f3n p\u00fablica europea podr\u00eda haber usado. La ecuaci\u00f3n del sionismo con el nazismo no tiene una base infundada; est\u00e1 basada y perpetuada por, los actos terroristas que [los sionistas han estado cometiendo] durante m\u00e1s de 60 a\u00f1os. El fascismo de Hitler, tal como todos saben, fue a extremos de locura con la [idea] de la Soluci\u00f3n Final. El movimiento sionista tambi\u00e9n endosa [esta idea], incluyendo [la noci\u00f3n] de ejecutar a sus rivales sin juicio\u00bb. <em>Al-Thawra<\/em> (Siria), 31 de diciembre, 2008.<\/p>\n<p>El redactor &#8216;Abd Al-Rahman Al-Wabili escribi\u00f3 en el diario saudita <em>Al-Watan<\/em>: Lo que hace al ej\u00e9rcito sionista \u00fanico en nuestra era en t\u00e9rminos de su desenfrenada y criminal [brutalidad] es la cruel cultura sionista que est\u00e1 profundamente arraigada en [la psique] sionista y qu\u00e9 los motiva&hellip; Uno de los principios de la fe sionista es que los jud\u00edos son el Pueblo Elegido, y que Dios cre\u00f3 el universo para su causa&hellip; mientras los no-jud\u00edos fueron creados para servir a los jud\u00edos&hellip; [Seg\u00fan esta perspectiva], el exterminio de los palestinos es, en su integridad, un acto sagrado, que viene a rectificar una situaci\u00f3n an\u00f3mala y la hace correlativa con la voluntad divina&hellip;\u00bb <em>Al-Watan<\/em> (Arabia Saudita), 2 de enero, 2009.<\/p>\n<\/div>\n","protected":false},"excerpt":{"rendered":"<p>Introducci\u00f3n La guerra de Gaza hizo activar muchas expresiones de antisemitismo (es decir, declaraciones principalmente contra los jud\u00edos) en el mundo \u00e1rabe y musulm\u00e1n, ambos por l\u00edderes \u00e1rabes y pol\u00edticos y por redactores. En sus declaraciones, evocaron motivos antisemitas tomados de ambos fuentes isl\u00e1micas tradicionales y europeas. Caricaturas destacando motivos similares fueron publicadas en los [&hellip;]<\/p>\n","protected":false},"author":1,"featured_media":15349,"comment_status":"open","ping_status":"open","sticky":false,"template":"","format":"standard","meta":{"footnotes":""},"categories":[5,10],"tags":[],"class_list":["post-2886","post","type-post","status-publish","format-standard","has-post-thumbnail","hentry","category-analisis-e-investigacion","category-estudios-sobre-terrorismo-y-yihad"],"_links":{"self":[{"href":"https:\/\/www2.memri.org\/espanol\/wp-json\/wp\/v2\/posts\/2886","targetHints":{"allow":["GET"]}}],"collection":[{"href":"https:\/\/www2.memri.org\/espanol\/wp-json\/wp\/v2\/posts"}],"about":[{"href":"https:\/\/www2.memri.org\/espanol\/wp-json\/wp\/v2\/types\/post"}],"author":[{"embeddable":true,"href":"https:\/\/www2.memri.org\/espanol\/wp-json\/wp\/v2\/users\/1"}],"replies":[{"embeddable":true,"href":"https:\/\/www2.memri.org\/espanol\/wp-json\/wp\/v2\/comments?post=2886"}],"version-history":[{"count":0,"href":"https:\/\/www2.memri.org\/espanol\/wp-json\/wp\/v2\/posts\/2886\/revisions"}],"wp:featuredmedia":[{"embeddable":true,"href":"https:\/\/www2.memri.org\/espanol\/wp-json\/wp\/v2\/media\/15349"}],"wp:attachment":[{"href":"https:\/\/www2.memri.org\/espanol\/wp-json\/wp\/v2\/media?parent=2886"}],"wp:term":[{"taxonomy":"category","embeddable":true,"href":"https:\/\/www2.memri.org\/espanol\/wp-json\/wp\/v2\/categories?post=2886"},{"taxonomy":"post_tag","embeddable":true,"href":"https:\/\/www2.memri.org\/espanol\/wp-json\/wp\/v2\/tags?post=2886"}],"curies":[{"name":"wp","href":"https:\/\/api.w.org\/{rel}","templated":true}]}}