{"id":2841,"date":"2009-02-26T00:00:00","date_gmt":"2009-02-26T00:00:00","guid":{"rendered":"http:\/\/www2.memri.org\/espanol\/2009\/02\/26\/en-hizbullah-tv-fiscal-general-irani-qorban-ali-najaf-abadi-explica-los-diferentes-tipos-de-ejecuciones-en-iran\/"},"modified":"2009-02-26T00:00:00","modified_gmt":"2009-02-26T00:00:00","slug":"en-hizbullah-tv-fiscal-general-irani-qorban-ali-najaf-abadi-explica-los-diferentes-tipos-de-ejecuciones-en-iran","status":"publish","type":"post","link":"https:\/\/www2.memri.org\/espanol\/en-hizbullah-tv-fiscal-general-irani-qorban-ali-najaf-abadi-explica-los-diferentes-tipos-de-ejecuciones-en-iran\/2841","title":{"rendered":"En Hizbullah TV: Fiscal General iran\u00ed Qorban &#8216;Ali Najaf-Abadi explica los diferentes tipos de ejecuciones en Ir\u00e1n"},"content":{"rendered":"<div class=\"bodytext c1\">\n<p><em>A continuaci\u00f3n se presentan extractos de una entrevista con el Fiscal General iran\u00ed Qorban &#8216;Ali Najaf-Abadi la cual fue puesta al aire en el canal de televisi\u00f3n de Hizbullah Al-Manar TV el 11 de febrero, 2009.<\/em><\/p>\n<p><em>Para ver este segmento de video, visite <a href=\"http:\/\/www.memritv.org\/clip\/en\/2032.htm\">http:\/\/www.memritv.org\/clip\/en\/2032.htm<\/a>.<\/em><\/p>\n<p><em>PARA VER ESTE SEGMENTO DE VIDEO Y OTROS USTED DEBE ENTRAR AL PORTAL Y SUBSCRIBIRSE A MEMRI TV, EN<br \/><a href=\"http:\/\/subscriptions.memri.org\/content\/en\/member_registr_tv.htm\">http:\/\/subscriptions.memri.org\/content\/en\/member_registr_tv.htm<\/a>.<\/em> <em>LA INSCRIPCI\u00d6N ES<\/em> <em>TOTALMENTE GRATIS.<\/em><\/p>\n<p><strong>Cortarles las manos a los ladrones \u00abes muy raro; Los casos de <em>qisas<\/em> [ejecuciones por venganza por asesinato] son m\u00e1s comunes\u00bb<\/strong><\/p>\n<p><strong>Qorban &#8216;Ali Najaf-Abadi<\/strong>: \u00abEl cortarles las manos a los ladrones es algo muy raro. Casos de <em>qisas<\/em> [ejecuciones en venganza por asesinato] son m\u00e1s comunes. <em>Qisas<\/em> es prerrogativa individual de la familia de la v\u00edctima, y el gobierno no interviene en este asunto.<\/p>\n<p>\u00abUno de los temas protestados por Occidente es el <em>qisas<\/em>. Ellos confunden el <em>qisas<\/em> con la pena de muerte. El <em>qisas<\/em> no depende del gobierno. Es potestad de la familia de la v\u00edctima. Por ejemplo, si una persona es asesinada, y el padre del [asesino] lo pide, podemos pedirle a la familia de la v\u00edctima que lo absuelva&#8230; Disc\u00falpeme, la familia de&#8230; Esto est\u00e1 dentro de mi autoridad, pero nosotros no tenemos ning\u00fan derecho de presionarlos. Depende de la familia cuyo miembro fue asesinado &#8211; a veces con extrema brutalidad.<\/p>\n<p>\u00abEl mundo deber\u00eda saber que en la Rep\u00fablica Isl\u00e1mica de Ir\u00e1n, el <em>qisas<\/em> es potestad de la familia de la v\u00edctima. No es prerrogativa o una empresa del gobierno, y por consiguiente el gobierno no puede revocarlo o abstenerse de llevarlo a cabo. Es diferente respecto a la pena de muerte. <em>Qisas<\/em>, tal como dije, es potestad de individuos, y cuando una persona se le da muerta en una ejecuci\u00f3n de <em>qisas<\/em>, esta no es llamada &#8216;pena de muerte&#8217;. En lo que respecta a la pena de muerte &#8211; tenemos jueces, y las cortes emiten un veredicto seg\u00fan el <em>shari&#8217;a<\/em>\u00ab. [&#8230;]<\/p>\n<p><strong>\u00abIslam desea abolir la falta de seguridad financiera y econ\u00f3mica, y por consiguiente ordena el cortarles las manos&#8230;\u00bb<\/strong><\/p>\n<p>\u00abEn cuanto a cortarles las manos &#8211; estas sentencias tienen como prop\u00f3sito ser un disuasivo. El Islam quiere abolir la falta de seguridad financiera y econ\u00f3mica, y por consiguiente ordena el cortarles las manos. Esto previene al ladr\u00f3n a que hurte de nuevo. Nosotros no deber\u00edamos tener misericordia en alguien que roba repetidamente.<\/p>\n<p>[&#8230;]<\/p>\n<p>\u00abEste castigo es mejor que las prisiones, con todos sus efectos negativos, especialmente cuando se refiere a prisiones tales como Guant\u00e1namo y Abu Ghuraib. Los [estadounidenses] que cometieron todos esos cr\u00edmenes en Guant\u00e1namo &#8211; c\u00f3mo es posible que nadie echa una mirada a sus hechos brutales? Esta tortura es cien veces peor que el cortarles las manos. \u00bfC\u00f3mo es posible que no enfrenten juicio? No es que queremos cortarles las manos, pero no decimos que no lo haremos. Si es necesario, les cortaremos las manos a los ladrones, al igual que llev\u00e1remos a cabo las \u00abpenas de muerte\u00bb. [&#8230;]<\/p>\n<p><strong>\u00abEstos castigos isl\u00e1micos tienen como objeto advertir y castigar&#8230; son mejores que\u00bb la prisi\u00f3n<\/strong><\/p>\n<p>\u00abEl encarcelamiento y los castigos divinos son dos cosas diferentes. Nosotros, desgraciadamente, hemos adoptado las prisiones de Occidente. A veces las prisiones no rinden resultados positivos. Todo lo contrario. No es deseable imponer sentencias de prisi\u00f3n. No hay tal cosa en el Islam.<\/p>\n<p>\u00abTomen por ejemplo, el castigo por azotamiento. Ya que este castigo arruina la reputaci\u00f3n de una persona, este tiene un efecto positivo en lo que se refiere a la disuasi\u00f3n. Estos castigos isl\u00e1micos tienen como significado advertir y castigar, no torturar. Son mejores que sentenciar una persona a a\u00f1os en prisi\u00f3n, considerando especialmente la corrupci\u00f3n y todas las cosas malas que \u00e9l aprende all\u00ed. En la prisi\u00f3n, una persona aprende de nuevos cr\u00edmenes. Nosotros vemos esto sucediendo a trav\u00e9s de todo el mundo\u00bb.<\/p>\n<\/div>\n","protected":false},"excerpt":{"rendered":"<p>A continuaci\u00f3n se presentan extractos de una entrevista con el Fiscal General iran\u00ed Qorban &#8216;Ali Najaf-Abadi la cual fue puesta al aire en el canal de televisi\u00f3n de Hizbullah Al-Manar TV el 11 de febrero, 2009. Para ver este segmento de video, visite http:\/\/www.memritv.org\/clip\/en\/2032.htm. PARA VER ESTE SEGMENTO DE VIDEO Y OTROS USTED DEBE ENTRAR [&hellip;]<\/p>\n","protected":false},"author":1,"featured_media":0,"comment_status":"open","ping_status":"open","sticky":false,"template":"","format":"standard","meta":{"footnotes":""},"categories":[6,20,23],"tags":[],"class_list":["post-2841","post","type-post","status-publish","format-standard","hentry","category-comunicados-especiales","category-iran","category-autoridad-palestina"],"_links":{"self":[{"href":"https:\/\/www2.memri.org\/espanol\/wp-json\/wp\/v2\/posts\/2841","targetHints":{"allow":["GET"]}}],"collection":[{"href":"https:\/\/www2.memri.org\/espanol\/wp-json\/wp\/v2\/posts"}],"about":[{"href":"https:\/\/www2.memri.org\/espanol\/wp-json\/wp\/v2\/types\/post"}],"author":[{"embeddable":true,"href":"https:\/\/www2.memri.org\/espanol\/wp-json\/wp\/v2\/users\/1"}],"replies":[{"embeddable":true,"href":"https:\/\/www2.memri.org\/espanol\/wp-json\/wp\/v2\/comments?post=2841"}],"version-history":[{"count":0,"href":"https:\/\/www2.memri.org\/espanol\/wp-json\/wp\/v2\/posts\/2841\/revisions"}],"wp:attachment":[{"href":"https:\/\/www2.memri.org\/espanol\/wp-json\/wp\/v2\/media?parent=2841"}],"wp:term":[{"taxonomy":"category","embeddable":true,"href":"https:\/\/www2.memri.org\/espanol\/wp-json\/wp\/v2\/categories?post=2841"},{"taxonomy":"post_tag","embeddable":true,"href":"https:\/\/www2.memri.org\/espanol\/wp-json\/wp\/v2\/tags?post=2841"}],"curies":[{"name":"wp","href":"https:\/\/api.w.org\/{rel}","templated":true}]}}