{"id":28161,"date":"2017-05-11T18:57:07","date_gmt":"2017-05-11T22:57:07","guid":{"rendered":"http:\/\/www2.memri.org\/espanol\/?p=28161"},"modified":"2017-05-15T19:07:38","modified_gmt":"2017-05-15T23:07:38","slug":"proyecto-supervision-a-la-amenaza-terrorista-y-yihad-psaty-resumen-del-fin-de-semana-34","status":"publish","type":"post","link":"https:\/\/www2.memri.org\/espanol\/proyecto-supervision-a-la-amenaza-terrorista-y-yihad-psaty-resumen-del-fin-de-semana-34\/28161","title":{"rendered":"Proyecto Supervisi\u00f3n a la Amenaza Terrorista y Yihad (PSATY) Resumen del fin de semana"},"content":{"rendered":"<p>&nbsp;<\/p>\n<p><em>Lo siguiente son algunos de los informes de esta semana del Proyecto Supervisi\u00f3n a la Amenaza del Terrorismo y Yihad en MEMRI (PSATY), que traduce y analiza el contenido de fuentes supervisadas durante las 24 horas del d\u00eda, entre ellos los portales y blogs yihadistas m\u00e1s importantes. (Para ver estos informes en su totalidad, usted debe ser miembro del PSATY; para informaci\u00f3n sobre como subscribirse, env\u00ede un correo electr\u00f3nico a <a href=\"mailto:jttmsubs@memri.org\">jttmsubs@memri.org <\/a>con la &#8216;palabra \u00abMembrec\u00eda\u00bb en la l\u00ednea del tema.) <\/em><\/p>\n<p><strong><em>Nota a los medios de comunicaci\u00f3n y el gobierno: Para recibir una copia completa de estos informes, env\u00ede un correo electr\u00f3nico con el t\u00edtulo del informe en la l\u00ednea del tema a <a href=\"mailto:media@memri.org\">media@memri.org<\/a>. Por favor incluya su nombre, cargo, y la organizaci\u00f3n a la cual pertenece en su correo electr\u00f3nico.<\/em><\/strong><\/p>\n<p><a href=\"https:\/\/www.memri.org\/jttm\/british-extremist-uses-los-angeles-webhosting-company-run-pro-isis-website\"><strong>EXCLUSIVO: Extremista brit\u00e1nico utiliza compa\u00f1\u00eda de alojamiento de portales en Los Angeles para dirigir portal pro-EIIS<\/strong><\/a><\/p>\n<p><img loading=\"lazy\" decoding=\"async\" class=\"alignnone size-full wp-image-28196\" src=\"http:\/\/www2.memri.org\/espanol\/wp-content\/uploads\/2017\/05\/Weekly_1-3.jpg\" width=\"692\" height=\"631\" alt=\"\" srcset=\"https:\/\/www2.memri.org\/espanol\/wp-content\/uploads\/2017\/05\/Weekly_1-3.jpg 692w, https:\/\/www2.memri.org\/espanol\/wp-content\/uploads\/2017\/05\/Weekly_1-3-300x274.jpg 300w, https:\/\/www2.memri.org\/espanol\/wp-content\/uploads\/2017\/05\/Weekly_1-3-600x547.jpg 600w, https:\/\/www2.memri.org\/espanol\/wp-content\/uploads\/2017\/05\/Weekly_1-3-461x420.jpg 461w\" sizes=\"auto, (max-width: 692px) 100vw, 692px\" \/><\/p>\n<p>Un portal pro-Estado Isl\u00e1mico (EIIS) archiva video conferencias de cl\u00e9rigos extremistas, incluyendo al Jeque Musa Cerantonio, Abu Baraa, Anjem Choudary, Anwar Al-&#8216;Awlaki, Jeque Ahmad Musa Jibril y el Jeque Omar Bakri Muhammad.<\/p>\n<p><a href=\"https:\/\/www.memri.org\/jttm\/jihadi-social-media-review-jsm-ar-idaho-man-bosnian-origin-sympathizes-isis-facebook\"><strong>EXCLUSIVO: Revisi\u00f3n de los Medios Sociales Yihadistas &#8211; (RMS-Y): Hombre en Idaho de origen bosnio simpatiza con el EIIS en Facebook<\/strong><\/a><\/p>\n<p><img loading=\"lazy\" decoding=\"async\" class=\"alignnone size-full wp-image-28197\" src=\"http:\/\/www2.memri.org\/espanol\/wp-content\/uploads\/2017\/05\/Weekly-2_0-3.jpg\" width=\"538\" height=\"608\" alt=\"\" srcset=\"https:\/\/www2.memri.org\/espanol\/wp-content\/uploads\/2017\/05\/Weekly-2_0-3.jpg 538w, https:\/\/www2.memri.org\/espanol\/wp-content\/uploads\/2017\/05\/Weekly-2_0-3-265x300.jpg 265w, https:\/\/www2.memri.org\/espanol\/wp-content\/uploads\/2017\/05\/Weekly-2_0-3-372x420.jpg 372w\" sizes=\"auto, (max-width: 538px) 100vw, 538px\" \/><\/p>\n<p><em>La siguiente informaci\u00f3n tiene como base una visi\u00f3n general de una cuenta en las redes sociales que demuestra actividades y simpat\u00edas relacionadas al terrorismo.<\/em><\/p>\n<p><strong>Plataforma<\/strong>: Facebook<\/p>\n<p><strong>Tipo de cuenta<\/strong>: simpatizante del EIIS<\/p>\n<p><a href=\"https:\/\/www.memri.org\/jttm\/telegram-channel-operated-possible-american-isis-militant-posts-threats-updates-islamic-state\"><strong>EXCLUSIVO: Canal Telegram operado por posibles militantes estadounidenses del EIIS publica amenazas y actualizaciones del Estado Isl\u00e1mico<\/strong><\/a><\/p>\n<p><img loading=\"lazy\" decoding=\"async\" class=\"alignnone size-full wp-image-28198\" src=\"http:\/\/www2.memri.org\/espanol\/wp-content\/uploads\/2017\/05\/pic-1_114-3.jpg\" width=\"587\" height=\"589\" alt=\"https:\/\/www.memri.org\/sites\/default\/files\/new_images\/pic%201_114.jpg\" srcset=\"https:\/\/www2.memri.org\/espanol\/wp-content\/uploads\/2017\/05\/pic-1_114-3.jpg 587w, https:\/\/www2.memri.org\/espanol\/wp-content\/uploads\/2017\/05\/pic-1_114-3-150x150.jpg 150w, https:\/\/www2.memri.org\/espanol\/wp-content\/uploads\/2017\/05\/pic-1_114-3-300x300.jpg 300w, https:\/\/www2.memri.org\/espanol\/wp-content\/uploads\/2017\/05\/pic-1_114-3-419x420.jpg 419w, https:\/\/www2.memri.org\/espanol\/wp-content\/uploads\/2017\/05\/pic-1_114-3-32x32.jpg 32w, https:\/\/www2.memri.org\/espanol\/wp-content\/uploads\/2017\/05\/pic-1_114-3-50x50.jpg 50w, https:\/\/www2.memri.org\/espanol\/wp-content\/uploads\/2017\/05\/pic-1_114-3-64x64.jpg 64w, https:\/\/www2.memri.org\/espanol\/wp-content\/uploads\/2017\/05\/pic-1_114-3-96x96.jpg 96w, https:\/\/www2.memri.org\/espanol\/wp-content\/uploads\/2017\/05\/pic-1_114-3-128x128.jpg 128w\" sizes=\"auto, (max-width: 587px) 100vw, 587px\" \/><\/p>\n<p><em>El 25 de febrero, 2017 un canal en Telegram fue creado, no est\u00e1 claro si el creador del canal es un norteamericano utilizando este alias, o si el canal lleva el nombre del difunto suicida estadounidense del EIIS del mismo nombre.<\/em><\/p>\n<p><a href=\"https:\/\/www.memri.org\/jttm\/pro-isis-telegram-group-threatens-us%E2%80%8E\"><strong>Grupo pro-EIIS en Telegram amenaza a los Estados Unidos<\/strong><\/a><\/p>\n<p><img loading=\"lazy\" decoding=\"async\" class=\"alignnone size-full wp-image-28199\" src=\"http:\/\/www2.memri.org\/espanol\/wp-content\/uploads\/2017\/05\/2_56-3.jpg\" width=\"559\" height=\"341\" alt=\"https:\/\/www.memri.org\/sites\/default\/files\/new_images\/jttm\/2_56.jpg\" srcset=\"https:\/\/www2.memri.org\/espanol\/wp-content\/uploads\/2017\/05\/2_56-3.jpg 559w, https:\/\/www2.memri.org\/espanol\/wp-content\/uploads\/2017\/05\/2_56-3-300x183.jpg 300w\" sizes=\"auto, (max-width: 559px) 100vw, 559px\" \/><\/p>\n<p>El 9 de mayo, 2017 un grupo pro-Estado Isl\u00e1mico (EIIS) public\u00f3 un afiche con una amenaza de ataques contra los Estados Unidos<\/p>\n<p><a href=\"https:\/\/www.memri.org\/jttm\/isis-claims-attack-base-housing-us-forces-iraq\"><strong>EXCLUSIVO: El EIIS clama ataque contra base que alberga a las fuerzas estadounidenses en Irak<\/strong><\/a><\/p>\n<p><img loading=\"lazy\" decoding=\"async\" class=\"alignnone size-full wp-image-28200\" src=\"http:\/\/www2.memri.org\/espanol\/wp-content\/uploads\/2017\/05\/photo_2017-05-07_11-04-10-3.jpg\" width=\"768\" height=\"432\" alt=\"https:\/\/www.memri.org\/sites\/default\/files\/new_images\/photo_2017-05-07_11-04-10.jpg\" srcset=\"https:\/\/www2.memri.org\/espanol\/wp-content\/uploads\/2017\/05\/photo_2017-05-07_11-04-10-3.jpg 768w, https:\/\/www2.memri.org\/espanol\/wp-content\/uploads\/2017\/05\/photo_2017-05-07_11-04-10-3-300x169.jpg 300w, https:\/\/www2.memri.org\/espanol\/wp-content\/uploads\/2017\/05\/photo_2017-05-07_11-04-10-3-600x338.jpg 600w, https:\/\/www2.memri.org\/espanol\/wp-content\/uploads\/2017\/05\/photo_2017-05-07_11-04-10-3-696x392.jpg 696w, https:\/\/www2.memri.org\/espanol\/wp-content\/uploads\/2017\/05\/photo_2017-05-07_11-04-10-3-747x420.jpg 747w\" sizes=\"auto, (max-width: 768px) 100vw, 768px\" \/><\/p>\n<p>El 7 de mayo, 2017 el Estado Isl\u00e1mico (EIIS) se responsabiliz\u00f3 por un ataque a la base militar de Kiwan en Irak, al suroeste de Kirkuk.<\/p>\n<p><a href=\"https:\/\/www.memri.org\/jttm\/aqap-leader-qasim-al-rimi-commends-orlando-night-club-shooter-calls-muslims-living-west-target\"><strong>L\u00edder de AQPA Qasim Al-Rimi elogia al atacante suicida del club nocturno en Orlando y pide a los musulmanes que viven en Occidente que tengan en la mira a ciudadanos estadounidenses<\/strong><\/a><\/p>\n<p><img loading=\"lazy\" decoding=\"async\" class=\"alignnone size-full wp-image-28201\" src=\"http:\/\/www2.memri.org\/espanol\/wp-content\/uploads\/2017\/05\/Qasim_Rimi_Inspire_Speech-3.jpg\" width=\"600\" height=\"335\" alt=\"https:\/\/www.memri.org\/sites\/default\/files\/new_images\/Qasim_Rimi_Inspire_Speech.jpg\" srcset=\"https:\/\/www2.memri.org\/espanol\/wp-content\/uploads\/2017\/05\/Qasim_Rimi_Inspire_Speech-3.jpg 600w, https:\/\/www2.memri.org\/espanol\/wp-content\/uploads\/2017\/05\/Qasim_Rimi_Inspire_Speech-3-300x168.jpg 300w\" sizes=\"auto, (max-width: 600px) 100vw, 600px\" \/><\/p>\n<p>El 7 de mayo, 2017 Al-Malahem, el brazo medi\u00e1tico de Al Qaeda en la Pen\u00ednsula Ar\u00e1biga (AQPA), dio a conocer un video destacando al l\u00edder del grupo Qasim Al-Rimi elogiando a Omar Mateen, el atacante del club nocturno en Orlando en el 2016 e insta a los musulmanes que viven en Occidente a que lleven a cabo ataques similares con el fin de vengar los asesinatos de musulmanes alrededor del mundo.<\/p>\n<p><a href=\"https:\/\/www.memri.org\/jttm\/issue-9-isiss-rumiyah-magazine-urges-jihadis-kill-egyptian-priests-enslave-coptic-men-and-women\"><strong>La edici\u00f3n No. 9 de la revista del EIIS &#8216;<em>Rumiyah<\/em>&#8216; insta a yihadistas a asesinar sacerdotes egipcios, esclavizar a hombres y mujeres coptos y destruir sus iglesias<\/strong><\/a><\/p>\n<p><img loading=\"lazy\" decoding=\"async\" class=\"alignnone size-full wp-image-28202\" src=\"http:\/\/www2.memri.org\/espanol\/wp-content\/uploads\/2017\/05\/ISIS_Justifies_Killing_Christians-3.jpg\" width=\"600\" height=\"465\" alt=\"https:\/\/www.memri.org\/sites\/default\/files\/new_images\/ISIS_Justifies_Killing_Christians.jpg\" srcset=\"https:\/\/www2.memri.org\/espanol\/wp-content\/uploads\/2017\/05\/ISIS_Justifies_Killing_Christians-3.jpg 600w, https:\/\/www2.memri.org\/espanol\/wp-content\/uploads\/2017\/05\/ISIS_Justifies_Killing_Christians-3-300x233.jpg 300w, https:\/\/www2.memri.org\/espanol\/wp-content\/uploads\/2017\/05\/ISIS_Justifies_Killing_Christians-3-542x420.jpg 542w\" sizes=\"auto, (max-width: 600px) 100vw, 600px\" \/><\/p>\n<p>El 4 de mayo, 2017 el Estado Isl\u00e1mico (EIIS) public\u00f3 la edici\u00f3n No. 9 de su revista mensual <em>Rumiyah<\/em>, destacando un art\u00edculo que justificaba el asesinato, esclavitud y encarcelamiento de cristianos en Egipto, incluyendo a sacerdotes y a hombres y mujeres de todas las edades. Los enlaces al \u00faltimo n\u00famero de <em>Rumiyah<\/em> fueron publicados en varios canales pro-EIIS de la plataforma en Internet Telegram y en cuentas Twitter.<\/p>\n<p><a href=\"https:\/\/www.memri.org\/jttm\/issue-9-isiss-rumiyah-magazine-promotes-new-angle-%E2%80%8E-taking-westerners-hostages-%E2%80%93-solely\"><strong>La edici\u00f3n No. 9 de la revista del EIIS &#8216;<em>Rumiyah<\/em>&#8216; promueve un nuevo \u00e1ngulo para tomar como rehenes a occidentales &#8211; solamente para ser ejecutado y darle publicidad al EIIS<\/strong><\/a><\/p>\n<p><strong><em>El siguiente informe es cortes\u00eda del Proyecto Supervisi\u00f3n a la Amenaza Terrorista y Yihad en MEMRI (PSATY). Para informaci\u00f3n sobre como suscribirse al PSATY, haga <a href=\"http:\/\/memri.convio.net\/site\/R?i=OFlfVTXKT9z6PCETKu8cFw\">clic aqu\u00ed.<\/a><\/em><\/strong><\/p>\n<p>La edici\u00f3n No. 9 de la revista del Estado Isl\u00e1mico (EIIS) <em>Rumiyah<\/em>, dada a conocer en la red el 4 de mayo, 2017 ofreci\u00f3 varias sugerencias a simpatizantes del grupo que viven en Occidente para que asesinen a no musulmanes entre ellos.<\/p>\n<p><a href=\"https:\/\/www.memri.org\/jttm\/isis-releases-beheading-video-alleged-russian-spy\"><strong>El EIIS da a conocer v\u00eddeo de decapitaci\u00f3n a presunto esp\u00eda ruso<\/strong><\/a><\/p>\n<p><img loading=\"lazy\" decoding=\"async\" class=\"alignnone size-full wp-image-28203\" src=\"http:\/\/www2.memri.org\/espanol\/wp-content\/uploads\/2017\/05\/jttm0509-3.jpg\" width=\"867\" height=\"476\" alt=\"https:\/\/www.memri.org\/sites\/default\/files\/new_images\/jttm0509.jpg\" srcset=\"https:\/\/www2.memri.org\/espanol\/wp-content\/uploads\/2017\/05\/jttm0509-3.jpg 867w, https:\/\/www2.memri.org\/espanol\/wp-content\/uploads\/2017\/05\/jttm0509-3-300x165.jpg 300w, https:\/\/www2.memri.org\/espanol\/wp-content\/uploads\/2017\/05\/jttm0509-3-768x422.jpg 768w, https:\/\/www2.memri.org\/espanol\/wp-content\/uploads\/2017\/05\/jttm0509-3-600x329.jpg 600w, https:\/\/www2.memri.org\/espanol\/wp-content\/uploads\/2017\/05\/jttm0509-3-696x382.jpg 696w, https:\/\/www2.memri.org\/espanol\/wp-content\/uploads\/2017\/05\/jttm0509-3-765x420.jpg 765w\" sizes=\"auto, (max-width: 867px) 100vw, 867px\" \/><\/p>\n<p>El 8 de mayo, 2017 el medio de comunicaci\u00f3n del Estado Isl\u00e1mico (EIIS) Furat Media, public\u00f3 un video de 12 minutos de duraci\u00f3n en ruso titulado \u00abBancarrota Total\u00bb mostrando la decapitaci\u00f3n de un hombre acusado de ser un oficial del FSB, los servicios de inteligencia rusos. El video fue dado a conocer y distribuido a trav\u00e9s de los canales del EIIS en la plataforma Telegram.<\/p>\n<p><a href=\"https:\/\/www.memri.org\/jttm\/isis-claims-attack-headquarters-coalition-backed-militias-syria-jordan-border-isis-supporters\"><strong>El EIIS clama ataque contra la sede de milicias respaldadas por la coalici\u00f3n en la frontera entre Siria y Jordania; partidarios del EIIS prometen nuevos ataques contra la coalici\u00f3n y contra Jordania<\/strong><\/a><\/p>\n<p><img loading=\"lazy\" decoding=\"async\" class=\"alignnone size-full wp-image-28204\" src=\"http:\/\/www2.memri.org\/espanol\/wp-content\/uploads\/2017\/05\/ISIS1-4.png\" width=\"500\" height=\"281\" alt=\"https:\/\/www.memri.org\/sites\/default\/files\/new_images\/ISIS1.png\" srcset=\"https:\/\/www2.memri.org\/espanol\/wp-content\/uploads\/2017\/05\/ISIS1-4.png 500w, https:\/\/www2.memri.org\/espanol\/wp-content\/uploads\/2017\/05\/ISIS1-4-300x169.png 300w\" sizes=\"auto, (max-width: 500px) 100vw, 500px\" \/><\/p>\n<p>Un comunicado oficial emitido el 8 de mayo, 2017 por el EIIS en la \u00abProvincia de Damasco\u00bb se responsabiliza por un ataque el 4 de mayo contra la sede de las milicias tribales respaldadas por la coalici\u00f3n internacional. El comunicado fue publicado por la agencia de noticias afiliada al EIIS Nashir News y en otros lugares.<\/p>\n<p><a href=\"https:\/\/www.memri.org\/jttm\/french-speaking-al-qaeda-operative-calls-defeated-isis-fighters-join-hts-western-syria\"><strong>Agente de Al-Qaeda de habla francesa llama a derrotar a combatientes del EIIS para unirse al HTS en Siria occidental<\/strong><\/a><\/p>\n<p><img loading=\"lazy\" decoding=\"async\" class=\"alignnone size-full wp-image-28205\" src=\"http:\/\/www2.memri.org\/espanol\/wp-content\/uploads\/2017\/05\/Dehgan-1b-2.jpg\" width=\"434\" height=\"160\" alt=\"https:\/\/www.memri.org\/sites\/default\/files\/new_images\/Dehgan%20%281%29b.jpg\" srcset=\"https:\/\/www2.memri.org\/espanol\/wp-content\/uploads\/2017\/05\/Dehgan-1b-2.jpg 434w, https:\/\/www2.memri.org\/espanol\/wp-content\/uploads\/2017\/05\/Dehgan-1b-2-300x111.jpg 300w\" sizes=\"auto, (max-width: 434px) 100vw, 434px\" \/><\/p>\n<p>El 8 de mayo, 2017 un agente de los medios de comunicaci\u00f3n de habla francesa perteneciente a Al-Qaeda public\u00f3 un mensaje en su canal Telegrama llamando a combatientes del Estado Isl\u00e1mico (EIIS) a unirse a su grupo.<\/p>\n<p><a href=\"https:\/\/www.memri.org\/jttm\/hts-threatens-fight-turkey-linked-syrian-opposition-factions-if-they-try-invade-idlib\"><strong>HTS amenaza combatir a las facciones de la oposici\u00f3n siria vinculadas a Turqu\u00eda si intentan invadir Idlib<\/strong><\/a><\/p>\n<p><img loading=\"lazy\" decoding=\"async\" class=\"alignnone size-full wp-image-28206\" src=\"http:\/\/www2.memri.org\/espanol\/wp-content\/uploads\/2017\/05\/Weekly-11_0-1.png\" width=\"425\" height=\"403\" alt=\"\" srcset=\"https:\/\/www2.memri.org\/espanol\/wp-content\/uploads\/2017\/05\/Weekly-11_0-1.png 425w, https:\/\/www2.memri.org\/espanol\/wp-content\/uploads\/2017\/05\/Weekly-11_0-1-300x284.png 300w\" sizes=\"auto, (max-width: 425px) 100vw, 425px\" \/><\/p>\n<p>El 9 de mayo, 2017 el Consejo Fatua de Hay&#8217;at Tahrir Al-Sham (HTS) emiti\u00f3 un comunicado en el que etiquet\u00f3 a todos los que aceptan el tratado de Astana de traidores y pidi\u00f3 a cada musulm\u00e1n oponerse a este acuerdo. Tambi\u00e9n conden\u00f3 a las facciones de oposici\u00f3n sirias vinculadas a Turqu\u00eda que pretenden ingresar a Idlib a trav\u00e9s de Turqu\u00eda y exhort\u00f3 a todos los musulmanes a combatir contra ellos.<\/p>\n<p><a href=\"https:\/\/www.memri.org\/jttm\/palestinian-youth-posts-photos-himself-brandishing-weapons-wearing-israeli-police-uniform\"><strong>Joven palestino publica fotos de s\u00ed mismo blandiendo armas, utilizando uniformes de la polic\u00eda israel\u00ed, en Instagram y Facebook<\/strong><\/a><\/p>\n<p><img loading=\"lazy\" decoding=\"async\" class=\"alignnone size-full wp-image-28207\" src=\"http:\/\/www2.memri.org\/espanol\/wp-content\/uploads\/2017\/05\/Weekly-12_0-1.jpg\" width=\"402\" height=\"559\" alt=\"\" srcset=\"https:\/\/www2.memri.org\/espanol\/wp-content\/uploads\/2017\/05\/Weekly-12_0-1.jpg 402w, https:\/\/www2.memri.org\/espanol\/wp-content\/uploads\/2017\/05\/Weekly-12_0-1-216x300.jpg 216w, https:\/\/www2.memri.org\/espanol\/wp-content\/uploads\/2017\/05\/Weekly-12_0-1-302x420.jpg 302w\" sizes=\"auto, (max-width: 402px) 100vw, 402px\" \/><\/p>\n<p><em>Un joven palestino que se hace llamar a s\u00ed mismo Yazeed Al Rajaba en ambas de sus cuentas Facebook e Instagram, ha subido fotos a ambas plataformas que este dice son suyas.<\/em><\/p>\n<p><a href=\"https:\/\/www.memri.org\/jttm\/isis-forum-opens-new-section-facilitate-access-sharing-%E2%80%8E-isis-content-%E2%80%8E\"><strong>Foro del EIIS abre nueva secci\u00f3n para facilitar el acceso y compartir contenido del EIIS<\/strong><\/a><\/p>\n<p><img loading=\"lazy\" decoding=\"async\" class=\"alignnone size-full wp-image-28208\" src=\"http:\/\/www2.memri.org\/espanol\/wp-content\/uploads\/2017\/05\/3_38-1.jpg\" width=\"1004\" height=\"425\" alt=\"https:\/\/www.memri.org\/sites\/default\/files\/new_images\/jttm\/3_38.jpg\" srcset=\"https:\/\/www2.memri.org\/espanol\/wp-content\/uploads\/2017\/05\/3_38-1.jpg 1004w, https:\/\/www2.memri.org\/espanol\/wp-content\/uploads\/2017\/05\/3_38-1-300x127.jpg 300w, https:\/\/www2.memri.org\/espanol\/wp-content\/uploads\/2017\/05\/3_38-1-768x325.jpg 768w, https:\/\/www2.memri.org\/espanol\/wp-content\/uploads\/2017\/05\/3_38-1-600x254.jpg 600w, https:\/\/www2.memri.org\/espanol\/wp-content\/uploads\/2017\/05\/3_38-1-696x295.jpg 696w, https:\/\/www2.memri.org\/espanol\/wp-content\/uploads\/2017\/05\/3_38-1-992x420.jpg 992w\" sizes=\"auto, (max-width: 1004px) 100vw, 1004px\" \/><\/p>\n<p>La semana pasada, fue abierta una nueva secci\u00f3n en el foro Shumoukh Al-Islam que ofrece f\u00e1cil acceso al contenido previamente publicado por el Estado Isl\u00e1mico (EIIS).<\/p>\n<p><a href=\"https:\/\/www.memri.org\/jttm\/isis-distribution-group-opens-instagram-account\"><strong>Grupo de distribuci\u00f3n del EIIS abre cuenta en Instagram<\/strong><\/a><\/p>\n<p><img loading=\"lazy\" decoding=\"async\" class=\"alignnone size-full wp-image-28209\" src=\"http:\/\/www2.memri.org\/espanol\/wp-content\/uploads\/2017\/05\/Screenshot_1_3-1.jpg\" width=\"580\" height=\"540\" alt=\"https:\/\/www.memri.org\/sites\/default\/files\/new_images\/Screenshot_1_3.jpg\" srcset=\"https:\/\/www2.memri.org\/espanol\/wp-content\/uploads\/2017\/05\/Screenshot_1_3-1.jpg 580w, https:\/\/www2.memri.org\/espanol\/wp-content\/uploads\/2017\/05\/Screenshot_1_3-1-300x279.jpg 300w, https:\/\/www2.memri.org\/espanol\/wp-content\/uploads\/2017\/05\/Screenshot_1_3-1-451x420.jpg 451w\" sizes=\"auto, (max-width: 580px) 100vw, 580px\" \/><\/p>\n<p>El 11 de mayo, 2017 la Agencia de Noticias Nashir, un grupo de distribuci\u00f3n medi\u00e1tico afiliado al Estado Isl\u00e1mico (EIIS), anunci\u00f3 que hab\u00eda abierto una cuenta en Instagram. Nashir News opera decenas de canales en la plataforma Telegram que difunden los comunicados oficiales de prensa del EIIS. Para el momento de escribir esta noticia la nueva cuenta no hab\u00eda publicado nada.<\/p>\n","protected":false},"excerpt":{"rendered":"<p>&nbsp; Lo siguiente son algunos de los informes de esta semana del Proyecto Supervisi\u00f3n a la Amenaza del Terrorismo y Yihad en MEMRI (PSATY), que traduce y analiza el contenido de fuentes supervisadas durante las 24 horas del d\u00eda, entre ellos los portales y blogs yihadistas m\u00e1s importantes. (Para ver estos informes en su totalidad, [&hellip;]<\/p>\n","protected":false},"author":1,"featured_media":28181,"comment_status":"open","ping_status":"open","sticky":false,"template":"","format":"standard","meta":{"footnotes":""},"categories":[4,10,9,7,2],"tags":[],"class_list":["post-28161","post","type-post","status-publish","format-standard","has-post-thumbnail","hentry","category-archivos","category-estudios-sobre-terrorismo-y-yihad","category-temas","category-reportes-especiales","category-featured"],"_links":{"self":[{"href":"https:\/\/www2.memri.org\/espanol\/wp-json\/wp\/v2\/posts\/28161","targetHints":{"allow":["GET"]}}],"collection":[{"href":"https:\/\/www2.memri.org\/espanol\/wp-json\/wp\/v2\/posts"}],"about":[{"href":"https:\/\/www2.memri.org\/espanol\/wp-json\/wp\/v2\/types\/post"}],"author":[{"embeddable":true,"href":"https:\/\/www2.memri.org\/espanol\/wp-json\/wp\/v2\/users\/1"}],"replies":[{"embeddable":true,"href":"https:\/\/www2.memri.org\/espanol\/wp-json\/wp\/v2\/comments?post=28161"}],"version-history":[{"count":0,"href":"https:\/\/www2.memri.org\/espanol\/wp-json\/wp\/v2\/posts\/28161\/revisions"}],"wp:featuredmedia":[{"embeddable":true,"href":"https:\/\/www2.memri.org\/espanol\/wp-json\/wp\/v2\/media\/28181"}],"wp:attachment":[{"href":"https:\/\/www2.memri.org\/espanol\/wp-json\/wp\/v2\/media?parent=28161"}],"wp:term":[{"taxonomy":"category","embeddable":true,"href":"https:\/\/www2.memri.org\/espanol\/wp-json\/wp\/v2\/categories?post=28161"},{"taxonomy":"post_tag","embeddable":true,"href":"https:\/\/www2.memri.org\/espanol\/wp-json\/wp\/v2\/tags?post=28161"}],"curies":[{"name":"wp","href":"https:\/\/api.w.org\/{rel}","templated":true}]}}