{"id":28138,"date":"2017-05-11T13:46:35","date_gmt":"2017-05-11T17:46:35","guid":{"rendered":"http:\/\/www2.memri.org\/espanol\/?p=28138"},"modified":"2017-05-12T13:50:54","modified_gmt":"2017-05-12T17:50:54","slug":"tras-publicacion-de-video-en-memri-tv-de-un-predicador-en-copenhague-citando-el-hadith-sobre-el-asesinar-a-judios-e-indicando-que-el-califato-librara-el-yihad-contra-sus-enemigos-el-gobierno-danes-to","status":"publish","type":"post","link":"https:\/\/www2.memri.org\/espanol\/tras-publicacion-de-video-en-memri-tv-de-un-predicador-en-copenhague-citando-el-hadith-sobre-el-asesinar-a-judios-e-indicando-que-el-califato-librara-el-yihad-contra-sus-enemigos-el-gobierno-danes-to\/28138","title":{"rendered":"Tras publicaci\u00f3n de video en MEMRI TV de un predicador en Copenhague citando el hadith sobre el asesinar a jud\u00edos e indicando que el califato librar\u00e1 el yihad contra sus enemigos, el gobierno dan\u00e9s toma medidas en su contra; el video fue compartido por los medios de comunicaci\u00f3n en toda Europa"},"content":{"rendered":"<p><em>MEMRI ha expuesto de nuevo a un predicador que incita al asesinato y al yihad y ha provocado reacciones de gobiernos y de los medios de comunicaci\u00f3n en toda Europa, tal como ha ocurrido anteriormente en Alemania, Espa\u00f1a, Italia, B\u00e9lgica, Francia y Canad\u00e1.<\/em><\/p>\n<p><em>El 8 de mayo, 2017 MEMRI TV dio a conocer un segmento de video de un serm\u00f3n de los viernes del predicador Mundhir Abdallah el 31 de marzo, 2017 en la Mezquita Al-Faruq en Copenhague, Dinamarca citando el hadith antisemita que declara que los musulmanes asesinar\u00e1n a los jud\u00edos el D\u00eda del Juicio Final. Este a\u00f1adi\u00f3 que pronto habr\u00e1 un Califato que \u00ablibrar\u00e1 el yihad contra sus enemigos\u00bb, \u00abliberar\u00e1 la Mezquita Al-Aqsa de la inmundicia de los sionistas\u00bb y \u00abarrancar\u00e1 de ra\u00edz a la entidad jud\u00eda, esa base colonialista y cruzada\u00bb. El serm\u00f3n fue publicado en el canal YouTube de la Mezquita Al-Faruq el 7 de mayo, 2017.<\/em><\/p>\n<p><em><a href=\"http:\/\/www.memri.org\/tv\/copenhagen-imam-eve-terror-attack-prophet-engaged-war-not-dialogue-jews\">Previamente, MEMRI TV dio a conocer un segmento de video de un serm\u00f3n el 13 de febrero, 2015 <\/a>en la misma mezquita por su imam Hajj Saeed, rechazando el di\u00e1logo interreligioso y explicando que el Profeta Mahoma hab\u00eda librado una guerra contra sus vecinos jud\u00edos en lugar de dialogar con ellos. Seg\u00fan el presentador Omar Al-Hussein, quien estuvo detr\u00e1s de las varias balaceras al d\u00eda siguiente en Copenhague y que dej\u00f3 dos muertos, hab\u00eda visitado la mezquita el d\u00eda del serm\u00f3n.<a href=\"#_edn1\" name=\"_ednref1\"><strong>[1]<\/strong><\/a><\/em><\/p>\n<p><em>Luego de haber dado a conocer el video clip del serm\u00f3n el 31 de marzo, 2017 miembros del gobierno dan\u00e9s denunciaron el serm\u00f3n y pidieron una investigaci\u00f3n al Ministerio de Justicia. El video tambi\u00e9n fue cubierto por la AFP, la BBC, Le F\u00edgaro y otros medios de comunicaci\u00f3n europeos. Todos los informes citaron a MEMRI; Algunos tambi\u00e9n incorporaron el segmento de video de MEMRI TV a sus canales informativos.<\/em><\/p>\n<p><a href=\"http:\/\/www.memri.org\/tv\/copenhagen-imam-eve-terror-attack-prophet-engaged-war-not-dialogue-jews\"><i><img loading=\"lazy\" decoding=\"async\" class=\"alignnone size-full wp-image-28146\" src=\"http:\/\/www2.memri.org\/espanol\/wp-content\/uploads\/2017\/05\/Capture601332-2.jpg\" width=\"649\" height=\"367\" alt=\"\" srcset=\"https:\/\/www2.memri.org\/espanol\/wp-content\/uploads\/2017\/05\/Capture601332-2.jpg 649w, https:\/\/www2.memri.org\/espanol\/wp-content\/uploads\/2017\/05\/Capture601332-2-300x170.jpg 300w, https:\/\/www2.memri.org\/espanol\/wp-content\/uploads\/2017\/05\/Capture601332-2-600x339.jpg 600w\" sizes=\"auto, (max-width: 649px) 100vw, 649px\" \/><\/i><\/a><\/p>\n<p>Parlamentarios daneses denuncian el serm\u00f3n y piden una investigaci\u00f3n del Ministerio de Justicia: \u00abEsto es totalmente inaceptable\u00bb; \u00abEs algo muy, pero muy grave\u00bb<\/p>\n<p>Tanto el Partido Popular dan\u00e9s como los socialdem\u00f3cratas dijeron que se pondr\u00edan en contacto con el Ministro de Justicia S\u00f8ren Pape Poulsen. El portavoz del Partido Popular dan\u00e9s Peter Kofod Poulsen dijo: \u00abEsto es totalmente inaceptable: nadie deber\u00eda soportar amenazas de asesinato. Por lo tanto, deben realizarse acciones firmes contra el imam y tambi\u00e9n debemos examinar si esta mezquita es generalmente un lugar en donde se propaga el odio. Nos pondremos en contacto con el ministro. Claramente, algo debe hacerse sobre la base de estas declaraciones. Sobre todo, quisiera que la mezquita fuese cerrara\u00bb.<a href=\"#_edn2\" name=\"_ednref2\">[2]<\/a><\/p>\n<p>Se inform\u00f3 que el parlamentario social-dem\u00f3crata Lars Aslan Rasmussen tambi\u00e9n ten\u00eda la intenci\u00f3n de preguntarle al Ministro de Justicia Poulsen sobre el caso. Este dijo: \u00abPuede que exista ambos una violaci\u00f3n al P\u00e1rrafo sobre el Racismo y a la de la Ley del Imam, donde se ha acordado que ciertas declaraciones de predicadores religiosos sean criminalizadas\u00bb. Este agreg\u00f3: \u00abEs muy, pero muy grave y ciertamente nosotros no podemos vivir con imames hablando as\u00ed en su congregaci\u00f3n\u00bb.<\/p>\n<p>Ministra de inmigraci\u00f3n e integraci\u00f3n de Dinamarca en Facebook: \u00abNo podemos ni debemos aceptar esto\u00bb<\/p>\n<p>La ministra de Inmigraci\u00f3n e Integraci\u00f3n de Dinamarca Inger St\u00f8jberg public\u00f3 el video en su p\u00e1gina Facebook y escribi\u00f3: \u00abEsto es totalmente absurdo, antidemocr\u00e1tico y terrible, pero tambi\u00e9n demuestra el por qu\u00e9 tenemos que tener una pol\u00edtica dura y consistente. No podemos ni debemos aceptar esto!\u00bb<a href=\"#_edn3\" name=\"_ednref3\">[3]<\/a><\/p>\n<p><img loading=\"lazy\" decoding=\"async\" class=\"alignnone size-full wp-image-28147\" src=\"http:\/\/www2.memri.org\/espanol\/wp-content\/uploads\/2017\/05\/Capture601331-1.jpg\" width=\"540\" height=\"576\" alt=\"\" srcset=\"https:\/\/www2.memri.org\/espanol\/wp-content\/uploads\/2017\/05\/Capture601331-1.jpg 540w, https:\/\/www2.memri.org\/espanol\/wp-content\/uploads\/2017\/05\/Capture601331-1-281x300.jpg 281w, https:\/\/www2.memri.org\/espanol\/wp-content\/uploads\/2017\/05\/Capture601331-1-394x420.jpg 394w\" sizes=\"auto, (max-width: 540px) 100vw, 540px\" \/><\/p>\n<p>Profesor de derecho penal: El serm\u00f3n es una violaci\u00f3n clara de la ley<\/p>\n<p>Adicionalmente, el profesor de derecho penal J\u00f8rn Vestergaard explic\u00f3 que el serm\u00f3n fue una clara violaci\u00f3n tanto del C\u00f3digo Penal 266b, conocido como la Secci\u00f3n sobre Racismo y el 136 p\u00e1rrafo 3, conocido como la Cl\u00e1usula Imam. Este dijo que aunque el predicador cita los hadith y que por lo tanto estas no eran sus propias palabras, ello no lo exime de responsabilidad de utilizar palabras de otros o citas de las escrituras como propias cuando el significado es claramente endosar y transmitir el mensaje.<a href=\"#_edn4\" name=\"_ednref4\">[4]<\/a><\/p>\n<p>V\u00e9ase el video del serm\u00f3n en MEMRI TV<\/p>\n<p><em>Para ver el segmento de video del serm\u00f3n en MEMRI TV, haga <a href=\"https:\/\/www.memri.org\/tv\/copenhagen-friday-sermon-antisemitic-hadith-caliphate\">clic aqu\u00ed.<\/a><\/em><\/p>\n<p><img loading=\"lazy\" decoding=\"async\" class=\"alignnone size-full wp-image-28148\" src=\"http:\/\/www2.memri.org\/espanol\/wp-content\/uploads\/2017\/05\/Capture601333-1.jpg\" width=\"906\" height=\"338\" alt=\"\" srcset=\"https:\/\/www2.memri.org\/espanol\/wp-content\/uploads\/2017\/05\/Capture601333-1.jpg 906w, https:\/\/www2.memri.org\/espanol\/wp-content\/uploads\/2017\/05\/Capture601333-1-300x112.jpg 300w, https:\/\/www2.memri.org\/espanol\/wp-content\/uploads\/2017\/05\/Capture601333-1-768x287.jpg 768w, https:\/\/www2.memri.org\/espanol\/wp-content\/uploads\/2017\/05\/Capture601333-1-600x224.jpg 600w, https:\/\/www2.memri.org\/espanol\/wp-content\/uploads\/2017\/05\/Capture601333-1-696x260.jpg 696w\" sizes=\"auto, (max-width: 906px) 100vw, 906px\" \/><\/p>\n<p><img loading=\"lazy\" decoding=\"async\" class=\"alignnone size-full wp-image-28149\" src=\"http:\/\/www2.memri.org\/espanol\/wp-content\/uploads\/2017\/05\/Capture601334-1.jpg\" width=\"912\" height=\"340\" alt=\"\" srcset=\"https:\/\/www2.memri.org\/espanol\/wp-content\/uploads\/2017\/05\/Capture601334-1.jpg 912w, https:\/\/www2.memri.org\/espanol\/wp-content\/uploads\/2017\/05\/Capture601334-1-300x112.jpg 300w, https:\/\/www2.memri.org\/espanol\/wp-content\/uploads\/2017\/05\/Capture601334-1-768x286.jpg 768w, https:\/\/www2.memri.org\/espanol\/wp-content\/uploads\/2017\/05\/Capture601334-1-600x224.jpg 600w, https:\/\/www2.memri.org\/espanol\/wp-content\/uploads\/2017\/05\/Capture601334-1-696x259.jpg 696w\" sizes=\"auto, (max-width: 912px) 100vw, 912px\" \/><\/p>\n<p><strong>Mundhir Abdallah<\/strong>: \u00ab[Pronto habr\u00e1] un Califato, que establecer\u00e1 el sharia de Al\u00e1 y resucitar\u00e1 el Sunna de Su Profeta, el cual librar\u00e1 el yihad por la causa de Al\u00e1, que unir\u00e1 a la naci\u00f3n isl\u00e1mica despu\u00e9s que se desintegre y que liberar\u00e1 a la Mezquita Al-Aqsa de la inmundicia sionista, para que las palabras del Profeta Mahoma sean cumplidas: \u00abEl D\u00eda del Juicio Final no vendr\u00e1 hasta que los musulmanes peleen contra los jud\u00edos y los asesinen.<\/p>\n<p><img loading=\"lazy\" decoding=\"async\" class=\"alignnone size-full wp-image-28150\" src=\"http:\/\/www2.memri.org\/espanol\/wp-content\/uploads\/2017\/05\/Capture60132-1.jpg\" width=\"814\" height=\"303\" alt=\"\" srcset=\"https:\/\/www2.memri.org\/espanol\/wp-content\/uploads\/2017\/05\/Capture60132-1.jpg 814w, https:\/\/www2.memri.org\/espanol\/wp-content\/uploads\/2017\/05\/Capture60132-1-300x112.jpg 300w, https:\/\/www2.memri.org\/espanol\/wp-content\/uploads\/2017\/05\/Capture60132-1-768x286.jpg 768w, https:\/\/www2.memri.org\/espanol\/wp-content\/uploads\/2017\/05\/Capture60132-1-600x223.jpg 600w, https:\/\/www2.memri.org\/espanol\/wp-content\/uploads\/2017\/05\/Capture60132-1-696x259.jpg 696w\" sizes=\"auto, (max-width: 814px) 100vw, 814px\" \/><\/p>\n<p>\u00abLos jud\u00edos se esconder\u00e1n detr\u00e1s de las rocas y los \u00e1rboles, pero las rocas y los \u00e1rboles dir\u00e1n: \u00abOh musulm\u00e1n, oh siervo de Al\u00e1, hay un jud\u00edo detr\u00e1s m\u00edo, ven y dale muerte\u00bb.<\/p>\n<p><img loading=\"lazy\" decoding=\"async\" class=\"alignnone size-full wp-image-28151\" src=\"http:\/\/www2.memri.org\/espanol\/wp-content\/uploads\/2017\/05\/Capture60133-1.jpg\" width=\"834\" height=\"311\" alt=\"\" srcset=\"https:\/\/www2.memri.org\/espanol\/wp-content\/uploads\/2017\/05\/Capture60133-1.jpg 834w, https:\/\/www2.memri.org\/espanol\/wp-content\/uploads\/2017\/05\/Capture60133-1-300x112.jpg 300w, https:\/\/www2.memri.org\/espanol\/wp-content\/uploads\/2017\/05\/Capture60133-1-768x286.jpg 768w, https:\/\/www2.memri.org\/espanol\/wp-content\/uploads\/2017\/05\/Capture60133-1-600x224.jpg 600w, https:\/\/www2.memri.org\/espanol\/wp-content\/uploads\/2017\/05\/Capture60133-1-696x260.jpg 696w\" sizes=\"auto, (max-width: 834px) 100vw, 834px\" \/><\/p>\n<p>\u00abEl estado guiado correctamente, que establecer\u00e1 el sharia de Al\u00e1, unir\u00e1 a los siervos de Al\u00e1, reavivar\u00e1 a la naci\u00f3n isl\u00e1mica, librar\u00e1 el yihad contra sus enemigos, liberar\u00e1 Jerusal\u00e9n y arrancar\u00e1 de ra\u00edz a la entidad jud\u00eda, esa base colonialista y de los cruzados &#8211; ese estado guiado correctamente pronto llegar\u00e1 a ser realidad, Al\u00e1 que lega\u00bb.<\/p>\n<p><a href=\"#_ednref1\" name=\"_edn1\">[1]<\/a> AFP, 11 de mayo, 2017.<\/p>\n<p><a href=\"#_ednref2\" name=\"_edn2\">[2]<\/a> Kristeligt-dagblad.dk, 10 de mayo, 2017; Thelocal.dk, 11 de mayo, 2017.<\/p>\n<p><a href=\"#_ednref3\" name=\"_edn3\">[3]<\/a> Kristeligt-dagblad.dk, 10 de mayo, 2017; Nyheder.tv2.dk, 10 de mayo, 2017; BBC.com, 11 de mayo, 2017;<\/p>\n<p><a href=\"#_ednref4\" name=\"_edn4\">[4]<\/a> Nyheder.tv2.dk, 10 de mayo, 2017.<\/p>\n","protected":false},"excerpt":{"rendered":"<p>MEMRI ha expuesto de nuevo a un predicador que incita al asesinato y al yihad y ha provocado reacciones de gobiernos y de los medios de comunicaci\u00f3n en toda Europa, tal como ha ocurrido anteriormente en Alemania, Espa\u00f1a, Italia, B\u00e9lgica, Francia y Canad\u00e1. El 8 de mayo, 2017 MEMRI TV dio a conocer un segmento [&hellip;]<\/p>\n","protected":false},"author":1,"featured_media":28139,"comment_status":"open","ping_status":"open","sticky":false,"template":"","format":"standard","meta":{"footnotes":""},"categories":[32,4,2],"tags":[],"class_list":["post-28138","post","type-post","status-publish","format-standard","has-post-thumbnail","hentry","category-reportes-diarios","category-archivos","category-featured"],"_links":{"self":[{"href":"https:\/\/www2.memri.org\/espanol\/wp-json\/wp\/v2\/posts\/28138","targetHints":{"allow":["GET"]}}],"collection":[{"href":"https:\/\/www2.memri.org\/espanol\/wp-json\/wp\/v2\/posts"}],"about":[{"href":"https:\/\/www2.memri.org\/espanol\/wp-json\/wp\/v2\/types\/post"}],"author":[{"embeddable":true,"href":"https:\/\/www2.memri.org\/espanol\/wp-json\/wp\/v2\/users\/1"}],"replies":[{"embeddable":true,"href":"https:\/\/www2.memri.org\/espanol\/wp-json\/wp\/v2\/comments?post=28138"}],"version-history":[{"count":0,"href":"https:\/\/www2.memri.org\/espanol\/wp-json\/wp\/v2\/posts\/28138\/revisions"}],"wp:featuredmedia":[{"embeddable":true,"href":"https:\/\/www2.memri.org\/espanol\/wp-json\/wp\/v2\/media\/28139"}],"wp:attachment":[{"href":"https:\/\/www2.memri.org\/espanol\/wp-json\/wp\/v2\/media?parent=28138"}],"wp:term":[{"taxonomy":"category","embeddable":true,"href":"https:\/\/www2.memri.org\/espanol\/wp-json\/wp\/v2\/categories?post=28138"},{"taxonomy":"post_tag","embeddable":true,"href":"https:\/\/www2.memri.org\/espanol\/wp-json\/wp\/v2\/tags?post=28138"}],"curies":[{"name":"wp","href":"https:\/\/api.w.org\/{rel}","templated":true}]}}