{"id":2794,"date":"2009-01-30T00:00:00","date_gmt":"2009-01-30T00:00:00","guid":{"rendered":"http:\/\/www2.memri.org\/espanol\/2009\/01\/30\/en-discursos-esta-semana-el-presidente-irani-mahmoud-ahmadinejad-discute-el-holocausto-diciendo-que-el-reexaminar-el-holocausto-equivale-cortarle-las-arterias-vitales-al-regimen-sionista-le-dic\/"},"modified":"2009-01-30T00:00:00","modified_gmt":"2009-01-30T00:00:00","slug":"en-discursos-esta-semana-el-presidente-irani-mahmoud-ahmadinejad-discute-el-holocausto-diciendo-que-el-reexaminar-el-holocausto-equivale-cortarle-las-arterias-vitales-al-regimen-sionista-le-dic","status":"publish","type":"post","link":"https:\/\/www2.memri.org\/espanol\/en-discursos-esta-semana-el-presidente-irani-mahmoud-ahmadinejad-discute-el-holocausto-diciendo-que-el-reexaminar-el-holocausto-equivale-cortarle-las-arterias-vitales-al-regimen-sionista-le-dic\/2794","title":{"rendered":"En discursos esta semana, el Presidente iran\u00ed Mahmoud Ahmadinejad discute el Holocausto, diciendo que el &#8216;reexaminar [el Holocausto] equivale cortarle las arterias vitales al r\u00e9gimen sionista&#8217;; le dice a la administraci\u00f3n Obama: Retiren sus fuerzas de Estados Unidos, reexaminen el 11 de Septiembre &#8211; el cual fue sellado al igual que el asunto del Holocausto &#8211; y disc\u00falpese con Ir\u00e1n"},"content":{"rendered":"<div class=\"bodytext c1\">\n<p><em>Lo siguiente son extractos de dos discursos del Presidente iran\u00ed Mahmoud Ahmadinejad, dados en la semana del D\u00eda Internacional del Recuerdo del Holocausto. El primero, en una conferencia del Holocausto en<\/em> <em>la Universidad<\/em> <em>de Tecnolog\u00eda Sharif en Teher\u00e1n el 27 de enero del 2009, y la transcripci\u00f3n fue publicada por la agencia de noticias oficial iran\u00ed IRNA. El segundo fue presentado en el canal de noticias iran\u00ed IRINN el 28 de enero, 2009.<\/em><\/p>\n<p><strong><em>PARA VER ESTE SEGMENTO DE VIDEO Y OTROS USTED DEBE ENTRAR AL PORTAL Y SUBSCRIBIRSE A MEMRI TV, EN<\/em><\/strong><em><a href=\"http:\/\/subscriptions.memri.org\/content\/en\/member_registr_tv.htm\"><br \/>http:\/\/subscriptions.memri.org\/content\/en\/member_registr_tv.htm<\/a>.<\/em> <strong><em>LA INSCRIPCI\u00d6N ES<\/em><\/strong> <strong><em>TOTALMENTE GRATIS<\/em><\/strong><em>.<\/em><\/p>\n<p><em>Para ver este segmento de video, visite <a href=\"http:\/\/www.memritv.org\/clip\/en\/2003.htm\">http:\/\/www.memritv.org\/clip\/en\/2003.htm<\/a>.<\/em><\/p>\n<p><em>A continuaci\u00f3n extractos de ambos discursos.<\/em><\/p>\n<p><strong>27 de enero, 2009: \u00abUna red pol\u00edtica y de b\u00fasqueda de poder &#8211; clam\u00f3 ser la defensora de un grupo de v\u00edctimas [del Holocausto] &#8211; y busc\u00f3 indemnizaciones por su sangre\u00bb<\/strong><\/p>\n<p><strong>Mahmoud Ahmadinejad<\/strong>: \u00abhonorables invitados, queridos profesores, y estudiantes: Una mirada a los eventos siguientes a la Segunda Guerra Mundial muestran que el asunto del Holocausto y la manera exagerada en la cual se narr\u00f3 fue un pretexto para continuar y expandir la dominaci\u00f3n de los vencedores, particularmente los Estados Unidos y G. Breta\u00f1a, en la arena internacional.<\/p>\n<p>\u00abEl r\u00e9gimen ileg\u00edtimo sionista es resultado del Holocausto. Mientras mucha gente de las naciones muri\u00f3 en la Segunda Guerra Mundial &#8211; y se ha mencionado que 65 millones de personas fueron asesinadas &#8211; una red pol\u00edtica y de b\u00fasqueda de poder clam\u00f3 ser la defensora de un grupo de v\u00edctimas, y busc\u00f3 indemnizaciones por su sangre. [Esta red] decidi\u00f3 que los sobrevivientes de este grupo particular de v\u00edctimas deben recibir compensaci\u00f3n &#8211; y parte de esta compensaci\u00f3n fue establecer el r\u00e9gimen sionista en la tierra de Palestina.<\/p>\n<p>\u00abBajo este pretexto, atacaron Palestina y, despu\u00e9s de masacrar al pueblo [ind\u00edgena] sac\u00e1ndolos de sus casas, ocuparon su patria y crearon el r\u00e9gimen sionista &#8211; con el objeto de asegurar que ning\u00fan poder regional surgir\u00eda en las tierras isl\u00e1micas salvo Occidente, [porque] la civilizaci\u00f3n isl\u00e1mica y la cultura tienen el potencial din\u00e1mico de amenazar sus intereses, los cuales estaban basados en la opresi\u00f3n y la sed de poder. Estos principios y filosof\u00eda constituyen el r\u00e9gimen sionista.<\/p>\n<p>\u00abHoy, aqu\u00e9llos que viven en las tierras bajo la ocupaci\u00f3n de este r\u00e9gimen incluyen a algunos de los pueblos ind\u00edgenas de Palestina &#8211; pero la mayor\u00eda son inmigrantes de Am\u00e9rica y Asia y algunos de Europa. La mayor\u00eda no son sobrevivientes de la guerra, as\u00ed que incluso por la l\u00f3gica del Holocausto, [no deber\u00edan estar all\u00ed].<\/p>\n<p><strong>\u00abSon los mismos defensores de la democracia liberal que defienden el Holocausto&#8230; reexaminarlo equivale cortarle las arterias vitales al r\u00e9gimen sionista\u00bb<\/strong><\/p>\n<p>\u00abTristemente, durante 60 a\u00f1os no le permitieron a nadie cuestionar y poner en duda la l\u00f3gica del Holocausto y su propia esencia &#8211; porque si la verdad fuese a ser expuesta, nada quedar\u00eda de su l\u00f3gica de democracia liberal.<\/p>\n<p>\u00abSon los mismos defensores de la democracia liberal que defiende el Holocausto, que lo ha santificado al punto d\u00f3nde nadie puede entrar. Romper el cerrojo del Holocausto y su re-examen ser\u00e1 equivalente a cortarle las arterias vitales al r\u00e9gimen sionista. Destruir\u00e1 su fundaci\u00f3n filos\u00f3fica y raison d&#8217;\u00eatre (raz\u00f3n de existir) de este r\u00e9gimen\u00bb.<\/p>\n<p><strong>\u00abLa asquerosa entidad del r\u00e9gimen sionista no es el \u00fanico fruto del Holocausto\u00bb<\/strong><\/p>\n<p>\u00abHoy los sionistas dominan muchos de los centros de poder del mundo, la riqueza y los medios de comunicaci\u00f3n<\/p>\n<p>\u00abPero yo deseo atraer la atenci\u00f3n de los investigadores a otro tema importante: La asquerosa entidad del r\u00e9gimen sionista no es el \u00fanico fruto del Holocausto. Las consecuencias y repercusiones del Holocausto son, de hecho, mucho mayores que esto.<\/p>\n<p>\u00abHoy los sionistas dominan muchos de los centros de poder, riqueza y medios de comunicaci\u00f3n del mundo. Desgraciadamente, han seducido a muchos pol\u00edticos y partidos, y est\u00e1n saqueando las riquezas y recursos a naciones de esta manera, priv\u00e1ndole a la gente de sus libertades y destruyendo sus culturas y valores humanos esparciendo sus nexos de corrupci\u00f3n.<\/p>\n<p>\u00abInvito a los queridos investigadores, intelectuales, j\u00f3venes y estudiantes, que son pioneros, a no s\u00f3lo reexaminar el Holocausto, sino tambi\u00e9n sus resultados y consecuencias e informarle a otros de sus estudios e investigaci\u00f3n. No olvidemos que hoy m\u00e1s que nunca, la red sionista, que propuso el tema del Holocausto, debe ser expuesta y ser presentado a los pueblos tal como esta es.<\/p>\n<p>\u00abExpreso mi gratitud a todos los organizadores de esta conferencia y agradezco a todos los investigadores y autores que han trabajado en este campo y han estado publicando sus valiosos trabajos sobre este tema.<\/p>\n<p>\u00abSean vencedores.<\/p>\n<p>\u00abMahmoud Ahmadinejad. <a href=\"#_edn1\" name=\"_ednref1\">[1]<\/a><\/p>\n<p><strong>IRINN TV, 28 de enero: Cambio&#8230; significa que ellos deben poner fin a su presencia militar a nivel mundial\u00bb<\/strong><\/p>\n<p><strong>Mahmoud Ahmadinejad<\/strong>: \u00abSi el pueblo iran\u00ed no estuviese limitado por la restricci\u00f3n pol\u00edtica y geogr\u00e1fica, estar\u00eda listo para defender la gloria, el honor y la dignidad humana junto al pueblo de Gaza. Cuando los [Estados Unidos] dicen que van a hacer un cambio, el cambio puede tomar una de dos formas: Una ser\u00eda un curso fundamental e influyente en alterar el cambio. El otro ser\u00eda un cambio t\u00e1ctico, que involucrar\u00eda cambiar su modus operandi y su ret\u00f3rica as\u00ed como tambi\u00e9n la manera en que usan las herramientas pol\u00edticas.<\/p>\n<p>\u00abClaramente, si ellos se refieren a este segundo tipo de cambio, esto pronto ser\u00e1 revelado, y los pueblos del mundo se opondr\u00e1n a esto.<\/p>\n<p>[&#8230;]<\/p>\n<p>\u00abCuando dicen que sus pol\u00edticas est\u00e1n a punto de cambiar, esto significa que deben poner fin a su presencia militar a nivel mundial. Deben congregar estas fuerzas, y desplegarlas a lo largo de sus fronteras para servir a sus pueblos\u00bb. [&#8230;]<\/p>\n<p><strong>\u00abEl 11 de Septiembre ocurri\u00f3 &#8211; aun as\u00ed no est\u00e1 claro todav\u00eda qui\u00e9n lo llev\u00f3 a cabo&#8230; como en el caso del Holocausto, lo sellaron\u00bb<\/strong><\/p>\n<p>\u00abUn incidente conocido como el 11 de Septiembre ocurri\u00f3. No est\u00e1 del todo claro qui\u00e9n lo llev\u00f3 a cabo, qui\u00e9n colabor\u00f3 con ellos y qui\u00e9n paviment\u00f3 el camino para ellos. El evento tuvo lugar, y &#8211; al igual que en el caso del Holocausto &#8211; lo sellaron, neg\u00e1ndose a permitirle a grupos objetivos de investigaci\u00f3n averiguar la verdad. Ellos invadieron a Irak y Afganist\u00e1n, usando el 11 de Septiembre como pretexto.<\/p>\n<p>[&#8230;]<\/p>\n<p>\u00abSi ustedes hablan sobre cambiar sus pol\u00edticas, deben permitir investigar las razones del 11 de Septiembre y sus culpables\u00bb. [&#8230;]<\/p>\n<p><strong>\u00abCambio significa pedirle perd\u00f3n al pueblo iran\u00ed<\/strong><\/p>\n<p>\u00abEl Sr. Bush se permiti\u00f3 a si mismo interferir en los asuntos de todos los pueblos: &#8216;Sr. Sudan, por qu\u00e9 vive usted as\u00ed?&#8217; &#8216;Sr. Pakist\u00e1n, por qu\u00e9 camina usted as\u00ed?&#8217; &#8216;Sr. Arabia Saudita, por qu\u00e9 ora usted as\u00ed?&#8217; &#8216;Sr. Ir\u00e1n, por qu\u00e9 est\u00e1 usted interesado en el progreso cient\u00edfico?&#8217; Si ellos desean cambiar sus pol\u00edticas, significa que los Estados Unidos no se le permitir\u00e1 interferir en los asuntos de otros pueblos. [&#8230;]<\/p>\n<p>\u00abSi ustedes desean cambiar sus pol\u00edticas, deben aliviar la presi\u00f3n sobre el pueblo norteamericano y concederles la libertad de involucrarse en asuntos pol\u00edticos y determinar su destino por si mismos.<\/p>\n<p>[&#8230;]<\/p>\n<p>\u00abDurante m\u00e1s de 60 a\u00f1os, las consecutivas administraciones norteamericanas han estado acosando a Ir\u00e1n.<\/p>\n<p>[&#8230;]<\/p>\n<p>\u00abTomaron nuestro petr\u00f3leo, nuestra riqueza y destruyeron nuestra cultura. [&#8230;]<\/p>\n<p>\u00abA aqu\u00e9llos que est\u00e1n diciendo que planean hacer cambios &#8211; cambio significa pedirle perd\u00f3n al pueblo iran\u00ed, e intentar enmendar su negro pasado y por los cr\u00edmenes que ellos han cometido contra el pueblo iran\u00ed. [&#8230;]<\/p>\n<p>\u00abSi alguien quiere hablar con el pueblo iran\u00ed en el idioma del Sr. Bush, el estilo del Sr. Bush, la mentalidad del Sr. Bush y la postura guerrerista del Sr. Bush &#8211; aun cuando use palabras nuevas &#8211; el pueblo iran\u00ed le dar\u00e1 la misma respuesta que le ha dado al Sr. Bush y a sus lacayos durante muchos a\u00f1os&hellip;\u00bb<\/p>\n<\/div>\n<hr noshade=\"noshade\" \/><!-- footnotes --><\/p>\n<div class=\"bodynews c2\">\n<p><a href=\"#_ednref1\" name=\"_edn1\">[1]<\/a> IRNA (Ir\u00e1n), 27 de enero 2009, <a href=\"http:\/\/www5.irna.ir\/AR\/View\/FullStory\/?NewsId=323311\">http:\/\/www5.irna.ir\/AR\/View\/FullStory\/?NewsId=323311<\/a>.<\/p>\n<\/div>\n","protected":false},"excerpt":{"rendered":"<p>Lo siguiente son extractos de dos discursos del Presidente iran\u00ed Mahmoud Ahmadinejad, dados en la semana del D\u00eda Internacional del Recuerdo del Holocausto. El primero, en una conferencia del Holocausto en la Universidad de Tecnolog\u00eda Sharif en Teher\u00e1n el 27 de enero del 2009, y la transcripci\u00f3n fue publicada por la agencia de noticias oficial [&hellip;]<\/p>\n","protected":false},"author":1,"featured_media":0,"comment_status":"open","ping_status":"open","sticky":false,"template":"","format":"standard","meta":{"footnotes":""},"categories":[6,20,16],"tags":[],"class_list":["post-2794","post","type-post","status-publish","format-standard","hentry","category-comunicados-especiales","category-iran","category-proyecto-documental-sobre-antisemitismo"],"_links":{"self":[{"href":"https:\/\/www2.memri.org\/espanol\/wp-json\/wp\/v2\/posts\/2794","targetHints":{"allow":["GET"]}}],"collection":[{"href":"https:\/\/www2.memri.org\/espanol\/wp-json\/wp\/v2\/posts"}],"about":[{"href":"https:\/\/www2.memri.org\/espanol\/wp-json\/wp\/v2\/types\/post"}],"author":[{"embeddable":true,"href":"https:\/\/www2.memri.org\/espanol\/wp-json\/wp\/v2\/users\/1"}],"replies":[{"embeddable":true,"href":"https:\/\/www2.memri.org\/espanol\/wp-json\/wp\/v2\/comments?post=2794"}],"version-history":[{"count":0,"href":"https:\/\/www2.memri.org\/espanol\/wp-json\/wp\/v2\/posts\/2794\/revisions"}],"wp:attachment":[{"href":"https:\/\/www2.memri.org\/espanol\/wp-json\/wp\/v2\/media?parent=2794"}],"wp:term":[{"taxonomy":"category","embeddable":true,"href":"https:\/\/www2.memri.org\/espanol\/wp-json\/wp\/v2\/categories?post=2794"},{"taxonomy":"post_tag","embeddable":true,"href":"https:\/\/www2.memri.org\/espanol\/wp-json\/wp\/v2\/tags?post=2794"}],"curies":[{"name":"wp","href":"https:\/\/api.w.org\/{rel}","templated":true}]}}