{"id":2714,"date":"2008-12-17T00:00:00","date_gmt":"2008-12-17T00:00:00","guid":{"rendered":"http:\/\/www2.memri.org\/espanol\/2008\/12\/17\/tunecinos-molestos-por-presentacion-de-la-pelicula-sobre-la-vida-judia-en-la-ocupada-francia-nazi\/"},"modified":"2008-12-17T00:00:00","modified_gmt":"2008-12-17T00:00:00","slug":"tunecinos-molestos-por-presentacion-de-la-pelicula-sobre-la-vida-judia-en-la-ocupada-francia-nazi","status":"publish","type":"post","link":"https:\/\/www2.memri.org\/espanol\/tunecinos-molestos-por-presentacion-de-la-pelicula-sobre-la-vida-judia-en-la-ocupada-francia-nazi\/2714","title":{"rendered":"Tunecinos molestos por presentaci\u00f3n de la pel\u00edcula sobre la vida jud\u00eda en la ocupada Francia nazi"},"content":{"rendered":"<div class=\"bodytext c1\"><!--Document Body --><\/p>\n<div class=\"bodytext c1\">\n<p><em>La presentaci\u00f3n en T\u00fanez de una pel\u00edcula francesa que trata de la vida jud\u00eda en la ocupada Francia nazi ha levantado una tormenta de cr\u00edticas. \u00abUn Secret\u00bb\u00bb (\u00abUn Secreto\u00bb), dirigida por el director franc\u00e9s-jud\u00edo Claude Miller con la actuaci\u00f3n del popular cantante franc\u00e9s-jud\u00edo Patrick Bruel, fue exhibida en la apertura del 15 aniversario del Festival de Cine Europeo en Tunes.<\/em><\/p>\n<p><strong>Cineastas salen de la presentaci\u00f3n por ser \u00abdemasiado favorable para los jud\u00edos\u00bb<\/strong><\/p>\n<p>Cineastas tunecinos se salieron despu\u00e9s de 30 minutos de haber comenzado la presentaci\u00f3n de la pel\u00edcula \u00abUn Secreto\u00bb que trata de una familia jud\u00eda en la ocupada Francia Nazi, diciendo que era \u00abdemasiado favorable a los jud\u00edos\u00bb. Cineastas le dijeron a aljazeera.net, el portal de la estaci\u00f3n de televisi\u00f3n por sat\u00e9lite de Al-Jazeera, que se preguntaron el por qu\u00e9 Europa favorec\u00eda tanto a los jud\u00edos, y Francia en particular cuyo presidente describieron como el \u00abpro-jud\u00edo Sarkozy\u00bb.<\/p>\n<p>El organizador del festival tunecino, Ibrahim Al-Latif, culp\u00f3 a la delegaci\u00f3n europea, que fue la responsable de escoger las pel\u00edculas. Un joven cineasta le dijo a aljazeera.net que la decisi\u00f3n de proyectar \u00abUn Secreto\u00bb llev\u00f3 a algunas personas a \u00absentir que la delegaci\u00f3n europea, la cual supervisa el festival, est\u00e1 bajo el control jud\u00edo\u00bb. <a href=\"#_edn1\" name=\"_ednref1\">[1]<\/a><\/p>\n<p><strong>Al-Sabah: Abrir con la pel\u00edcula no fue apropiado dado el criminal estado de sitio en Gaza<\/strong><\/p>\n<p>Un art\u00edculo de Muhsin Al-Zaghlawi en el diario tunecino de corriente principal <em>Al-Sabah<\/em> opin\u00f3 que \u00abno s\u00f3lo estuvo equivocado el momento de la apertura del festival, ya que coincidi\u00f3 con el apretar el pu\u00f1o al estado de sitio criminal israel\u00ed en Gaza y el empeoramiento sin precedentes del sufrimiento palestino, sino tambi\u00e9n la pel\u00edcula que abri\u00f3 el festival escogida por los organizadores&hellip; no fue la apropiada a la manera de ver de muchos observadores&hellip;<\/p>\n<p>\u00abUn n\u00famero grande del p\u00fablico tunecino presente en la inauguraci\u00f3n fueron sorprendidos por los eventos [relacionados en] la pel\u00edcula, y su narrativa melodram\u00e1tica, que enfatiz\u00f3 al aspecto tr\u00e1gico de estos eventos. La pel\u00edcula intent\u00f3 mostrar a los jud\u00edos como si fueran el \u00fanico pueblo en historia que ha sido sujeto a la injusticia y contra quien se cometieron cr\u00edmenes y masacres. As\u00ed algunos de ellos decidieron salir del teatro, en plena vista de los invitados y los organizadores&hellip;<\/p>\n<p>\u00ab[\u00c9ste fue un acto de] protesta&hellip; contra el panel tunecino y europeo que organiz\u00f3 el festival, que no hizo una buena selecci\u00f3n &#8211; si asumimos que sus intenciones eran buenas &#8211; y conmovieron al p\u00fablico del festival, justo en su apertura, con una pel\u00edcula politizada que, sin importar su contenido, da\u00f1a la orientaci\u00f3n del festival, y se acerca a quitarla de su esquema cultural-art\u00edstico general y la trae hacia un laberinto de instrumentalismo [pol\u00edtico] que est\u00e1 lejos de ser inocente.<\/p>\n<p>\u00abEl opresivo estado de sitio israel\u00ed de estos d\u00edas contra los palestinos en la Franja de Gaza, el cual es un [ominoso] augurio de un desastre humanitario, es un evento que necesariamente debe lanzar una sombra de duda sobre cualquier festival &#8211; cultural, intelectual u otro &#8211; que tenga lugar en cualquier parte. Los organizadores del festival&hellip; deben de haber tenido en cuenta esto, y no darle a una pel\u00edcula que trata de la tragedia hist\u00f3rica de los jud\u00edos en el Holocausto el honor de abrir el festival&hellip; especialmente desde que el criminal cerco israel\u00ed contra la Franja de Gaza est\u00e1 ahora en su peor y m\u00e1s inhumano punto\u00bb. <a href=\"#_edn2\" name=\"_ednref2\">[2]<\/a><\/p>\n<p><strong>Diario de oposici\u00f3n: La entidad sionista se aprovecha de cualquier ocasi\u00f3n para recordarle al mundo del Holocausto<\/strong><\/p>\n<p>Un art\u00edculo similar apareci\u00f3 el 28 de noviembre del 2008, en <em>Al-Watan<\/em>, el \u00f3rgano oficial del partido de la Uni\u00f3n Democr\u00e1tica Unionista. El art\u00edculo, de Noureddine El-Mbarki, lee: \u00abYo no s\u00e9 si esto fue simplemente una coincidencia, o si fue planeado intencionalmente. No quiero hacer acusaciones gratuitas contra nadie. Pero lo que ocurri\u00f3 el jueves, 20 de noviembre, en la Sala de Conferencias del Coliseo, me hace pensar si los organizadores del 15avo Festival de Cine Europeo estaban conscientes ante lo qu\u00e9 estaba sucediendo en la apertura.<\/p>\n<p>Lo que est\u00e1 siendo perpetrado en Gaza es un verdadero crimen por cualquier medida o est\u00e1ndar, pero no obstante el mundo observa y &#8216;monitorea [la situaci\u00f3n]. Y en T\u00fanez, con el [pleno] conocimiento del Ministerio de Cultura, una pel\u00edcula est\u00e1 siendo presentada sobre la opresi\u00f3n de los jud\u00edos a trav\u00e9s de &#8216;la historia de un ni\u00f1o en busca de su identidad&#8217; &#8211; considerando que los ni\u00f1os de Gaza, debido al estado de sitio, no pueden conseguir leche o cualquier cosa para aliviar su hambre&hellip;\u00bb <a href=\"#_edn3\" name=\"_ednref3\">[3]<\/a><\/p>\n<p><strong>Comentarios positivos en la prensa tunecina en idioma franc\u00e9s<\/strong><\/p>\n<p>En contraste, la prensa tunecina en idioma franc\u00e9s solo tuvo augurios para la pel\u00edcula, y no tanta como se menciona a cualquier implicaci\u00f3n pol\u00edtica de su proyecci\u00f3n en el festival. Una revisi\u00f3n en el diario <em>Le Temps<\/em> se refiri\u00f3 a la \u00abternura y delicadeza de la pel\u00edcula\u00bb, <a href=\"#_edn4\" name=\"_ednref4\">[4]<\/a> y otro dijo que era una pel\u00edcula caracterizada por un \u00abmatiz, elegancia y sutileza. Y no obstante, por debajo, yace una terrible pasi\u00f3n, como un volc\u00e1n que hierve en los estratos, inadvertido, hasta que explota en lo abierto&hellip; \u00bb <a href=\"#_edn5\" name=\"_ednref5\">[5]<\/a><\/p>\n<p>Tambi\u00e9n, la Agencia oficial Tunis Afrique Presse denot\u00f3 la conexi\u00f3n personal del director a la trama de la pel\u00edcula: \u00abMiller confronta los dolorosos recuerdos de la ocupaci\u00f3n y los campos de concentraci\u00f3n, del cual varios miembros de su familia nunca regresaron\u00bb. <a href=\"#_edn6\" name=\"_ednref6\">[6]<\/a><\/p>\n<p><em>Para ver el despacho en su totalidad en ingl\u00e9s haga clic en el siguiente enlace:<\/em><br \/><a href=\"http:\/\/www2.memri.org\/bin\/latestnews.cgi?ID=SD215508\">http:\/\/www2.memri.org\/bin\/latestnews.cgi?ID=SD215508<\/a><\/p>\n<\/div>\n<\/div>\n<hr noshade=\"noshade\" \/>\n<div class=\"bodynews c2\"><!--footnotes --><\/p>\n<div class=\"bodynews c2\">\n<p><a href=\"#_ednref1\" name=\"_edn1\">[1]<\/a> <a href=\"http:\/\/www.aljazeera.net\">www.aljazeera.net<\/a>, 23 de noviembre, 2008.<\/p>\n<p><a href=\"#_ednref2\" name=\"_edn2\">[2]<\/a> <em>Al-Sabah<\/em> (T\u00fanez), publicado en <a href=\"http:\/\/www.tunisia-sat.com\">www.tunisia-sat.com<\/a> ; el art\u00edculo no aparece en los archivos en l\u00ednea, pero fue citado en un informe contempor\u00e1neo del servicio \u00e1rabe Reuters.<\/p>\n<p><a href=\"#_ednref3\" name=\"_edn3\">[3]<\/a> <em>Al-Watan<\/em> (T\u00fanez), 28 de noviembre, 2008; anunciado en <a href=\"http:\/\/www.tunisnews.net\">www.tunisnews.net<\/a>, 29 de noviembre, 2008.<\/p>\n<p><a href=\"#_ednref4\" name=\"_edn4\">[4]<\/a> <em>Le Temps<\/em> (T\u00fanez), 20 de noviembre, 2008.<\/p>\n<p><a href=\"#_ednref5\" name=\"_edn5\">[5]<\/a> <em>Le Temps<\/em> (T\u00fanez), 22 de noviembre, 2008. La diferencia entre el tratamiento del tema en <em>Al-Sabah<\/em> y en <em>Le Temps<\/em> es particularmente notable dado que los dos diarios pertenecen a la misma casa editora.<\/p>\n<p><a href=\"#_ednref6\" name=\"_edn6\">[6]<\/a> <a href=\"http:\/\/www.tap.info.tn\">www.tap.info.tn<\/a>, 21 de noviembre, 2008.<\/p>\n<\/div>\n<\/div>\n","protected":false},"excerpt":{"rendered":"<p>La presentaci\u00f3n en T\u00fanez de una pel\u00edcula francesa que trata de la vida jud\u00eda en la ocupada Francia nazi ha levantado una tormenta de cr\u00edticas. \u00abUn Secret\u00bb\u00bb (\u00abUn Secreto\u00bb), dirigida por el director franc\u00e9s-jud\u00edo Claude Miller con la actuaci\u00f3n del popular cantante franc\u00e9s-jud\u00edo Patrick Bruel, fue exhibida en la apertura del 15 aniversario del Festival [&hellip;]<\/p>\n","protected":false},"author":1,"featured_media":0,"comment_status":"open","ping_status":"open","sticky":false,"template":"","format":"standard","meta":{"footnotes":""},"categories":[6,16],"tags":[],"class_list":["post-2714","post","type-post","status-publish","format-standard","hentry","category-comunicados-especiales","category-proyecto-documental-sobre-antisemitismo"],"_links":{"self":[{"href":"https:\/\/www2.memri.org\/espanol\/wp-json\/wp\/v2\/posts\/2714","targetHints":{"allow":["GET"]}}],"collection":[{"href":"https:\/\/www2.memri.org\/espanol\/wp-json\/wp\/v2\/posts"}],"about":[{"href":"https:\/\/www2.memri.org\/espanol\/wp-json\/wp\/v2\/types\/post"}],"author":[{"embeddable":true,"href":"https:\/\/www2.memri.org\/espanol\/wp-json\/wp\/v2\/users\/1"}],"replies":[{"embeddable":true,"href":"https:\/\/www2.memri.org\/espanol\/wp-json\/wp\/v2\/comments?post=2714"}],"version-history":[{"count":0,"href":"https:\/\/www2.memri.org\/espanol\/wp-json\/wp\/v2\/posts\/2714\/revisions"}],"wp:attachment":[{"href":"https:\/\/www2.memri.org\/espanol\/wp-json\/wp\/v2\/media?parent=2714"}],"wp:term":[{"taxonomy":"category","embeddable":true,"href":"https:\/\/www2.memri.org\/espanol\/wp-json\/wp\/v2\/categories?post=2714"},{"taxonomy":"post_tag","embeddable":true,"href":"https:\/\/www2.memri.org\/espanol\/wp-json\/wp\/v2\/tags?post=2714"}],"curies":[{"name":"wp","href":"https:\/\/api.w.org\/{rel}","templated":true}]}}