{"id":2713,"date":"2008-12-22T00:00:00","date_gmt":"2008-12-22T00:00:00","guid":{"rendered":"http:\/\/www2.memri.org\/espanol\/2008\/12\/22\/crecientes-tensiones-inter-arabes-arabia-saudita-y-egipto-contra-siria-e-iran-parte-iii-siria-y-arabia-saudita-se-enfrentan-por-fath-al-islam\/"},"modified":"2008-12-22T00:00:00","modified_gmt":"2008-12-22T00:00:00","slug":"crecientes-tensiones-inter-arabes-arabia-saudita-y-egipto-contra-siria-e-iran-parte-iii-siria-y-arabia-saudita-se-enfrentan-por-fath-al-islam","status":"publish","type":"post","link":"https:\/\/www2.memri.org\/espanol\/crecientes-tensiones-inter-arabes-arabia-saudita-y-egipto-contra-siria-e-iran-parte-iii-siria-y-arabia-saudita-se-enfrentan-por-fath-al-islam\/2713","title":{"rendered":"Crecientes tensiones inter-\u00e1rabes: Arabia Saudita y Egipto contra Siria e Ir\u00e1n, Parte III &#8211; Siria y Arabia Saudita se enfrentan por Fath Al-Islam"},"content":{"rendered":"<div class=\"bodytext c1\">\n<p><strong>Introducci\u00f3n<\/strong><\/p>\n<p>Recientemente las tensiones han escalado entre Siria, por una parte, y Arabia Saudita y las Fuerzas 14 de Marzo, por la otra. El Presidente sirio Bashar Al-Assad y la prensa siria ambas (gubernamental y no-gubernamental) han estado acusando a Arabia Saudita y a las Fuerzas 14 de Marzo de financiar y apoyar las organizaciones fundamentalistas en el L\u00edbano, incluyendo a la c\u00e9lula Fath Al-Islam que llev\u00f3 a cabo el atentado de septiembre del 2008 en Damasco. Arabia Saudita y las Fuerzas 14 de Marzo han regresado la acusaci\u00f3n al r\u00e9gimen sirio, llamando a Fath Al-Islam una creaci\u00f3n siria fundada con el fin de socavar la estabilidad del L\u00edbano, y preparar el terreno para una nueva intervenci\u00f3n del ej\u00e9rcito sirio all\u00ed. <a href=\"#_edn1\" name=\"_ednref1\">[1]<\/a><\/p>\n<p><strong>Siria: Arabia Saudita y las Fuerzas 14 de Marzo son responsables del terrorismo contra Siria<\/strong><\/p>\n<p><strong>Assad: El norte del L\u00edbano &#8211; Una base terrorista que amenaza a Siria<\/strong><\/p>\n<p>La acusaci\u00f3n de que el norte del L\u00edbano es una cubierta caliente de terrorismo que amenaza a Siria fue dada a conocer primero por el presidente sirio a principios de septiembre del 2008. En una conferencia de prensa conjunta con el presidente franc\u00e9s, el emir de Qatar y el primer ministro turco se reunieron seguido a la cumbre cuadripartida en Damasco, Assad expres\u00f3 preocupaci\u00f3n de que las fuerzas extremistas en el L\u00edbano, apoyadas por las fuerzas fuera del pa\u00eds, agravar\u00edan la inestabilidad en Tr\u00edpoli. \u00c9l agreg\u00f3 que \u00e9l le hab\u00eda pedido al Presidente Liban\u00e9s Michel Suleiman que reforzara a las tropas libanesas al norte del pa\u00eds, para que el L\u00edbano no se desestabilizara. \u00c9l enfatiz\u00f3 la importancia superior de resolver el problema del extremismo y el de las organizaciones salafi que operan en el L\u00edbano, y que ciertos pa\u00edses [e.d. Arabia Saudita] estaban oficialmente apoyando a estas fuerzas. <a href=\"#_edn2\" name=\"_ednref2\">[2]<\/a><\/p>\n<p><em>* H. Varulkar es compa\u00f1ero de investigaci\u00f3n en MEMRI<\/em><\/p>\n<p><em>Para ver el despacho en su totalidad en ingl\u00e9s por favor haga clic en el siguiente enlace:<br \/><\/em> <a href=\"http:\/\/www2.memri.org\/bin\/latestnews.cgi?ID=IA48708\">http:\/\/www2.memri.org\/bin\/latestnews.cgi?ID=IA48708<\/a><\/p>\n<\/div>\n<hr noshade=\"noshade\" \/><!-- footnotes --><\/p>\n<div class=\"bodynews c2\">\n<p><a href=\"#_ednref1\" name=\"_edn1\">[1]<\/a> Para m\u00e1s sobre Fath Al-Islam, v\u00e9ase Investigaci\u00f3n y An\u00e1lisis de MEMRI No. 362, \u00abQui\u00e9n est\u00e1 Detr\u00e1s de Fath Al-Islam?\u00bb, 8 de junio, 2008, <a href=\"http:\/\/www2.memri.org\/bin\/espanol\/articulos.cgi?Page=archives&amp;Area=ia&amp;ID=IA36207\">http:\/\/www2.memri.org\/bin\/espanol\/articulos.cgi?Page=archives&amp;Area=ia&amp;ID=IA36207<\/a> ; Investigaci\u00f3n y An\u00e1lisis de MEMRI No. 365, \u00abEsfuerzos Sirios por Negarle a Fath Al-Islam Afiliaci\u00f3n Con la Inteligencia Siria, 20 de junio, 2008, <a href=\"http:\/\/www2.memri.org\/bin\/espanol\/articulos.cgi?Page=archives&amp;Area=ia&amp;ID=IA36507\">http:\/\/www2.memri.org\/bin\/espanol\/articulos.cgi?Page=archives&amp;Area=ia&amp;ID=IA36507<\/a> ; MEMRI Despacho Especial No. 1880, \u00abL\u00edbano Publica Nueva Evidencia de Lazos entre Siria y Fath Al-Islam\u00bb, 27 de marzo, 2008, <a href=\"http:\/\/www2.memri.org\/bin\/espanol\/articulos.cgi?Page=archives&amp;Area=sd&amp;ID=SP188008\">http:\/\/www2.memri.org\/bin\/espanol\/articulos.cgi?Page=archives&amp;Area=sd&amp;ID=SP188008<\/a>.<\/p>\n<p><a href=\"#_ednref2\" name=\"_edn2\">[2]<\/a> <em>Al-Nahar<\/em> (L\u00edbano), el 5 de septiembre de 2008.<\/p>\n<\/div>\n","protected":false},"excerpt":{"rendered":"<p>Introducci\u00f3n Recientemente las tensiones han escalado entre Siria, por una parte, y Arabia Saudita y las Fuerzas 14 de Marzo, por la otra. El Presidente sirio Bashar Al-Assad y la prensa siria ambas (gubernamental y no-gubernamental) han estado acusando a Arabia Saudita y a las Fuerzas 14 de Marzo de financiar y apoyar las organizaciones [&hellip;]<\/p>\n","protected":false},"author":23,"featured_media":0,"comment_status":"open","ping_status":"open","sticky":false,"template":"","format":"standard","meta":{"footnotes":""},"categories":[5,14],"tags":[],"class_list":["post-2713","post","type-post","status-publish","format-standard","hentry","category-analisis-e-investigacion","category-relaciones-inter-arabes"],"_links":{"self":[{"href":"https:\/\/www2.memri.org\/espanol\/wp-json\/wp\/v2\/posts\/2713","targetHints":{"allow":["GET"]}}],"collection":[{"href":"https:\/\/www2.memri.org\/espanol\/wp-json\/wp\/v2\/posts"}],"about":[{"href":"https:\/\/www2.memri.org\/espanol\/wp-json\/wp\/v2\/types\/post"}],"author":[{"embeddable":true,"href":"https:\/\/www2.memri.org\/espanol\/wp-json\/wp\/v2\/users\/23"}],"replies":[{"embeddable":true,"href":"https:\/\/www2.memri.org\/espanol\/wp-json\/wp\/v2\/comments?post=2713"}],"version-history":[{"count":0,"href":"https:\/\/www2.memri.org\/espanol\/wp-json\/wp\/v2\/posts\/2713\/revisions"}],"wp:attachment":[{"href":"https:\/\/www2.memri.org\/espanol\/wp-json\/wp\/v2\/media?parent=2713"}],"wp:term":[{"taxonomy":"category","embeddable":true,"href":"https:\/\/www2.memri.org\/espanol\/wp-json\/wp\/v2\/categories?post=2713"},{"taxonomy":"post_tag","embeddable":true,"href":"https:\/\/www2.memri.org\/espanol\/wp-json\/wp\/v2\/tags?post=2713"}],"curies":[{"name":"wp","href":"https:\/\/api.w.org\/{rel}","templated":true}]}}