{"id":2709,"date":"2008-12-16T00:00:00","date_gmt":"2008-12-16T00:00:00","guid":{"rendered":"http:\/\/www2.memri.org\/espanol\/2008\/12\/16\/resena-de-los-portales-de-memri-diciembre-16-2008\/"},"modified":"2008-12-16T00:00:00","modified_gmt":"2008-12-16T00:00:00","slug":"resena-de-los-portales-de-memri-diciembre-16-2008","status":"publish","type":"post","link":"https:\/\/www2.memri.org\/espanol\/resena-de-los-portales-de-memri-diciembre-16-2008\/2709","title":{"rendered":"Rese\u00f1a de los Portales de MEMRI, Diciembre 16, 2008"},"content":{"rendered":"<div class=\"bodytext c2\">\n<p><strong><u>MEMRI.ORG<\/u><\/strong><\/p>\n<p><u>Investigaci\u00f3n y An\u00e1lisis # 480<\/u><\/p>\n<p><strong>Reciente escalada de tensi\u00f3n sunni-chi\u00edta (Parte I): Guerra sunni-chi\u00edta de piratas cibern\u00e9ticos en Internet<\/strong><br \/>Por: L. Azouri<\/p>\n<p>El conflicto entre Ir\u00e1n y los pa\u00edses sunni &#8211; en especial Arabia Saudita y Egipto &#8211; ha escalado las tensiones entre sunnis y chi\u00edtas en el mundo musulm\u00e1n. Esta escalada ha tenido varias manifestaciones.<\/p>\n<p><em>El art\u00edculo completo puede ser visto en el siguiente enlace<\/em>: <a href=\"http:\/\/www2.memri.org\/bin\/espanol\/ultimasnoticias.cgi?ID=IA48008\">http:\/\/www2.memri.org\/bin\/espanol\/ultimasnoticias.cgi?ID=IA48008<\/a><\/p>\n<p class=\"c1\">* * * * * * * *<\/p>\n<p class=\"c1\">\n<p><u>Investigaci\u00f3n y An\u00e1lisis # 481<\/u><\/p>\n<p><strong>Reciente escalada de tensi\u00f3n sunni-chi\u00edta (Parte II): Declaraciones anti-chi\u00edtas del Jeque Al-Qaradhawi<\/strong><br \/>Por: E. Glass<\/p>\n<p>Durante varios meses ya, el Jeque Yousef Al-Qaradhawi, jefe de la Uni\u00f3n Internacional de Estudiosos Musulmanes (UIEM), ha estado atacando a los chi\u00edtas y a Ir\u00e1n. En una entrevista con el diario egipcio <em>Al-Masri Al-Yawm<\/em>, publicado el 8 y 9 de septiembre del 2008, enfatiz\u00f3 el peligro propuesto por la expansi\u00f3n del chi\u00edsmo en los pa\u00edses sunni. Durante las semanas siguientes, continu\u00f3 la campa\u00f1a con entrevistas adicionales y comunicados en la prensa egipcia y saudita, en donde luego conden\u00f3 el chi\u00edsmo y tambi\u00e9n acus\u00f3 a Ir\u00e1n de esparcirlo con el fin de realizar sus aspiraciones imperialistas\u00bb.<\/p>\n<p><em>El art\u00edculo completo puede ser visto en el siguiente enlace<\/em>: <a href=\"http:\/\/www2.memri.org\/bin\/espanol\/ultimasnoticias.cgi?ID=IA48108\">http:\/\/www2.memri.org\/bin\/espanol\/ultimasnoticias.cgi?ID=IA48108<\/a><\/p>\n<p class=\"c1\">* * * * * * * *<\/p>\n<p class=\"c1\">\n<p><u>Investigaci\u00f3n y An\u00e1lisis # 482<\/u><\/p>\n<p><strong>Reciente escalada de tensi\u00f3n sunni-chi&#8217;ita (Parte III): Disputa sectaria en Arabia Saudita<\/strong><br \/>Por: Y. Admon<\/p>\n<p>Las tensiones entre sunnis y chi\u00edtas en Arabia Saudita se han intensificado recientemente. La prensa \u00e1rabe informa que las autoridades sauditas han tomado medidas discriminatorias contra los chi\u00edtas en el pa\u00eds, tales como prevenir la participaci\u00f3n de representantes chi\u00edtas en la Conferencia del Di\u00e1logo Inter-fe de junio del 2008 en la Meca, cerrando mezquitas chi\u00edtas, arrestando a antiguos cl\u00e9rigos chi\u00edtas y la persecuci\u00f3n de peregrinos chi\u00edtas de Ir\u00e1n.<\/p>\n<p><em>El art\u00edculo completo puede ser visto en el siguiente enlace<\/em>: <a href=\"http:\/\/www2.memri.org\/bin\/espanol\/ultimasnoticias.cgi?ID=IA48208\">http:\/\/www2.memri.org\/bin\/espanol\/ultimasnoticias.cgi?ID=IA48208<\/a><\/p>\n<p class=\"c1\">* * * * * * * *<\/p>\n<p class=\"c1\">\n<p>Para entrar al portal MEMRI: <a href=\"http:\/\/www2.memri.org\">http:\/\/www2.memri.org<\/a><\/p>\n<p>_________________________________________________________<\/p>\n<p><u><strong>MEMRI TV<\/strong><\/u><\/p>\n<p><strong>Cl\u00e9rigo egipcio Wagdi Ghneim demostr\u00f3 el escupir apropiadamente para defenderse del Khunzub, el diablo responsable de estropear los rezos musulmanes<\/strong><\/p>\n<p>Clip de Video #1946: <a href=\"http:\/\/www.memritv.org\/clip\/en\/1946.htm\">http:\/\/www.memritv.org\/clip\/en\/1946.htm<\/a><br \/>[<u>Fuente<\/u>: Al-Nas TV (Egipto) &#8211; 9 de noviembre de 2008]<\/p>\n<p class=\"c1\">\n<p class=\"c1\">* * * * * * * *<\/p>\n<p class=\"c1\">\n<p>Para entrar al portal MEMRI TV: <u><a href=\"http:\/\/www.memritv.org\/\">http:\/\/www.memritv.org<\/a><\/u><\/p>\n<p><strong>_________________________________________________________<\/strong><\/p>\n<p><u><strong>BLOG MEMRI<\/strong><\/u><\/p>\n<p><strong>&#8216;Abbas: Condici\u00f3n para una soluci\u00f3n &#8211; el retorno de todos los territorios palestinos<\/strong><br \/>[<u>Fuente<\/u>: <em>Al-Hayat Al-Jadida<\/em>, Autoridad Palestina, 16 de diciembre, 2008]<\/p>\n<p>El Presidente de la Autoridad Palestina Mahmoud Abbas dijo, durante un discurso en honor a la liberaci\u00f3n de unos 200 prisioneros palestinos, que los palestinos s\u00f3lo aceptar\u00edan una soluci\u00f3n que incluyera el retorno de todos los territorios palestinos, incluyendo Jerusal\u00e9n, y que el problema de los refugiados pudiera permanecer en el tope de la agenda.<\/p>\n<p><em>Para ver el art\u00edculo:<\/em> <a href=\"http:\/\/www.thememriblog.org\/blog_personal\/en\/12187.htm\">http:\/\/www.thememriblog.org\/blog_personal\/en\/12187.htm<\/a><\/p>\n<p class=\"c1\"><strong>* * * * * * * *<\/strong><\/p>\n<p><strong>Nasrallah llama a protestas de solidaridad para Gaza<\/strong><br \/>[<u>Fuente<\/u>: <a href=\"http:\/\/www.Hizbollah.tv\">www.Hizbollah.tv<\/a>, 15 de diciembre, 2008]<\/p>\n<p>En un discurso en el canal de televisi\u00f3n del Hizbullah Al-Manar TV, el secretario general del Hizbullah Hassan Nasrallah dijo que algunos pa\u00edses \u00e1rabes vieron el tema palestino como un yugo a ser liberado, y anunci\u00f3 una \u00abcampa\u00f1a de solidaridad\u00bb con el pueblo palestino sitiado en Gaza.<\/p>\n<p>\u00c9l agreg\u00f3 que \u00abno existe ninguna base humanitaria, moral, religiosa o incluso judicial para aferrarse a los acuerdos occidentales, si al hacerlo causa una tragedia humanitaria y si el resultado es un crimen de guerra tal como el actual en la Franja de Gaza.<\/p>\n<p><em>Para ver el art\u00edculo:<\/em> <a href=\"http:\/\/www.thememriblog.org\/blog_personal\/en\/12184.htm\">http:\/\/www.thememriblog.org\/blog_personal\/en\/12184.htm<\/a><\/p>\n<p class=\"c1\"><strong>* * * * * * * *<\/strong><\/p>\n<p class=\"c1\">\n<p><strong>Chi\u00edtas incendian autom\u00f3viles de sunnis sirios en Bahrein<\/strong><br \/>[<u>Fuente<\/u>: <a href=\"http:\/\/www.Elaph.com\">www.Elaph.com<\/a>, 15 de diciembre, 2008]<\/p>\n<p>En Bahrein, chi\u00edtas enmascarados incendiaron autom\u00f3viles pertenecientes a residentes sunni de Bahrein de origen sirio, para protestar contra el gobierno de Bahrein por concederles ciudadan\u00eda.<\/p>\n<p>Un MP de Bahrein dijo que los chi\u00edtas que protestaban respond\u00edan a una llamada iran\u00ed para fomentar la discordancia interna entre los sunnis en Bahrein.<\/p>\n<p><em>Para ver el art\u00edculo:<\/em> <a href=\"http:\/\/www.thememriblog.org\/blog_personal\/en\/12183.htm\">http:\/\/www.thememriblog.org\/blog_personal\/en\/12183.htm<\/a><\/p>\n<p class=\"c1\"><strong>* * * * * * * *<\/strong><\/p>\n<p class=\"c1\">\n<p>Para mayor informaci\u00f3n: <a href=\"http:\/\/www.thememriblog.org\">http:\/\/www.thememriblog.org<\/a><\/p>\n<p><strong>_________________________________________________________<\/strong><\/p>\n<p><strong><u>PROYECTO SUPERVISI\u00d3N PORTALES ISLAMISTAS DE MEMRI<\/u><\/strong><\/p>\n<p class=\"c1\">* * * * * * * *<\/p>\n<p class=\"c1\">\n<p>Para mayor informaci\u00f3n: <u><a href=\"http:\/\/www.memrijttm.org\">http:\/\/www.memrijttm.org<\/a><\/u><\/p>\n<p><strong>_________________________________________________________<\/strong><\/p>\n<p><strong><u>BLOG MEDI\u00c1TICO IR\u00c1N DE MEMRI<\/u><\/strong><\/p>\n<p><strong>Ahmadinejad: Ir\u00e1n nunca reconocer\u00e1 a Israel y est\u00e1 preparada para celebrar conversaciones con aqu\u00e9llos que instan a poner fin al sionismo<\/strong><br \/>[<u>Fuente<\/u>: IRNA, Ir\u00e1n, 16 de diciembre, 2008]<\/p>\n<p>El Presidente iran\u00ed Mahmoud Ahmadinejad dijo hoy que Ir\u00e1n nunca reconocer\u00e1 a Israel, y que est\u00e1 lista para celebrar conversaciones con aqu\u00e9llos que instan a poner fin a los cr\u00edmenes israel\u00edes, a la ocupaci\u00f3n, la agresi\u00f3n, a la ideolog\u00eda y al sionismo.<\/p>\n<p>Dirigi\u00e9ndose a una gran muchedumbre en la ciudad de Ahvaz, Khozestan, Ahmadinejad dijo, \u00abCualquiera que vaya a hablar con la naci\u00f3n iran\u00ed deber\u00eda saber que los iran\u00edes nunca reconocer\u00e1n al r\u00e9gimen sionista\u00bb.<\/p>\n<p><em>Para ver el art\u00edculo:<\/em> <a href=\"http:\/\/www.thememriblog.org\/iran\/blog_personal\/en\/12188.htm\">http:\/\/www.thememriblog.org\/iran\/blog_personal\/en\/12188.htm<\/a><\/p>\n<p class=\"c1\">* * * * * * * *<\/p>\n<p>Para mayor informaci\u00f3n sobre Ir\u00e1n: <a href=\"http:\/\/www.thememriblog.org\/iran\">http:\/\/www.thememriblog.org\/iran<\/a><\/p>\n<p><strong>_________________________________________________________<\/strong><\/p>\n<p><strong><u>BLOG MEDI\u00c1TICO URDU-PASHTO DE MEMRI<\/u><\/strong><\/p>\n<p><strong>Pol\u00edtico paquistan\u00ed: Los ataques de Mumbai fueron planeados por India<\/strong><br \/>[<u>Fuente<\/u>: <em>Roznama Jang,<\/em> Pakist\u00e1n, 14 de diciembre, 2008]<\/p>\n<p>El l\u00edder de la Liga Musulmana de Pakist\u00e1n (N) en la provincia Sindh, ha declarado que el gobierno hind\u00fa plane\u00f3 y ejecut\u00f3 el ataque terrorista del 26 de noviembre en Mumbai para implicar a Pakist\u00e1n.<\/p>\n<p>\u00c9l agreg\u00f3: &ldquo;Siempre que uno hable del asunto de Cachemira, India ejecuta tales dramas. Despu\u00e9s de su elecci\u00f3n, el presidente electo Barack Obama hab\u00eda hablado de una soluci\u00f3n para Cachemira; esto condujo a que \u00e9stos [ataques terroristas en Mumbai] fuesen planeados\u00bb.<\/p>\n<p><em>Para ver el art\u00edculo:<\/em> <a href=\"http:\/\/www.thememriblog.org\/urdupashtu\/blog_personal\/en\/12158.htm\">http:\/\/www.thememriblog.org\/urdupashtu\/blog_personal\/en\/12158.htm<\/a><\/p>\n<p class=\"c1\">\n<p class=\"c1\">* * * * * * * *<\/p>\n<p class=\"c1\">\n<p>Para mayor informaci\u00f3n sobre Pakist\u00e1n y Afganist\u00e1n: <u><a href=\"http:\/\/www.thememriblog.org\/urdupashtu\">http:\/\/www.thememriblog.org\/urdupashtu<\/a><\/u><\/p>\n<p><strong>_________________________________________________________<\/strong><\/p>\n<p><strong><u>BLOG MEDI\u00c1TICO TURQU\u00cdA DE MEMRI<\/u><\/strong><\/p>\n<p><strong>El PKK toma su poder de algunas formaciones en los pa\u00edses de la Uni\u00f3n Europea<\/strong><br \/>[<u>Fuente<\/u>: <em>Cumhuriyet<\/em> (Turqu\u00eda), 16 de diciembre, 2008]<\/p>\n<p>Un informe preparado por Sonmez Koksal, ex subsecretario de la Agencia de Inteligencia Nacional (MIT), ha indicado que fue de vital importancia ganar el apoyo de los pa\u00edses miembros de la UE en la lucha contra la organizaci\u00f3n terrorista PKK. \u00abEl PKK toma su poder de algunas formaciones en pa\u00edses tales como Alemania, Francia y G. Breta\u00f1a\u00bb, dijo.<\/p>\n<p><em>Para ver el art\u00edculo:<\/em> <a href=\"http:\/\/www.thememriblog.org\/turkey\/blog_personal\/en\/12193.htm\">http:\/\/www.thememriblog.org\/turkey\/blog_personal\/en\/12193.htm<\/a><\/p>\n<p class=\"c1\">\n<p class=\"c1\">* * * * * * * *<\/p>\n<p>Para mayor informaci\u00f3n sobre Turqu\u00eda: <a href=\"http:\/\/www.thememriblog.org\/turkey\">http:\/\/www.thememriblog.org\/turkey<\/a><\/p>\n<p><strong>_________________________________________________________<\/strong><\/p>\n<p><strong><u>BLOG ECON\u00d3MICO DE MEMRI<\/u><\/strong><\/p>\n<p class=\"c1\">* * * * * * * *<\/p>\n<p class=\"c1\">\n<p>Para m\u00e1s informaci\u00f3n sobre econ\u00f3mia: <a href=\"http:\/\/memrieconomicblog.org\">http:\/\/memrieconomicblog.org<\/a><\/p>\n<p><strong>_________________________________________________________<\/strong><\/p>\n<p><strong><u>BLOG CULTURA \u00c1RABE DE MEMRI<\/u><\/strong><\/p>\n<p><strong>Saudita ofrece millones por los zapatos lanzados a Bush<\/strong><br \/>[<u>Fuente<\/u>: <a href=\"http:\/\/www.Alarabiya.net\">www.Alarabiya.net<\/a> (de propiedad saudita, con sede en Dubai), 16 de diciembre, 2008]<\/p>\n<p>Un saudita ofreci\u00f3 pagar $10 millones por el par de zapatos que un periodista iraqu\u00ed le lanz\u00f3 al Presidente norteamericano George W. Bush, diciendo que considera la talla 10 una \u00abmedalla de libertad.\u00bb<\/p>\n<p>El maestro de escuela ya retirado Mohamed Makhafa, de 60 a\u00f1os de edad, dijo que pensaba que los zapatos que casi golpearon a Bush durante una conferencia de prensa en Bagdad, eran m\u00e1s valiosos que todo lo que pose\u00eda.<\/p>\n<p><em>Para ver el art\u00edculo y la imagen que lo acompa\u00f1a:<\/em> <a href=\"http:\/\/www.thememriblog.org\/arabculture\/blog_personal\/en\/12190.htm\">http:\/\/www.thememriblog.org\/arabculture\/blog_personal\/en\/12190.htm<\/a><\/p>\n<p class=\"c1\">* * * * * * * *<\/p>\n<p>Para mayor informaci\u00f3n sobre cultura \u00e1rabe: <a href=\"http:\/\/thememriblog.org\/arabculture\">http:\/\/thememriblog.org\/arabculture<\/a><\/p>\n<\/div>\n","protected":false},"excerpt":{"rendered":"<p>MEMRI.ORG Investigaci\u00f3n y An\u00e1lisis # 480 Reciente escalada de tensi\u00f3n sunni-chi\u00edta (Parte I): Guerra sunni-chi\u00edta de piratas cibern\u00e9ticos en InternetPor: L. Azouri El conflicto entre Ir\u00e1n y los pa\u00edses sunni &#8211; en especial Arabia Saudita y Egipto &#8211; ha escalado las tensiones entre sunnis y chi\u00edtas en el mundo musulm\u00e1n. Esta escalada ha tenido varias [&hellip;]<\/p>\n","protected":false},"author":1,"featured_media":0,"comment_status":"open","ping_status":"open","sticky":false,"template":"","format":"standard","meta":{"footnotes":""},"categories":[32],"tags":[],"class_list":["post-2709","post","type-post","status-publish","format-standard","hentry","category-reportes-diarios"],"_links":{"self":[{"href":"https:\/\/www2.memri.org\/espanol\/wp-json\/wp\/v2\/posts\/2709","targetHints":{"allow":["GET"]}}],"collection":[{"href":"https:\/\/www2.memri.org\/espanol\/wp-json\/wp\/v2\/posts"}],"about":[{"href":"https:\/\/www2.memri.org\/espanol\/wp-json\/wp\/v2\/types\/post"}],"author":[{"embeddable":true,"href":"https:\/\/www2.memri.org\/espanol\/wp-json\/wp\/v2\/users\/1"}],"replies":[{"embeddable":true,"href":"https:\/\/www2.memri.org\/espanol\/wp-json\/wp\/v2\/comments?post=2709"}],"version-history":[{"count":0,"href":"https:\/\/www2.memri.org\/espanol\/wp-json\/wp\/v2\/posts\/2709\/revisions"}],"wp:attachment":[{"href":"https:\/\/www2.memri.org\/espanol\/wp-json\/wp\/v2\/media?parent=2709"}],"wp:term":[{"taxonomy":"category","embeddable":true,"href":"https:\/\/www2.memri.org\/espanol\/wp-json\/wp\/v2\/categories?post=2709"},{"taxonomy":"post_tag","embeddable":true,"href":"https:\/\/www2.memri.org\/espanol\/wp-json\/wp\/v2\/tags?post=2709"}],"curies":[{"name":"wp","href":"https:\/\/api.w.org\/{rel}","templated":true}]}}