{"id":269,"date":"2002-03-31T00:00:00","date_gmt":"2002-03-31T00:00:00","guid":{"rendered":"http:\/\/www2.memri.org\/espanol\/2002\/03\/31\/canales-de-televisin-arabes-entrevistan-a-arafat\/"},"modified":"2002-03-31T00:00:00","modified_gmt":"2002-03-31T00:00:00","slug":"canales-de-televisin-arabes-entrevistan-a-arafat","status":"publish","type":"post","link":"https:\/\/www2.memri.org\/espanol\/canales-de-televisin-arabes-entrevistan-a-arafat\/269","title":{"rendered":"Canales de Televisi&oacute;n Arabes Entrevistan a Arafat"},"content":{"rendered":"<div class=\"bodytext c1\">\n<p><em>A ra\u00edz de los ataques terroristas, del 29 de marzo de 2002,&nbsp; durante las Pascuas Jud\u00edas, Israel realiz\u00f3 una operaci\u00f3n militar en contra de la Autoridad Palestina. Mientras que el ej\u00e9rcito israel\u00ed entraba a los cuarteles de Arafat en Ramala, Arafat conced\u00eda entrevistas a importantes canales de televisi\u00f3n \u00e1rabes. A continuaci\u00f3n presentamos extractos de estas entrevistas:<\/em><\/p>\n<p><strong>Entrevista con Al-Jazeera<a href=\"#_edn1\">[1]<\/a><\/strong><\/p>\n<p><strong>Arafat:<\/strong> \u00abEllos decidieron hacerme prisionero, deportarme o matarme. No. Yo les contesto que ser\u00e9 un m\u00e1rtir, un m\u00e1rtir, un m\u00e1rtir&hellip; &#8216;Y ellos estar\u00e1n esperando su castigo el D\u00eda del Juicio&#8217;&hellip; y &#8216;uno de sus m\u00e1rtires [que caiga en la batalla por Jerusal\u00e9n] vale lo mismo que 40 m\u00e1rtires&#8217; <a href=\"#_edn2\">[2]<\/a>&#8230; Al\u00e1, hazme m\u00e1rtir en Jerusal\u00e9n, el lugar desde el cual el Profeta Mahoma subi\u00f3 a los cielos, y el lugar en el que naci\u00f3 nuestro Se\u00f1or Jes\u00fas&#8230; Podr\u00e9 ser asesinado, pero por seguro uno de nuestros ni\u00f1os o nuestras ni\u00f1as ondear\u00e1 la bandera sobre los muros de Jerusal\u00e9n, sobre los minaretes de Jerusal\u00e9n, y sobre las iglesias de Jerusal\u00e9n. &#8216;Ellos piensan que eso no puede suceder, pero nosotros creemos que es inminente, y nosotros tenemos raz\u00f3n&#8217;&#8230; &#8216;Ellos entrar\u00e1n a la mezquita como entraron la primera vez&#8217; <a href=\"#_edn3\">[3]<\/a>&#8230; Este es el camino que he elegido&#8230; Al\u00e1, conc\u00e9deme el martirio&hellip;\u00bb<\/p>\n<p>\u00abNo solo estamos defendiendo a Palestina, la naci\u00f3n \u00e1rabe, y los lugares sagrados isl\u00e1micos y cristianos, sino que tambi\u00e9n defendemos a todos los hombres que luchan por la libertad y el honor en el mundo. Este es nuestro destino. Es un decreto divino&hellip;\u00bb<\/p>\n<p>\u00abToda la humanidad debe de entender que nadie que pertenezca al pueblo palestino o a la naci\u00f3n \u00e1rabe, est\u00e1 dispuesto a agacharse y a rendirse. Pero le pedimos a Al\u00e1 que nos conceda el martirio, que nos conceda el martirio. Millones de m\u00e1rtires iremos a Jerusal\u00e9n. Millones de m\u00e1rtires iremos a Jerusal\u00e9n. Millones de m\u00e1rtires iremos a Jerusal\u00e9n.\u00bb<\/p>\n<p>\u00abEste es un llamado a las naciones \u00e1rabes e isl\u00e1micas y a todos los cristianos del mundo. Esta es la llamada tierra sagrada en occidente &#8216;Terra Sancta,&#8217; Tierra Santa. Defenderemos estos lugares sagrados&hellip;\u00bb<\/p>\n<p>\u00abLe pedimos a los norteamericanos que actuaran. Pero \u00bfque han hecho? \u00bfNo saben que esta situaci\u00f3n estremecer\u00e1 al Medio Oriente? Yo le digo al pueblo palestino: &#8216;Oh monta\u00f1a, el viento no te estremecer\u00e1.\u00bb Yo le digo a la naci\u00f3n \u00e1rabe: \u00abMillones de m\u00e1rtires iremos a Jerusal\u00e9n.'\u00bb&nbsp;<\/p>\n<p><strong><em>Pregunta:<\/em><\/strong> <em>\u00abSe\u00f1or Presidente, Sharon dijo en su conferencia de prensa que usted se ha convertido en un enemigo, que usted no est\u00e1 a favor de la paz, y que Ramala se ha convertido en un criadero de terrorismo. \u00bfComo responde usted a esto?\u00bb&nbsp;<\/em><\/p>\n<p><strong>Arafat:<\/strong> \u00ab\u00bfNo es el mismo Sharon un criadero de terrorismo? \u00bfNo es esta ocupaci\u00f3n un criadero de terrorismo? \u00bfLos F-15 y F-16 no son un criadero de terrorismo? \u00bfLos tanques que me mantienen sitiado no son un criadero de terrorismo? \u00bfBombardear a civiles no es un criadero de terrorismo? \u00bfCuarenta y siete mil m\u00e1rtires y heridos palestinos en esta Intifada no son un criadero de terrorismo?\u00bfDestruir las instituciones del pueblo palestino no es un criadero de terrorismo? \u00bfDestruir todas las granjas del pueblo palestino no es un criadero de terrorismo&#8230;?\u00bb<\/p>\n<p><strong><em>Pregunta:<\/em><\/strong> <em>\u00ab\u00bfCree posible que las fuerzas israel\u00edes lo asesinen?\u00bb<\/em><\/p>\n<p><strong>Arafat:<\/strong> \u00abOjal\u00e1 lo hagan. Quiero ser un m\u00e1rtir. Ojal\u00e1 que Al\u00e1 me lo conceda. \u00bfAcaso soy mejor que el heroico joven Fares Odeh? Queremos el martirio. Todos queremos el martirio. El pueblo palestino todo quiere el martirio&hellip;\u00bb&nbsp;<\/p>\n<p><strong><em>Pregunta:<\/em><\/strong> <em>Se\u00f1or Presidente, \u00bfcree usted que esta invasi\u00f3n se ha llevado a cabo en respuesta a la operaci\u00f3n de Natania,<a href=\"#_edn4\">[4]<\/a><\/em> <em>o como respuesta a la iniciativa \u00e1rabe en la Junta Cumbre \u00c1rabe?\u00bb&nbsp;<\/em><\/p>\n<p><strong>Arafat:<\/strong> \u00abNo. Esto responde a la Junta Cumbre \u00c1rabe en Beirut&hellip; a la iniciativa del Pr\u00edncipe Abdullah&hellip; Esta es la respuesta israel\u00ed a todos los intentos de paz porque ellos no quieren la paz. \u00a1Ellos no quieren la paz!!! (sic) Debemos recordar lo siguiente. Los extremistas asesinaron a mi colega Yitzhak Rabin. \u00bfPor que lo asesinaron? Porque no quieren la paz.\u00bb<\/p>\n<p>\u00ab\u00bfPor que distorsionan las pl\u00e1ticas de Campo David? Ellos preguntan por que no aceptamos la propuesta de Campo David. \u00bfDebo cederles Jerusal\u00e9n? \u00bfQuien puede aceptar esto? D\u00edgame, \u00bfquien lo puede aceptar?&#8230; Ellos son los carniceros, los asesinos, los verdaderos terroristas de todo el mundo, de todo el mundo. Nosotros somos el \u00fanico pueblo del mundo sometido a la ocupaci\u00f3n. Ponemos nuestra mano en la mano de los israel\u00edes&#8230; Si esta es la respuesta a la iniciativa \u00e1rabe, \u00bfque quieren decir con esto? \u00bfQuienes son los terroristas? \u00bfLos palestinos? \u00bfLos \u00e1rabes? \u00bfLos musulmanes? \u00bfLos cristianos? \u00bfBombardeamos nosotros la estatua de la Virgen Mar\u00eda en Bel\u00e9n? El mundo entero se trastorn\u00f3 por el intento del Talib\u00e1n de destruir la estatua de Buda. \u00bfNo es la estatua de Mar\u00eda igual de sagrada? \u00bfNo es ella la \u00fanica mujer mencionada en el Koran? \u00bfNo existe un cap\u00edtulo cor\u00e1nico que lleva su nombre?\u00bb<\/p>\n<p><strong><em>Pregunta:<\/em><\/strong> <em>\u00abSharon dice que ahora hay una guerra sin fronteras geogr\u00e1ficas. \u00bfCual es su opini\u00f3n de la situaci\u00f3n?\u00bb&nbsp;&nbsp;<\/em><\/p>\n<p><strong>Arafat:<\/strong> \u00abPor Al\u00e1, nosotros consideramos todas las posibilidades. Nadie est\u00e1 conmovido. Nadie est\u00e1 asustado, nadie est\u00e1 retrocediendo. Millones de m\u00e1rtires iremos a Jerusal\u00e9n.\u00bb<\/p>\n<p>&nbsp;<strong>Entrevista con la Televisi\u00f3n Egipcia<\/strong><a href=\"#_edn5\">[5]<\/a><\/p>\n<p><strong>Arafat:<\/strong> \u00abQuiero decirle algo: El mundo se enfureci\u00f3 por lo que el Talib\u00e1n le hizo a la estatua de Buda. Pero cuando ellos destruyeron la estatua de la Virgen Mar\u00eda, que es la \u00fanica mujer mencionada en el Cor\u00e1n, nadie dice ni una palabra&#8230; Defendemos estos lugares sagrados: Millones de m\u00e1rtires iremos a Jerusal\u00e9n.\u00bb&nbsp;<\/p>\n<p><strong><em>Pregunta:<\/em><\/strong> <em>\u00ab&#8230;\u00bfQue piensa hacer mientras que los tanques est\u00e1n a solo dos metros de usted&#8230;?\u00bb<\/em><\/p>\n<p><strong>Arafat:<\/strong> \u00ab\u00a1Dos metros?!! \u00a1Me est\u00e1n bombardeando! \u00bfNo oye las bombas?\u00bb<\/p>\n<p><strong><em>Pregunta:<\/em><\/strong> <em>\u00ab&#8230;En realidad, podemos o\u00edrlas lejos de aqu\u00ed&#8230;\u00bb<\/em><\/p>\n<p><strong>Arafat:<\/strong> \u00abAtacaron nuestras posiciones en nuestro cuartel.\u00bb<\/p>\n<p><strong><em>Pregunta:<\/em><\/strong> <em>\u00ab&#8230;La pregunta fue, \u00bfque har\u00e1 usted en esta situaci\u00f3n? \u00bfComo puede el liderazgo palestino calmar la situaci\u00f3n?\u00bb<\/em><\/p>\n<p><strong>Arafat:<\/strong> \u00abTodos queremos ser m\u00e1rtires. No titubearemos y no retrocederemos&hellip; Como le dije: Millones de m\u00e1rtires iremos a Jerusal\u00e9n.\u00bb<\/p>\n<p><strong><em>Pregunta:<\/em><\/strong> <em>\u00ab\u00bfEs esta una respuesta a la operaci\u00f3n de Natania?\u00bb<\/em><\/p>\n<p><strong>Arafat:<\/strong> \u00ab\u00a1Claro! \u00bfEs todo esto una respuesta a la operaci\u00f3n de Natania?&#8230;\u00bb<\/p>\n<p><strong><em>Pregunta:<\/em><\/strong> <em>\u00abEs obvio que la simpat\u00eda y el entusiasmo de la opini\u00f3n p\u00fablica \u00e1rabe no es suficiente. \u00bfQue pide usted ahora de los l\u00edderes \u00e1rabes?\u00bb<\/em><\/p>\n<p><strong>Arafat:<\/strong> \u00abQue act\u00faen dentro de la esfera internacional y global con todos los l\u00edderes del mundo, para detener este terrorismo internacional y global dirigido por Sharon. No me hable de terrorismo en Kandahar, no me hable de terrorismo Talib\u00e1n, y no me hable de terrorismo en ninguna otra parte del mundo. El terrorismo mas importante y peligroso es el que esta sucediendo en la tierra santa&#8230;\u00bb<\/p>\n<p><strong><em>Pregunta:<\/em><\/strong> <em>\u00abSe\u00f1or Presidente, Estamos viviendo los acontecimientos con usted y vemos que los tanques israel\u00edes se acercan&hellip;&nbsp; Nuestros corazones y nuestras almas est\u00e1n con usted y rezamos por su seguridad y la seguridad del pueblo palestino.\u00bb<\/em><\/p>\n<p><strong>Arafat:<\/strong> \u00ab\u00a1No me desee seguridad! \u00a1Ruegue por que me convierta en m\u00e1rtir! \u00bfExiste algo mejor que ser m\u00e1rtir en esta tierra santa? Todos queremos el martirio&#8230;\u00bb<\/p>\n<p><strong>Entrevista con la Televisi\u00f3n de Abu Dhabi<a href=\"#_edn6\">[6]<\/a><\/strong><\/p>\n<p><strong>Arafat:<\/strong> \u00abQue Al\u00e1 nos conceda el martirio defendiendo los lugares sagrados de los cristianos y los musulmanes&hellip; Estamos en la l\u00ednea de fuego, y este pueblo est\u00e1 defendiendo estos lugares sagrados&#8230;\u00bb<\/p>\n<p>\u00abEs cierto, Sharon nos tiene sitiados&hellip; Es cierto, \u00e9l usa todas las armas prohibidas por la ley internacional. Es cierto, el usa uranio, es cierto, el usa gases t\u00f3xicos&#8230; pero nosotros estamos firmes&#8230; &#8216;Y ellos recibir\u00e1n su castigo el D\u00eda del Juicio&#8217;&#8230;\u00bb<\/p>\n<\/div>\n<hr noshade=\"noshade\" \/><!-- footnotes --><\/p>\n<div class=\"bodynews c1\">\n<p><a name=\"_edn1\"><\/a>[1] <em>Al-Jazeera\/Televisi\u00f3n de la Autoridad Palestina<\/em>, Marzo 29, 2002.<\/p>\n<p><a name=\"_edn2\"><\/a>[2]Referencia a un verso del Cor\u00e1n.<\/p>\n<p><a name=\"_edn3\"><\/a>[3] Referencia a un verso del Cor\u00e1n.<\/p>\n<p><a name=\"_edn4\"><\/a>[4] El ataque suicida, el 27 de marzo, en un Seder de Pesaj en un hotel de Natania.&nbsp;<\/p>\n<p><a name=\"_edn5\"><\/a> [5] <em>Televisi\u00f3n Egipcia\/Televisi\u00f3n de la Autoridad Palestina<\/em>, Marzo 29, 2002.<\/p>\n<p><a name=\"_edn6\"><\/a>[6] Televisi\u00f3n de <em>Abu Dhabi\/ Televisi\u00f3n de la Autoridad Palestina<\/em>, Marzo 29, 2002.<\/p>\n<\/div>\n","protected":false},"excerpt":{"rendered":"<p>A ra\u00edz de los ataques terroristas, del 29 de marzo de 2002,&nbsp; durante las Pascuas Jud\u00edas, Israel realiz\u00f3 una operaci\u00f3n militar en contra de la Autoridad Palestina. Mientras que el ej\u00e9rcito israel\u00ed entraba a los cuarteles de Arafat en Ramala, Arafat conced\u00eda entrevistas a importantes canales de televisi\u00f3n \u00e1rabes. A continuaci\u00f3n presentamos extractos de estas [&hellip;]<\/p>\n","protected":false},"author":1,"featured_media":0,"comment_status":"open","ping_status":"open","sticky":false,"template":"","format":"standard","meta":{"footnotes":""},"categories":[6,13,23],"tags":[],"class_list":["post-269","post","type-post","status-publish","format-standard","hentry","category-comunicados-especiales","category-conflicto-arabe-israeli","category-autoridad-palestina"],"_links":{"self":[{"href":"https:\/\/www2.memri.org\/espanol\/wp-json\/wp\/v2\/posts\/269","targetHints":{"allow":["GET"]}}],"collection":[{"href":"https:\/\/www2.memri.org\/espanol\/wp-json\/wp\/v2\/posts"}],"about":[{"href":"https:\/\/www2.memri.org\/espanol\/wp-json\/wp\/v2\/types\/post"}],"author":[{"embeddable":true,"href":"https:\/\/www2.memri.org\/espanol\/wp-json\/wp\/v2\/users\/1"}],"replies":[{"embeddable":true,"href":"https:\/\/www2.memri.org\/espanol\/wp-json\/wp\/v2\/comments?post=269"}],"version-history":[{"count":0,"href":"https:\/\/www2.memri.org\/espanol\/wp-json\/wp\/v2\/posts\/269\/revisions"}],"wp:attachment":[{"href":"https:\/\/www2.memri.org\/espanol\/wp-json\/wp\/v2\/media?parent=269"}],"wp:term":[{"taxonomy":"category","embeddable":true,"href":"https:\/\/www2.memri.org\/espanol\/wp-json\/wp\/v2\/categories?post=269"},{"taxonomy":"post_tag","embeddable":true,"href":"https:\/\/www2.memri.org\/espanol\/wp-json\/wp\/v2\/tags?post=269"}],"curies":[{"name":"wp","href":"https:\/\/api.w.org\/{rel}","templated":true}]}}