{"id":2601,"date":"2008-10-29T00:00:00","date_gmt":"2008-10-29T00:00:00","guid":{"rendered":"http:\/\/www2.memri.org\/espanol\/2008\/10\/29\/clerigo-saudita-quien-enseno-en-los-estados-unidos-se-presenta-en-al-majd-tv-ala-sea-alabado-america-esta-colapsando-reconocera-occidente-el-colapso-del-capitalismo-han-comenzado-a-adopta\/"},"modified":"2008-10-29T00:00:00","modified_gmt":"2008-10-29T00:00:00","slug":"clerigo-saudita-quien-enseno-en-los-estados-unidos-se-presenta-en-al-majd-tv-ala-sea-alabado-america-esta-colapsando-reconocera-occidente-el-colapso-del-capitalismo-han-comenzado-a-adopta","status":"publish","type":"post","link":"https:\/\/www2.memri.org\/espanol\/clerigo-saudita-quien-enseno-en-los-estados-unidos-se-presenta-en-al-majd-tv-ala-sea-alabado-america-esta-colapsando-reconocera-occidente-el-colapso-del-capitalismo-han-comenzado-a-adopta\/2601","title":{"rendered":"Cl\u00e9rigo saudita quien ense\u00f1o en los Estados Unidos se presenta en Al-Majd TV: &#8216;Al\u00e1 sea alabado, Am\u00e9rica est\u00e1 colapsando&#8217;; &#8216;reconocer\u00e1 Occidente el colapso del capitalismo [?]&#8230; Han comenzado a adoptar los principios de la econom\u00eda isl\u00e1mica&#8217;; &#8216;o fueron ellos [los Estados Unidos] c\u00f3mplices del 11 de Septiembre, o los que lo llevaron a cabo&#8217;"},"content":{"rendered":"<div class=\"bodytext c1\"><!--Document Body --><\/p>\n<div class=\"bodytext c1\">\n<p><em>Lo siguiente son extractos de una entrevista con el cl\u00e9rigo saudita Abd Al-&#8216;Aziz Fawzan Al-Fawzan, que fue puesta al aire en Al-Majd TV el 7 de octubre, 2008.<\/em><\/p>\n<p><em>El Jeque Al-Fawzan es profesor en ley isl\u00e1mica en<\/em> <em>la Universidad Imam<\/em> <em>Muhammad bin Saud en Arabia Saudita. En el pasado, dio clases en el Instituto de Ciencias Isl\u00e1micas y \u00c1rabes en Am\u00e9rica (ICIAA). <a href=\"#_edn1\" name=\"_ednref1\">[1]<\/a> EL Jeque Al-Fawzan habla frecuentemente en la televisi\u00f3n saudita, ha dado declaraciones previas anti-cristianas (v\u00e9ase <a href=\"http:\/\/www.memritv.org\/Transcript.asp?P1=992\">http:\/\/www.memritv.org\/Transcript.asp?P1=992<\/a> ) y ha llamado en los iraqu\u00edes a emprender el jihad.<\/em><\/p>\n<p><em>Para ver el segmento de video de la entrevista en MEMRI TV, visite <a href=\"http:\/\/www.memritv.org\/clip\/en\/1888.htm\">http:\/\/www.memritv.org\/clip\/en\/1888.htm<\/a>.<\/em><\/p>\n<p><strong>\u00abAm\u00e9rica est\u00e1 colapsando, seg\u00fan el mismo escenario del colapso ruso\u00bb<\/strong><\/p>\n<p><strong>Abd Al-&#8216;Aziz Fawzan Al-Fawzan<\/strong>: \u00abHace algunos a\u00f1os, el sistema comunista socialista finaliz\u00f3 en un colapso devastador, y fue seguido por las rep\u00fablicas sovi\u00e9ticas una tras otra. Rusia renunci\u00f3 a su competencia en contra de la hegemon\u00eda norteamericana, y los Estados Unidos se convirtieron en el l\u00edder unipolar que gobierna al mundo.<\/p>\n<p>\u00abAhora, Al\u00e1 sea alabado, Am\u00e9rica est\u00e1 colapsando, seg\u00fan el mismo escenario del colapso ruso.<\/p>\n<p>[&#8230;]<\/p>\n<p>\u00abEste tremendo poder econ\u00f3mico, que es incomparable en la historia, estaba por derrumbarse un d\u00eda porque est\u00e1 basado en la injusticia.<\/p>\n<p>[&#8230;]<\/p>\n<p>\u00abReconocer\u00e1 Occidente el colapso del capitalismo? Yo estoy convencido de que no. Estamos acostumbrados a su obstinaci\u00f3n y arrogancia. Siempre voltean y tuercen los hechos&#8230;<\/p>\n<p><strong>Entrevistador<\/strong>: \u00abPero lo tendr\u00e1n que admitir&#8230;\u00bb<\/p>\n<p><strong>Abd Al-&lsquo;Aziz Fawzan Al-Fawzan<\/strong>: \u00abAhora que han comenzado a adoptar los principios de la econom\u00eda isl\u00e1mica &#8211; s\u00f3lo que no lo llaman \u00abisl\u00e1mico\u00bb. La prohibici\u00f3n en la venta a corto plazo, la prohibici\u00f3n de expandirse y la venta de los debitos &#8211; esto es el Islam!\u00bb [&#8230;]<\/p>\n<p><strong>\u00abEstos criminales quieren tomar el control del mundo, esparciendo el miedo, la muerte y la destrucci\u00f3n\u00bb<\/strong><\/p>\n<p>\u00abEllos cometieron cr\u00edmenes que s\u00f3lo Dios sabe. O fueron ellos [los Estados Unidos c\u00f3mplices en el 11 de Septiembre, o si no fueron los que lo llevaron a cabo, aunque han enga\u00f1ado al mundo sobre esto. Ellos han llevado a cabo muchas operaciones terroristas alrededor del mundo, y el presidente de Yemen revel\u00f3 hace dos d\u00edas que una c\u00e9lula terrorista que fue capturada estuvo vociferando consignas isl\u00e1micas, pero de hecho pertenec\u00eda a la inteligencia israel\u00ed.<\/p>\n<p>\u00abEstos criminales quieren tomar el control del mundo, esparciendo el miedo, la muerte y la destrucci\u00f3n, y al mismo tiempo, dan la impresi\u00f3n de que ellos son las v\u00edctimas. Debido al 11 de Septiembre, mataron millones de personas, y si sus cr\u00e1neos fuesen colocados uno encima de otro, la pila ser\u00eda m\u00e1s alta que las Torres Gemelas\u00bb.<\/p>\n<\/p>\n<\/div>\n<\/div>\n<hr noshade=\"noshade\" \/>\n<div class=\"bodynews c2\"><!--footnotes --><\/p>\n<div class=\"bodynews c2\">\n<p><a href=\"#_ednref1\" name=\"_edn1\">[1]<\/a> <a href=\"http:\/\/www.islamway.com\/?iw_s=Scholar&amp;iw_a=info&amp;scholar_id=334\">http:\/\/www.islamway.com\/?iw_s=Scholar&amp;iw_a=info&amp;scholar_id=334<\/a>. El 29 de enero del 2004, El Washington Post inform\u00f3 que el Departamento de Estado norteamericano hab\u00eda revocado las visas diplom\u00e1ticas de 16 personas afiliadas al Instituto para las Ciencias Isl\u00e1micas y \u00c1rabes en Am\u00e9rica, como parte de un intento conjunto Estados Unidos-Saudita \u00abpara refrenar la expansi\u00f3n de la ret\u00f3rica isl\u00e1mica extremista en este pa\u00eds y asegurar que todos los empleados de la Embajada saudita est\u00e9n comprometidos en actividades diplom\u00e1ticas leg\u00edtimas\u00bb. El diario continu\u00f3 diciendo que la acci\u00f3n del \u00abDepartamento de Estado de revocar el estatus diplom\u00e1tico a los miembros del personal del instituto vino despu\u00e9s de que Riad decidi\u00f3 que el instituto y su personal ya no estar\u00edan atados a la embajada\u00bb, seguido a \u00abacusaciones de que el instituto, unas instalaciones sat\u00e9lite de la Universidad Isl\u00e1mica al-im\u00e1n Muhammad Ibn Saud en Riad, estaba promoviendo un tipo de Islam que los cr\u00edticos dicen es intolerante a otros linajes de la religi\u00f3n as\u00ed como tambi\u00e9n al cristianismo y al juda\u00edsmo\u00bb. <em>El Washington Post<\/em>, 29 de enero, 2004.<\/p>\n<\/div>\n<\/div>\n","protected":false},"excerpt":{"rendered":"<p>Lo siguiente son extractos de una entrevista con el cl\u00e9rigo saudita Abd Al-&#8216;Aziz Fawzan Al-Fawzan, que fue puesta al aire en Al-Majd TV el 7 de octubre, 2008. El Jeque Al-Fawzan es profesor en ley isl\u00e1mica en la Universidad Imam Muhammad bin Saud en Arabia Saudita. En el pasado, dio clases en el Instituto de [&hellip;]<\/p>\n","protected":false},"author":1,"featured_media":0,"comment_status":"open","ping_status":"open","sticky":false,"template":"","format":"standard","meta":{"footnotes":""},"categories":[10,6,25],"tags":[],"class_list":["post-2601","post","type-post","status-publish","format-standard","hentry","category-estudios-sobre-terrorismo-y-yihad","category-comunicados-especiales","category-arabia-saudita"],"_links":{"self":[{"href":"https:\/\/www2.memri.org\/espanol\/wp-json\/wp\/v2\/posts\/2601","targetHints":{"allow":["GET"]}}],"collection":[{"href":"https:\/\/www2.memri.org\/espanol\/wp-json\/wp\/v2\/posts"}],"about":[{"href":"https:\/\/www2.memri.org\/espanol\/wp-json\/wp\/v2\/types\/post"}],"author":[{"embeddable":true,"href":"https:\/\/www2.memri.org\/espanol\/wp-json\/wp\/v2\/users\/1"}],"replies":[{"embeddable":true,"href":"https:\/\/www2.memri.org\/espanol\/wp-json\/wp\/v2\/comments?post=2601"}],"version-history":[{"count":0,"href":"https:\/\/www2.memri.org\/espanol\/wp-json\/wp\/v2\/posts\/2601\/revisions"}],"wp:attachment":[{"href":"https:\/\/www2.memri.org\/espanol\/wp-json\/wp\/v2\/media?parent=2601"}],"wp:term":[{"taxonomy":"category","embeddable":true,"href":"https:\/\/www2.memri.org\/espanol\/wp-json\/wp\/v2\/categories?post=2601"},{"taxonomy":"post_tag","embeddable":true,"href":"https:\/\/www2.memri.org\/espanol\/wp-json\/wp\/v2\/tags?post=2601"}],"curies":[{"name":"wp","href":"https:\/\/api.w.org\/{rel}","templated":true}]}}