{"id":2572,"date":"2008-10-10T00:00:00","date_gmt":"2008-10-10T00:00:00","guid":{"rendered":"http:\/\/www2.memri.org\/espanol\/2008\/10\/10\/editor-de-diario-del-gobierno-sirio-cual-es-la-diferencia-entre-los-neo-conservadoresbush-y-los-nazis\/"},"modified":"2008-10-10T00:00:00","modified_gmt":"2008-10-10T00:00:00","slug":"editor-de-diario-del-gobierno-sirio-cual-es-la-diferencia-entre-los-neo-conservadoresbush-y-los-nazis","status":"publish","type":"post","link":"https:\/\/www2.memri.org\/espanol\/editor-de-diario-del-gobierno-sirio-cual-es-la-diferencia-entre-los-neo-conservadoresbush-y-los-nazis\/2572","title":{"rendered":"Editor de diario del gobierno sirio: \u00bfCu\u00e1l es la diferencia entre los neo-conservadores\/Bush y los nazis?"},"content":{"rendered":"<div class=\"bodytext c1\">\n<p><em>En un editorial el 30 de julio, 2008 publicado en el diario del gobierno sirio Teshreen, el editor &#8216;Issam Dari compara al Presidente norteamericano George W. Bush a Adolph Hitler, y a los neo-conservadores con los nazis. Tambi\u00e9n denuncia que no existe ninguna diferencia entre el \u00abplan global norteamericano\u00bb bajo Bush y el \u00abplan nazi\u00bb durante el mandato de Hitler. <a href=\"#_edn1\" name=\"_ednref1\">[1]<\/a><\/em><\/p>\n<p><em>A continuaci\u00f3n se presentan extractos del art\u00edculo:<\/em><\/p>\n<p><strong>\u00abUna comparaci\u00f3n entre el Presidente Bush y Hitler, y entre los neo-conservadores y los nazis&#8230; no puede ser evitada\u00bb<\/strong><\/p>\n<p>\u00abUna cuenta regresiva ha comenzado para la salida del gobierno m\u00e1s peligroso en la era moderna despu\u00e9s del deceso del r\u00e9gimen nazi de Hitler&hellip; Aunque una comparaci\u00f3n entre el Presidente Bush y Hitler, y entre los neo-conservadores y los nazis, molestar\u00e1 a los &#8216;gobernantes de Washington&#8217;, no puede ser evitada. [La realidad] experimentada por el mundo durante los dos periodos del Presidente Bush en el cargo nos compele a dise\u00f1ar una analog\u00eda objetiva entre los dos planes &#8211; el de los nazis y el de los Estados Unidos. Si estamos equivocados, [pedimos perd\u00f3n a su indulgencia], ya que en este mundo los errores son inevitables.<\/p>\n<p>\u00abAdolph Hitler propuls\u00f3 al mundo hacia una guerra mundial destructiva, con el resultado de millones de personas muertas, y el ej\u00e9rcito nazi conquist\u00f3 [muchos] pa\u00edses y derroc\u00f3 a [muchos] reg\u00edmenes. George Bush [tambi\u00e9n] ha iniciado varias guerras &#8211; desde Afganist\u00e1n a Irak y el L\u00edbano &#8211; y el ej\u00e9rcito norteamericano [tambi\u00e9n] ha conquistado pa\u00edses y depuesto reg\u00edmenes. Los eventos de los ocho a\u00f1os [pasados] han sido la aproximaci\u00f3n posible m\u00e1s cercana a una guerra mundial.<\/p>\n<p>\u00ab[Adem\u00e1s,] Hitler es acusado de ser un nazi y de tener una ideolog\u00eda racista. No es nuestra intenci\u00f3n cuestionar esta [aserci\u00f3n] &#8211; sino el c\u00f3mo Bush y los neo-conservadores difieren de sus predecesores nazis? No declaro de hecho Bush, al comienzo de su mandato, una &#8216;cruzada&#8217; contra los musulmanes y los \u00e1rabes?\u00bb<\/p>\n<p><strong>\u00abBush y su banda neo-conservadora&#8230; est\u00e1n ah\u00ed para llevar a cabo el precepto talm\u00fadico que ordena la matanza y eliminaci\u00f3n de &#8216;los gentiles&#8217; &#8211; primero y por encima de todo los musulmanes\u00bb<\/strong><\/p>\n<p>\u00abSi el equipo para mejorar la imagen de los Estados Unidos &#8211; cuya [tarea es, en efecto,] rectificar los actos de locura y errores de Bush &#8211; intent\u00f3, para el momento, calificar estas proclamaciones racistas, y los [eventos] en Afganist\u00e1n, Irak, L\u00edbano, Palestina, Sud\u00e1n, Somalia etc. no s\u00f3lo ha confirmado su importancia sino tambi\u00e9n que la malicia que desborda los corazones de Bush y su banda de neo-conservadores fue tomada literalmente y se actu\u00f3 en base a ella. Ellos est\u00e1n ah\u00ed para implementar el mandato talm\u00fadico que ordena la matanza y eliminaci\u00f3n de &#8216;los gentiles&#8217; &#8211; primero y por encima de todo los musulmanes, que son comparados a &#8216;bichos&#8217; y &#8216;cucarachas!<\/p>\n<p>\u00abNadie sabe el n\u00famero exacto de [personas] que cayeron v\u00edctimas de [las actividades] terroristas de Bush en Afganist\u00e1n &#8211; pero es muy grande. En cuanto al n\u00famero [de v\u00edctimas] en Irak, no se sabe todav\u00eda con toda seguridad, [pero] el estimado es que m\u00e1s de 1,200,000 iraqu\u00edes han perdido sus vidas como resultado de los cr\u00edmenes perpetrados por la administraci\u00f3n Bush contra Irak, y que [otros accidentes, incluyendo] mutilados, heridos y desplazados, numerados en millones. Para no mencionar la devastaci\u00f3n que [la administraci\u00f3n Bush] ha infligido sobre [Irak], envi\u00e1ndola de vuelta a la Edad de Piedra.<\/p>\n<p>\u00abNo debemos [tambi\u00e9n] olvidar las v\u00edctimas del terrorismo en el L\u00edbano, que fueron designadas como un campo del tr\u00e1nsito para servir al plan sionista-norteamericano conocido como &#8216;el nuevo plan del Medio Oriente&#8217;, ni tampoco [los actos] terroristas contra la palestina ocupada. Est\u00e1 m\u00e1s all\u00e1 del alcance de este art\u00edculo describir las circunstancias en su totalidad\u00bb.<\/p>\n<p><strong>\u00abEl plan global norteamericano&#8230; no es nada diferente del plan nazi\u00bb<\/strong><\/p>\n<p>\u00abEn conclusi\u00f3n, creemos &#8211; sin aducir m\u00e1s ejemplos &#8211; que el plan global norteamericano, que busca hacer del siglo 21 un siglo norteamericano, no es nada diferente del plan nazi para conquistar el mundo y hacer del [siglo] 20 un siglo nazi!\u00bb<\/p>\n<p><strong>\u00ab[Los norteamericanos] ser\u00e1n los m\u00e1s felices cuando esta nube negra desaparezca de los cielos norteamericanos &#8211; mientras Bush y los que principalmente apoyan su administraci\u00f3n salgan de<\/strong> <strong>la Casa Blanca<\/strong><strong>\u00ab<\/strong><\/p>\n<p>\u00abPara ser justo, [debe declararse que] las naciones del mundo, o por lo menos la mayor\u00eda de ellas, han sufrido a causa de la administraci\u00f3n Bush y los neo-conservadores &#8211; y especialmente el pueblo norteamericano, ya que son ellos qui\u00e9nes han pagado el precio de las aspiraciones de ese grupo de extremistas y fan\u00e1ticos que no conocen otro idioma que el de la guerra y la destrucci\u00f3n, y desprecian la voluntad de los pueblos y sus derechos.<\/p>\n<p>\u00abNo s\u00f3lo est\u00e1n pagando los norteamericanos este peaje en dinero y sangre durante ocho a\u00f1os, sino que la pol\u00edtica norteamericana ha tra\u00eddo desgracia y odio sobre ellos, [pero] ellos ser\u00e1n los m\u00e1s felices cuando esta nube negra desaparezca de los cielos norteamericanos, mientras Bush y los que principalmente apoyan su administraci\u00f3n salgan de la Casa Blanca y entren en una de las p\u00e1ginas m\u00e1s oscuras de la historia\u00bb.<\/p>\n<\/p>\n<\/div>\n<hr noshade=\"noshade\" \/><!-- footnotes --><\/p>\n<div class=\"bodynews c2\">\n<p><a href=\"#_ednref1\" name=\"_edn1\">[1]<\/a> <em>Teshreen<\/em> (Siria), 30 de julio, 2008.<\/p>\n<\/div>\n","protected":false},"excerpt":{"rendered":"<p>En un editorial el 30 de julio, 2008 publicado en el diario del gobierno sirio Teshreen, el editor &#8216;Issam Dari compara al Presidente norteamericano George W. Bush a Adolph Hitler, y a los neo-conservadores con los nazis. Tambi\u00e9n denuncia que no existe ninguna diferencia entre el \u00abplan global norteamericano\u00bb bajo Bush y el \u00abplan nazi\u00bb [&hellip;]<\/p>\n","protected":false},"author":1,"featured_media":0,"comment_status":"open","ping_status":"open","sticky":false,"template":"","format":"standard","meta":{"footnotes":""},"categories":[6,11,26],"tags":[],"class_list":["post-2572","post","type-post","status-publish","format-standard","hentry","category-comunicados-especiales","category-e-u-a-y-el-medio-oriente","category-siria"],"_links":{"self":[{"href":"https:\/\/www2.memri.org\/espanol\/wp-json\/wp\/v2\/posts\/2572","targetHints":{"allow":["GET"]}}],"collection":[{"href":"https:\/\/www2.memri.org\/espanol\/wp-json\/wp\/v2\/posts"}],"about":[{"href":"https:\/\/www2.memri.org\/espanol\/wp-json\/wp\/v2\/types\/post"}],"author":[{"embeddable":true,"href":"https:\/\/www2.memri.org\/espanol\/wp-json\/wp\/v2\/users\/1"}],"replies":[{"embeddable":true,"href":"https:\/\/www2.memri.org\/espanol\/wp-json\/wp\/v2\/comments?post=2572"}],"version-history":[{"count":0,"href":"https:\/\/www2.memri.org\/espanol\/wp-json\/wp\/v2\/posts\/2572\/revisions"}],"wp:attachment":[{"href":"https:\/\/www2.memri.org\/espanol\/wp-json\/wp\/v2\/media?parent=2572"}],"wp:term":[{"taxonomy":"category","embeddable":true,"href":"https:\/\/www2.memri.org\/espanol\/wp-json\/wp\/v2\/categories?post=2572"},{"taxonomy":"post_tag","embeddable":true,"href":"https:\/\/www2.memri.org\/espanol\/wp-json\/wp\/v2\/tags?post=2572"}],"curies":[{"name":"wp","href":"https:\/\/api.w.org\/{rel}","templated":true}]}}