{"id":2567,"date":"2008-10-08T00:00:00","date_gmt":"2008-10-08T00:00:00","guid":{"rendered":"http:\/\/www2.memri.org\/espanol\/2008\/10\/08\/caricaturas-de-la-prensa-arabe-contra-el-terrorismo-en-argelia\/"},"modified":"2016-01-14T15:55:08","modified_gmt":"2016-01-14T15:55:08","slug":"caricaturas-de-la-prensa-arabe-contra-el-terrorismo-en-argelia","status":"publish","type":"post","link":"https:\/\/www2.memri.org\/espanol\/caricaturas-de-la-prensa-arabe-contra-el-terrorismo-en-argelia\/2567","title":{"rendered":"Caricaturas de la prensa \u00e1rabe contra el terrorismo en Argelia"},"content":{"rendered":"<div class=\"bodytext c1\">\n<p><em>Durante el mes de agosto del 2008, Argelia fue golpeada por varios ataques terroristas devastadores. El 19 de agosto, 43 personas fueron muertas cuando un atacante suicida deton\u00f3 un coche bomba fuera de una academia de polic\u00edas en Isser,<\/em> <em>60 Km<\/em><em>. al este de la capital de Argelia. Al d\u00eda siguiente, 12 civiles fueron muertos y decenas fueron heridos en dos atentados en Bouira,<\/em> <em>120 Km<\/em><em>. al sudeste de Argelia. Tambi\u00e9n, el 21 de agosto del 2008 el portal islamista Al-Ikhlas public\u00f3 un comunicado de Al-Qaeda en el Maghreb Isl\u00e1mico responsabiliz\u00e1ndose por varios ataques en Argelia (haga clic aqu\u00ed para ver el reporte completo en la p\u00e1gina del Proyecto de Supervisi\u00f3n de Portales Islamistas de MEMRI).<\/em><\/p>\n<p><em>Seguido a los ataques, numerosos centros de prensa \u00e1rabes publicaron caricaturas conden\u00e1ndolos. Lo siguiente son algunos ejemplos de estas caricaturas:<\/em><\/p>\n<p><strong>\u00abTerrorismo\u00bb<br \/><img loading=\"lazy\" decoding=\"async\" class=\"alignnone size-full wp-image-15554\" src=\"http:\/\/www2.memri.org\/espanol\/wp-content\/uploads\/2016\/01\/sp_2075_1.jpg\" width=\"298\" height=\"221\" srcset=\"https:\/\/www2.memri.org\/espanol\/wp-content\/uploads\/2016\/01\/sp_2075_1.jpg 298w, https:\/\/www2.memri.org\/espanol\/wp-content\/uploads\/2016\/01\/sp_2075_1-80x60.jpg 80w, https:\/\/www2.memri.org\/espanol\/wp-content\/uploads\/2016\/01\/sp_2075_1-265x198.jpg 265w\" sizes=\"auto, (max-width: 298px) 100vw, 298px\" \/><\/strong><br \/>En la bestia: \u00abTerrorismo\u00bb<br \/>Caricaturista: Abdullah Darqawi<br \/><em>Al-Dustour<\/em> (Jordania), 21 de agosto, 2008<\/p>\n<p><strong>\u00abEstado de la violencia\u00bb<br \/><img loading=\"lazy\" decoding=\"async\" class=\"alignnone size-full wp-image-15555\" src=\"http:\/\/www2.memri.org\/espanol\/wp-content\/uploads\/2016\/01\/sp_2075_2.jpg\" width=\"298\" height=\"221\" srcset=\"https:\/\/www2.memri.org\/espanol\/wp-content\/uploads\/2016\/01\/sp_2075_2.jpg 298w, https:\/\/www2.memri.org\/espanol\/wp-content\/uploads\/2016\/01\/sp_2075_2-80x60.jpg 80w, https:\/\/www2.memri.org\/espanol\/wp-content\/uploads\/2016\/01\/sp_2075_2-265x198.jpg 265w\" sizes=\"auto, (max-width: 298px) 100vw, 298px\" \/><\/strong><br \/>Caricaturista: Naser Jafery<br \/><em>Al-Arab Al-Yawm<\/em> (Jordania), 21 de agosto, 2008<\/p>\n<p><strong>\u00abArgelia: Retornan ataques en serie\u00bb<br \/><img loading=\"lazy\" decoding=\"async\" class=\"alignnone size-full wp-image-15556\" src=\"http:\/\/www2.memri.org\/espanol\/wp-content\/uploads\/2016\/01\/sp_2075_3.jpg\" width=\"319\" height=\"248\" srcset=\"https:\/\/www2.memri.org\/espanol\/wp-content\/uploads\/2016\/01\/sp_2075_3.jpg 319w, https:\/\/www2.memri.org\/espanol\/wp-content\/uploads\/2016\/01\/sp_2075_3-300x233.jpg 300w\" sizes=\"auto, (max-width: 319px) 100vw, 319px\" \/><\/strong><br \/>Caricaturista: Stavro<br \/><em>Al-Jarida<\/em> (Kuwait), 21 de agosto, 2008<\/p>\n<p><strong>El terrorismo penetra a trav\u00e9s de la bandera argelina<br \/><img loading=\"lazy\" decoding=\"async\" class=\"alignnone size-full wp-image-15557\" src=\"http:\/\/www2.memri.org\/espanol\/wp-content\/uploads\/2016\/01\/sp_2075_4.jpg\" width=\"342\" height=\"230\" srcset=\"https:\/\/www2.memri.org\/espanol\/wp-content\/uploads\/2016\/01\/sp_2075_4.jpg 342w, https:\/\/www2.memri.org\/espanol\/wp-content\/uploads\/2016\/01\/sp_2075_4-300x202.jpg 300w\" sizes=\"auto, (max-width: 342px) 100vw, 342px\" \/><\/strong><br \/>Caricaturista: Jihad &#8216;Awartany<br \/><em>Al-Watan<\/em> (Arabia Saudita), 21 de agosto, 2008<\/p>\n<p><strong>\u00abArgelia&hellip;\u00bb<br \/><img loading=\"lazy\" decoding=\"async\" class=\"alignnone size-full wp-image-15564\" src=\"http:\/\/www2.memri.org\/espanol\/wp-content\/uploads\/2016\/01\/sp_2075_5.jpg\" width=\"327\" height=\"235\" srcset=\"https:\/\/www2.memri.org\/espanol\/wp-content\/uploads\/2016\/01\/sp_2075_5.jpg 327w, https:\/\/www2.memri.org\/espanol\/wp-content\/uploads\/2016\/01\/sp_2075_5-300x216.jpg 300w\" sizes=\"auto, (max-width: 327px) 100vw, 327px\" \/><\/strong><br \/>Caricaturista: Yaser Ahmad<br \/><em>Siria News<\/em> (Siria), 21 de agosto, 2008<\/p>\n<p><strong>\u00c1ngel de la muerte en Argelia<br \/><img loading=\"lazy\" decoding=\"async\" class=\"alignnone size-full wp-image-15565\" src=\"http:\/\/www2.memri.org\/espanol\/wp-content\/uploads\/2016\/01\/sp_2075_6.jpg\" width=\"325\" height=\"225\" srcset=\"https:\/\/www2.memri.org\/espanol\/wp-content\/uploads\/2016\/01\/sp_2075_6.jpg 325w, https:\/\/www2.memri.org\/espanol\/wp-content\/uploads\/2016\/01\/sp_2075_6-300x208.jpg 300w, https:\/\/www2.memri.org\/espanol\/wp-content\/uploads\/2016\/01\/sp_2075_6-100x70.jpg 100w, https:\/\/www2.memri.org\/espanol\/wp-content\/uploads\/2016\/01\/sp_2075_6-218x150.jpg 218w, https:\/\/www2.memri.org\/espanol\/wp-content\/uploads\/2016\/01\/sp_2075_6-324x225.jpg 324w\" sizes=\"auto, (max-width: 325px) 100vw, 325px\" \/><\/strong><br \/>\u00c1ngel de la muerte, denominado \u00abterrorismo\u00bb, se balancea desde \u00abArgelia\u00bb<br \/>Caricaturista: Eley Saleba<br \/><em>Al-Watan<\/em> (Qatar), 21 de agosto, 2008<\/p>\n<p><strong>\u00abAtentado sangriento en Boumerdes\u00bb<br \/><img loading=\"lazy\" decoding=\"async\" class=\"alignnone size-full wp-image-15566\" src=\"http:\/\/www2.memri.org\/espanol\/wp-content\/uploads\/2016\/01\/sp_2075_7.jpg\" width=\"337\" height=\"255\" srcset=\"https:\/\/www2.memri.org\/espanol\/wp-content\/uploads\/2016\/01\/sp_2075_7.jpg 337w, https:\/\/www2.memri.org\/espanol\/wp-content\/uploads\/2016\/01\/sp_2075_7-300x227.jpg 300w, https:\/\/www2.memri.org\/espanol\/wp-content\/uploads\/2016\/01\/sp_2075_7-80x60.jpg 80w\" sizes=\"auto, (max-width: 337px) 100vw, 337px\" \/><\/strong><br \/>En la m\u00e1scara del terrorista: \u00abAl-Qaeda\u00bb<br \/>En el cartel: \u00abIsser\u00bb (la ciudad d\u00f3nde tuvo lugar el atentado)<br \/><em>El-Shorouq<\/em> (Argelia), 20 de agosto, 2008<\/p>\n<p><strong>\u00abOtra masacre en Argelia\u00bb<br \/><img loading=\"lazy\" decoding=\"async\" class=\"alignnone size-full wp-image-15567\" src=\"http:\/\/www2.memri.org\/espanol\/wp-content\/uploads\/2016\/01\/sp_2075_8.jpg\" width=\"302\" height=\"285\" srcset=\"https:\/\/www2.memri.org\/espanol\/wp-content\/uploads\/2016\/01\/sp_2075_8.jpg 302w, https:\/\/www2.memri.org\/espanol\/wp-content\/uploads\/2016\/01\/sp_2075_8-300x283.jpg 300w\" sizes=\"auto, (max-width: 302px) 100vw, 302px\" \/><\/strong><br \/>Caricaturista: Ali Dilem<br \/><em>Libert\u00e9<\/em> (Argelia), 20 de agosto, 2008<\/p>\n<\/div>\n","protected":false},"excerpt":{"rendered":"<p>Durante el mes de agosto del 2008, Argelia fue golpeada por varios ataques terroristas devastadores. El 19 de agosto, 43 personas fueron muertas cuando un atacante suicida deton\u00f3 un coche bomba fuera de una academia de polic\u00edas en Isser, 60 Km. al este de la capital de Argelia. Al d\u00eda siguiente, 12 civiles fueron muertos [&hellip;]<\/p>\n","protected":false},"author":1,"featured_media":15554,"comment_status":"open","ping_status":"open","sticky":false,"template":"","format":"standard","meta":{"footnotes":""},"categories":[6],"tags":[],"class_list":["post-2567","post","type-post","status-publish","format-standard","has-post-thumbnail","hentry","category-comunicados-especiales"],"_links":{"self":[{"href":"https:\/\/www2.memri.org\/espanol\/wp-json\/wp\/v2\/posts\/2567","targetHints":{"allow":["GET"]}}],"collection":[{"href":"https:\/\/www2.memri.org\/espanol\/wp-json\/wp\/v2\/posts"}],"about":[{"href":"https:\/\/www2.memri.org\/espanol\/wp-json\/wp\/v2\/types\/post"}],"author":[{"embeddable":true,"href":"https:\/\/www2.memri.org\/espanol\/wp-json\/wp\/v2\/users\/1"}],"replies":[{"embeddable":true,"href":"https:\/\/www2.memri.org\/espanol\/wp-json\/wp\/v2\/comments?post=2567"}],"version-history":[{"count":0,"href":"https:\/\/www2.memri.org\/espanol\/wp-json\/wp\/v2\/posts\/2567\/revisions"}],"wp:featuredmedia":[{"embeddable":true,"href":"https:\/\/www2.memri.org\/espanol\/wp-json\/wp\/v2\/media\/15554"}],"wp:attachment":[{"href":"https:\/\/www2.memri.org\/espanol\/wp-json\/wp\/v2\/media?parent=2567"}],"wp:term":[{"taxonomy":"category","embeddable":true,"href":"https:\/\/www2.memri.org\/espanol\/wp-json\/wp\/v2\/categories?post=2567"},{"taxonomy":"post_tag","embeddable":true,"href":"https:\/\/www2.memri.org\/espanol\/wp-json\/wp\/v2\/tags?post=2567"}],"curies":[{"name":"wp","href":"https:\/\/api.w.org\/{rel}","templated":true}]}}