{"id":2565,"date":"2008-10-08T00:00:00","date_gmt":"2008-10-08T00:00:00","guid":{"rendered":"http:\/\/www2.memri.org\/espanol\/2008\/10\/08\/resena-de-los-portales-de-memri-octubre-08-2008\/"},"modified":"2008-10-08T00:00:00","modified_gmt":"2008-10-08T00:00:00","slug":"resena-de-los-portales-de-memri-octubre-08-2008","status":"publish","type":"post","link":"https:\/\/www2.memri.org\/espanol\/resena-de-los-portales-de-memri-octubre-08-2008\/2565","title":{"rendered":"Rese\u00f1a de los Portales de MEMRI, Octubre 08, 2008"},"content":{"rendered":"<div class=\"bodytext c2\"><!--Document Body --><\/p>\n<div class=\"bodytext c2\"><!--Document Body --><\/p>\n<div class=\"bodytext c2\">\n<p><strong><u>MEMRI.ORG<\/u><\/strong><\/p>\n<p><u>Despacho Especial # 2075<\/u><\/p>\n<p><strong>Caricaturas de la prensa \u00e1rabe contra el terrorismo en Argelia<br \/><\/strong> [<u>Fuente<\/u>: <em>Al-Dustour<\/em> (Jordania), agosto 21, 2008 <em>Al-Arab Al-Yawm<\/em> (Jordania), agosto 21, 2008 <em>Al-Jarida<\/em> (Kuwait), agosto 21]<\/p>\n<p>Durante el mes de agosto del 2008, Argelia fue golpeada por varios ataques terroristas devastadores. El 19 de agosto, 43 personas fueron muertas cuando un atacante suicida deton\u00f3 un coche bomba fuera de una academia de polic\u00edas en Isser, 60 Km. al este de la capital de Argelia. Al d\u00eda siguiente, 12 civiles fueron muertos y decenas fueron heridos en dos atentados en Bouira, 120 Km. al sudeste de Argelia. Tambi\u00e9n, el 21 de agosto del 2008 el portal islamista Al-Ikhlas public\u00f3 un comunicado de Al-Qaeda en el Maghreb Isl\u00e1mico responsabiliz\u00e1ndose por varios ataques en Argelia (haga clic aqu\u00ed para ver el reporte completo en la p\u00e1gina del Proyecto de Supervisi\u00f3n de Portales Islamistas de MEMRI): <a href=\"http:\/\/www.memrijttm.org\/content\/en\/blog_personal.htm?id=409\"><br \/>http:\/\/www.memrijttm.org\/content\/en\/blog_personal.htm?id=409<\/a><\/p>\n<p>Seguido a los ataques, numerosos centros de prensa \u00e1rabes publicaron caricaturas conden\u00e1ndolos.<\/p>\n<p><em>El art\u00edculo completo junto a las caricaturas puede verse en el siguiente enlace<\/em>:<br \/><a href=\"http:\/\/www2.memri.org\/bin\/espanol\/ultimasnoticias.cgi?ID=SD207508\">http:\/\/www2.memri.org\/bin\/espanol\/ultimasnoticias.cgi?ID=SD207508<\/a><\/p>\n<p class=\"c1\">* * * * * * * *<\/p>\n<p><u>Investigaci\u00f3n y An\u00e1lisis # 468<\/u><\/p>\n<p><strong>Huelgas en mercados se extienden a lo largo de Ir\u00e1n<br \/><\/strong> [<u>Fuente<\/u>: Yari, Etemad, Kargozaran, Ir\u00e1n, 8 de octubre, 2008; ILNA, Sarmayeh, Ir\u00e1n, 7 de octubre, 2008]<\/p>\n<p>Las huelgas son producto a la introducci\u00f3n del Impuesto al Valor Agregado (IVA)<\/p>\n<p>La agencia de noticias iran\u00ed ILNA informa que seguido a la introducci\u00f3n por el gobierno iran\u00ed del impuesto al valor agregado (IVA) en el pa\u00eds, los mercados de oro en las ciudades de Isfahan, Mashhad, Tabriz, y Shiraz lanzaron una huelga hoy, y otros due\u00f1os de comercios se han unido a esta.<\/p>\n<p><em>El art\u00edculo completo puede verse en el siguiente enlace<\/em>:<br \/><a href=\"http:\/\/www2.memri.org\/bin\/espanol\/ultimasnoticias.cgi?ID=IA46808\">http:\/\/www2.memri.org\/bin\/espanol\/ultimasnoticias.cgi?ID=IA46808<\/a><\/p>\n<p class=\"c1\">* * * * * * * *<\/p>\n<p class=\"c1\">\n<p>Para entrar al portal MEMRI: <a href=\"http:\/\/www2.memri.org\">http:\/\/www2.memri.org<\/a><\/p>\n<p>_________________________________________________________<\/p>\n<p><u><strong>MEMRI TV<\/strong><\/u><\/p>\n<p class=\"c1\"><strong>* * * * * * * *<\/strong><\/p>\n<p>Para entrar al portal MEMRI TV: <u><a href=\"http:\/\/www.memritv.org\/\">http:\/\/www.memritv.org<\/a><\/u><\/p>\n<p><strong>_________________________________________________________<\/strong><\/p>\n<p><u><strong>BLOG MEMRI<\/strong><\/u><\/p>\n<p><strong>Francia apoya esfuerzo de iniciativa en mediaci\u00f3n Afganist\u00e1n-taliban<\/strong><br \/>[<u>Fuente<\/u>: <em>Al-Sharq Al-Awsat<\/em>, Londres, 8 de octubre, 2008]<\/p>\n<p>El Ministro del Exterior franc\u00e9s Bernard Kouchner ha anunciado que Francia apoya la iniciativa para la mediaci\u00f3n entre Afganist\u00e1n y el taliban, y que ha propuesto inclusive celebrar una conferencia en Par\u00eds con la participaci\u00f3n de pa\u00edses vecinos &#8211; incluyendo a Ir\u00e1n y Pakist\u00e1n &#8211; para ayudar a avanzar el proceso de paz en Afganist\u00e1n.<\/p>\n<p><em>Para ver el art\u00edculo:<\/em> <a href=\"http:\/\/www.thememriblog.org\/blog_personal\/en\/10376.htm\">http:\/\/www.thememriblog.org\/blog_personal\/en\/10376.htm<\/a><\/p>\n<p class=\"c1\">\n<p class=\"c1\">* * * * * * * *<\/p>\n<p><strong>Fuentes sirias: Estados Unidos act\u00faa para mejorar sus relaciones con Siria<\/strong><br \/>[<u>Fuente<\/u>: <em>Al-Watan<\/em>, Siria, 8 de octubre, 2008]<\/p>\n<p>Fuentes sirias conocedoras que participaron el mes pasado en la Asamblea General de las Naciones Unidas en Nueva York han evaluado que el Departamento de Estado norteamericano est\u00e1 interesado en adherirse a la l\u00ednea de Europa en relaci\u00f3n a Siria, despu\u00e9s de comprender que la pol\u00edtica de aislarla ha fracasado.<\/p>\n<p><em>Para ver el art\u00edculo:<\/em> <a href=\"http:\/\/www.thememriblog.org\/blog_personal\/en\/10375.htm\">http:\/\/www.thememriblog.org\/blog_personal\/en\/10375.htm<\/a><\/p>\n<p class=\"c1\"><strong>* * * * * * * *<\/strong><\/p>\n<p><strong>Sarkozy, y el Emir de Qatar patrocinan discusi\u00f3n sobre el estudio del \u00e1rabe en Francia<\/strong><br \/>[<u>Fuente<\/u>: <em>Al-Raya,<\/em> Qatar, el 7 de octubre de 2008]<\/p>\n<p>Hoy ser\u00e1 celebrada una discusi\u00f3n, en el vest\u00edbulo de la Asamblea Nacional de Francia, sobre el estudio del idioma \u00e1rabe y cultura en Francia.<\/p>\n<p>La discusi\u00f3n se patrocinar\u00e1 por el Presidente franc\u00e9s Nicol\u00e1s Sarkozy y el Emir de Qatar Hamad bin Khalifa Al-Thani.<\/p>\n<p><em>Para ver el art\u00edculo:<\/em> <a href=\"http:\/\/www.thememriblog.org\/blog_personal\/en\/10372.htm\">http:\/\/www.thememriblog.org\/blog_personal\/en\/10372.htm<\/a><\/p>\n<p class=\"c1\"><strong>* * * * * * * *<\/strong><\/p>\n<p class=\"c1\">\n<p><strong>Turqu\u00eda dice que se desquitar\u00e1n s\u00f3lo contra el PKK<\/strong><br \/>[<u>Fuente<\/u>: <em>Al-Sharq Al-Awsat,<\/em> Londres, 8 de octubre, 2008]<\/p>\n<p>El Primer Ministro turco Recep Tayyip Erdogan habl\u00f3 sobre una posible acci\u00f3n militar contra combatientes kurdos en territorio Iraqu\u00ed quienes mataron a 17 soldados turcos el 1 de octubre de que cualquier tal acci\u00f3n tendr\u00eda como objetivo solamente a los terroristas kurdos del PKK, y no a los residentes de la regi\u00f3n de Kurdist\u00e1n o al gobierno curdo aut\u00f3nomo iraqu\u00ed all\u00ed.<\/p>\n<p><em>Para ver el art\u00edculo:<\/em> <a href=\"http:\/\/www.thememriblog.org\/blog_personal\/en\/10371.htm\">http:\/\/www.thememriblog.org\/blog_personal\/en\/10371.htm<\/a><\/p>\n<p class=\"c1\"><strong>* * * * * * * *<\/strong><\/p>\n<p class=\"c1\">\n<p><strong>Egipto abrir\u00e1 pronto embajada en Irak<\/strong><br \/>[<u>Fuente<\/u>: <em>Al-Quds Al-Arabi,<\/em> Londres, 8 de octubre, 2008]<\/p>\n<p>El Delegado Ministro del Exterior iraqu\u00ed Labid Abawi ha anunciado que uno de los resultados de la reciente visita a Bagdad del Ministro del Exterior egipcio Ahmad Abu Al-Gheit es un acuerdo sobre el aumentar la representaci\u00f3n diplom\u00e1tica entre los pa\u00edses a nivel diplom\u00e1tico. Tambi\u00e9n dijo que la Embajada egipcia en Irak abrir\u00eda en cuanto un lugar apropiado fuese encontrado.<\/p>\n<p>(V\u00e9ase tambi\u00e9n <a href=\"http:\/\/www.thememriblog.org\/blog_personal\/en\/10313.htm\">http:\/\/www.thememriblog.org\/blog_personal\/en\/10313.htm<\/a> ).<\/p>\n<p><em>Para ver el art\u00edculo:<\/em> <a href=\"http:\/\/www.thememriblog.org\/blog_personal\/en\/10370.htm\">http:\/\/www.thememriblog.org\/blog_personal\/en\/10370.htm<\/a><\/p>\n<p class=\"c1\"><strong>* * * * * * * *<\/strong><\/p>\n<p class=\"c1\">\n<p>Para mayor informaci\u00f3n: <a href=\"http:\/\/www.thememriblog.org\">http:\/\/www.thememriblog.org<\/a><\/p>\n<p><strong>_________________________________________________________<\/strong><\/p>\n<p><strong><u>PROYECTO SUPERVISI\u00d3N PORTALES ISLAMISTAS DE MEMRI<\/u><\/strong><\/p>\n<p class=\"c1\">* * * * * * * *<\/p>\n<p class=\"c1\">\n<p>Para mayor informaci\u00f3n: <u><a href=\"http:\/\/www.memrijttm.org\">http:\/\/www.memrijttm.org<\/a><\/u><\/p>\n<p><strong>_________________________________________________________<\/strong><\/p>\n<p><strong><u>BLOG MEDI\u00c1TICO IR\u00c1N DE MEMRI<\/u><\/strong><\/p>\n<p><strong>M\u00e1s de las fuentes noticiosas iran\u00edes sobre el avi\u00f3n obligado a aterrizar en Ir\u00e1n<\/strong><br \/>[<u>Fuente<\/u>: <em>Kayhan,<\/em> Ir\u00e1n, 8 de octubre, 2008; Al-&#8216;Alam, Fars, Ir\u00e1n, 7 de octubre, 2008]<\/p>\n<p>En m\u00e1s noticias sobre el incidente del avi\u00f3n extranjero forzado a aterrizar en un aeropuerto en Ir\u00e1n por aviones iran\u00edes, el diario <em>Kayhan<\/em>, que hab\u00eda declarado que el avi\u00f3n y sus pasajeros eran norteamericanos, se pregunt\u00f3 por qu\u00e9 se le hab\u00eda permitido a los generales norteamericanos a bordo del avi\u00f3n salir de Ir\u00e1n tan f\u00e1cilmente, cuando civiles iran\u00edes capturados en Erbil, Ir\u00e1n hace varios meses (v\u00e9ase <a href=\"http:\/\/www.thememriblog.org\/blog_personal\/en\/1862.htm\"><br \/>http:\/\/www.thememriblog.org\/blog_personal\/en\/1862.htm<\/a> ) todav\u00eda estaban siendo retenidos por los norteamericanos.<\/p>\n<p>La red de televisi\u00f3n iran\u00ed Al-&#8216;Alam inform\u00f3 que seg\u00fan fuentes conocedoras, los ocho pasajeros del avi\u00f3n eran h\u00fangaros.<\/p>\n<p><em>Para ver el art\u00edculo en su totalidad:<\/em> <a href=\"http:\/\/www.thememriblog.org\/iran\/blog_personal\/en\/10379.htm\">http:\/\/www.thememriblog.org\/iran\/blog_personal\/en\/10379.htm<\/a><\/p>\n<p class=\"c1\">* * * * * * * *<\/p>\n<p>Para mayor informaci\u00f3n sobre Ir\u00e1n: <a href=\"http:\/\/www.thememriblog.org\/iran\">http:\/\/www.thememriblog.org\/iran<\/a><\/p>\n<p><strong>_________________________________________________________<\/strong><\/p>\n<p><strong><u>BLOG MEDI\u00c1TICO URDU-PASHTO DE MEMRI<\/u><\/strong><\/p>\n<p><strong>Taliban hace explotar institutos para muchachas en el distrito Swat<\/strong><br \/>[<u>Fuente<\/u>: <em>Daily Times<\/em>, Pakist\u00e1n, 8 de octubre, 2008]<\/p>\n<p>Seg\u00fan un informe en el diario paquistan\u00ed <em>Daily Times<\/em>, el taliban ha hecho explotar dos institutos educativos para muchachas en el distrito Swat de la Provincia de la Frontera Norte Oeste de Pakist\u00e1n.<\/p>\n<p>Seg\u00fan el informe, \u00abantes de volar el Instituto P\u00fablico Excelsior y el Instituto P\u00fablico Sangota para Muchachas [en el distrito Swat], el taliban secuestr\u00f3 a dos polic\u00edas y a dos guardias de seguridad desplegados all\u00ed para prop\u00f3sitos de seguridad\u00bb.<\/p>\n<p><em>Para ver el art\u00edculo:<\/em> <a href=\"http:\/\/www.thememriblog.org\/urdupashtu\/blog_personal\/en\/10363.htm\">http:\/\/www.thememriblog.org\/urdupashtu\/blog_personal\/en\/10363.htm<\/a><\/p>\n<p class=\"c1\">* * * * * * * *<\/p>\n<p class=\"c1\">\n<p>Para mayor informaci\u00f3n sobre Pakist\u00e1n y Afganist\u00e1n: <u><a href=\"http:\/\/www.thememriblog.org\/urdupashtu\">http:\/\/www.thememriblog.org\/urdupashtu<\/a><\/u><\/p>\n<p><strong>_________________________________________________________<\/strong><\/p>\n<p><strong><u>BLOG MEDI\u00c1TICO TURQU\u00cdA DE MEMRI<\/u><\/strong><\/p>\n<p><strong>Esc\u00e1ndalo de beneficencia unida a Turqu\u00eda ante el parlamento alem\u00e1n<\/strong><br \/>[<u>Fuente<\/u>: <em>Hurriyet<\/em> (Turqu\u00eda), 8 de octubre, 2008]<\/p>\n<p>\u00abLa moci\u00f3n, que cuestiona los enlaces de beneficencia con Turqu\u00eda, fue preparado por el MP de origen turco del Partido Izquierdista Sevim Dagdelen, dijo <em>Hurriyet<\/em>.<\/p>\n<p>\u00abUna corte en Francfort ha encarcelado a tres gerentes de la rama alemana de beneficencia Deniz Feneri, Deniz Feneri e.V., por dirigir 14.5 millones de euros ($20.6 millones) de fondos donados recolectados de la comunidad turca en Alemania hacia varias compa\u00f1\u00edas privadas.<\/p>\n<p><em>Para ver el art\u00edculo:<\/em> <a href=\"http:\/\/www.thememriblog.org\/turkey\/blog_personal\/en\/10384.htm\">http:\/\/www.thememriblog.org\/turkey\/blog_personal\/en\/10384.htm<\/a><\/p>\n<p>Art\u00edculo en relaci\u00f3n: Apoyo al PAK en Turqu\u00eda en Picada Luego de Denuncias de Fraude de Beneficencias <a href=\"http:\/\/www.thememriblog.org\/turkey\/blog_personal\/en\/9966.htm\"><br \/>http:\/\/www.thememriblog.org\/turkey\/blog_personal\/en\/9966.htm<\/a><\/p>\n<p class=\"c1\">* * * * * * * *<\/p>\n<p>Para mayor informaci\u00f3n sobre Turqu\u00eda: <a href=\"http:\/\/www.thememriblog.org\/turkey\">http:\/\/www.thememriblog.org\/turkey<\/a><\/p>\n<p><strong>_________________________________________________________<\/strong><\/p>\n<p><strong><u>BLOG ECON\u00d3MICO DE MEMRI<\/u><\/strong><\/p>\n<p><strong>Un mill\u00f3n de sirios enfrentan desnutrici\u00f3n<\/strong><br \/>[<u>Fuente<\/u>: BBC (\u00c1rabe), 2 de octubre, 2008]<\/p>\n<p>Siria est\u00e1 enfrentando la peor sequedad en 4 d\u00e9cadas. Seg\u00fan el gobierno sirio 1 mill\u00f3n de sirios, particularmente ovejeros, es probable que pierdan su sustento. La sequedad tambi\u00e9n ha cortado la producci\u00f3n de trigo, [convirtiendo Siria en un importador de trigo despu\u00e9s de a\u00f1os siendo exportador de trigo].<\/p>\n<p>Como resultado de esta situaci\u00f3n, muchos sirios han cortado su consumo de alimento, vendieron sus efectos personales para comprar comida o han decidido emigrar.<\/p>\n<p><em>Para ver el art\u00edculo:<\/em> <a href=\"http:\/\/memrieconomicblog.org\/bin\/content.cgi?news=2970\">http:\/\/memrieconomicblog.org\/bin\/content.cgi?news=2970<\/a><\/p>\n<p class=\"c1\">* * * * * * * *<\/p>\n<p class=\"c1\">\n<p>Para m\u00e1s informaci\u00f3n sobre econ\u00f3mia: <a href=\"http:\/\/memrieconomicblog.org\">http:\/\/memrieconomicblog.org<\/a><\/p>\n<p><strong>_________________________________________________________<\/strong><\/p>\n<p><strong><u>BLOG CULTURA \u00c1RABE DE MEMRI<\/u><\/strong><\/p>\n<p><strong>Burj Dubai comercial de televisi\u00f3n<\/strong><\/p>\n<p>Burj Dubai es un rascacielos en construcci\u00f3n en el distrito de la Bah\u00eda Comercial de Dubai, Emiratos \u00c1rabes Unidos, y es la estructura m\u00e1s alta construida por el hombre, a pesar de no estar completada. La construcci\u00f3n comenz\u00f3 el 21 de septiembre, 2004 y se espera que est\u00e9 completado y listo para su ocupaci\u00f3n en septiembre del 2009.<\/p>\n<p>Portal oficial: <a href=\"http:\/\/www.burjdubai.com\">http:\/\/www.burjdubai.com<\/a>.<\/p>\n<p><em>Para ver el art\u00edculo y el video en YouTube:<br \/><\/em> <a href=\"http:\/\/www.thememriblog.org\/arabculture\/blog_personal\/en\/10388.htm\">http:\/\/www.thememriblog.org\/arabculture\/blog_personal\/en\/10388.htm<\/a><\/p>\n<p class=\"c1\">* * * * * * * *<\/p>\n<p>Para mayor informaci\u00f3n sobre cultura \u00e1rabe: <a href=\"http:\/\/thememriblog.org\/arabculture\">http:\/\/thememriblog.org\/arabculture<\/a><\/p>\n<\/div>\n<\/div>\n<\/div>\n","protected":false},"excerpt":{"rendered":"<p>MEMRI.ORG Despacho Especial # 2075 Caricaturas de la prensa \u00e1rabe contra el terrorismo en Argelia [Fuente: Al-Dustour (Jordania), agosto 21, 2008 Al-Arab Al-Yawm (Jordania), agosto 21, 2008 Al-Jarida (Kuwait), agosto 21] Durante el mes de agosto del 2008, Argelia fue golpeada por varios ataques terroristas devastadores. El 19 de agosto, 43 personas fueron muertas cuando [&hellip;]<\/p>\n","protected":false},"author":1,"featured_media":0,"comment_status":"open","ping_status":"open","sticky":false,"template":"","format":"standard","meta":{"footnotes":""},"categories":[32],"tags":[],"class_list":["post-2565","post","type-post","status-publish","format-standard","hentry","category-reportes-diarios"],"_links":{"self":[{"href":"https:\/\/www2.memri.org\/espanol\/wp-json\/wp\/v2\/posts\/2565","targetHints":{"allow":["GET"]}}],"collection":[{"href":"https:\/\/www2.memri.org\/espanol\/wp-json\/wp\/v2\/posts"}],"about":[{"href":"https:\/\/www2.memri.org\/espanol\/wp-json\/wp\/v2\/types\/post"}],"author":[{"embeddable":true,"href":"https:\/\/www2.memri.org\/espanol\/wp-json\/wp\/v2\/users\/1"}],"replies":[{"embeddable":true,"href":"https:\/\/www2.memri.org\/espanol\/wp-json\/wp\/v2\/comments?post=2565"}],"version-history":[{"count":0,"href":"https:\/\/www2.memri.org\/espanol\/wp-json\/wp\/v2\/posts\/2565\/revisions"}],"wp:attachment":[{"href":"https:\/\/www2.memri.org\/espanol\/wp-json\/wp\/v2\/media?parent=2565"}],"wp:term":[{"taxonomy":"category","embeddable":true,"href":"https:\/\/www2.memri.org\/espanol\/wp-json\/wp\/v2\/categories?post=2565"},{"taxonomy":"post_tag","embeddable":true,"href":"https:\/\/www2.memri.org\/espanol\/wp-json\/wp\/v2\/tags?post=2565"}],"curies":[{"name":"wp","href":"https:\/\/api.w.org\/{rel}","templated":true}]}}