{"id":2562,"date":"2008-10-10T00:00:00","date_gmt":"2008-10-10T00:00:00","guid":{"rendered":"http:\/\/www2.memri.org\/espanol\/2008\/10\/10\/resena-de-los-portales-de-memri-octubre-10-2008\/"},"modified":"2008-10-10T00:00:00","modified_gmt":"2008-10-10T00:00:00","slug":"resena-de-los-portales-de-memri-octubre-10-2008","status":"publish","type":"post","link":"https:\/\/www2.memri.org\/espanol\/resena-de-los-portales-de-memri-octubre-10-2008\/2562","title":{"rendered":"Rese\u00f1a de los Portales de MEMRI, Octubre 10, 2008"},"content":{"rendered":"<div class=\"bodytext c3\"><!--Document Body --><\/p>\n<div class=\"bodytext c3\">\n<p><strong><u>MEMRI.ORG<\/u><\/strong><\/p>\n<p><u>Despacho Especial # 2076<\/u><\/p>\n<p><strong>Ministro del Exterior espa\u00f1ol Moratinos durante visita a Siria y L\u00edbano: &#8216;El [orden] unipolar del mundo ha llegado a su fin&#8217;; &#8216;Siria deber\u00eda incluirse en el esquema de trabajo de<\/strong> <strong>la U. E.<\/strong><strong>&#8216;; &#8216;veo a [Siria] como mi hogar&#8217;<br \/><\/strong> [<u>Fuente<\/u>: <em>Al-Thawra<\/em> (Siria), <em>Al-Akhbar<\/em> (L\u00edbano) <em>Al-Ba&#8217;th<\/em> (Siria) <em>Al-Watan<\/em> (Siria) <em>Al-Nahar<\/em> (L\u00edbano) 18 de septiembre, 2008]<\/p>\n<p>Durante su visita del 16-17 de septiembre, 2008 al L\u00edbano y Siria, el Ministro del Exterior espa\u00f1ol Miguel Moratinos alab\u00f3 \u00abel papel positivo y \u00fatil que Siria ha jugado en el L\u00edbano\u00bb y ha llamado a la U. E. a fortalecer sus lazos con Siria. \u00c9l agreg\u00f3 que Europa deseaba jugar un papel en el Medio Oriente, junto a los Estados Unidos y otros pa\u00edses, como parte de un nuevo orden multipolar del mundo que tomar\u00e1 forma durante los pr\u00f3ximos a\u00f1os. Llam\u00f3 el tema de las armas del Hizbullah un asunto interno liban\u00e9s, y acus\u00f3 a Israel de violar la Resoluci\u00f3n 1701 de las Naciones Unidas.<\/p>\n<p><em>El art\u00edculo completo puede verse en el siguiente enlace<\/em>: <a href=\"http:\/\/www2.memri.org\/bin\/espanol\/ultimasnoticias.cgi?ID=SD207608\">http:\/\/www2.memri.org\/bin\/espanol\/ultimasnoticias.cgi?ID=SD207608<\/a><\/p>\n<p class=\"c1\">* * * * * * * *<\/p>\n<p><u>Despacho Especial # 2077<\/u><\/p>\n<p><strong>Editor de diario del gobierno sirio: \u00bfCu\u00e1l es la diferencia entre los neo-conservadores\/Bush y los nazis?<br \/><\/strong> [<u>Fuente<\/u>: <em>Teshreen<\/em> 30 de julio, 2008]<\/p>\n<p>En un editorial el 30 de julio, 2008 publicado en el diario del gobierno sirio <em>Teshreen<\/em>, el editor &#8216;Issam Dari compara al Presidente norteamericano George W. Bush a Adolph Hitler, y a los neo-conservadores con los nazis. Tambi\u00e9n denuncia que no existe ninguna diferencia entre el \u00abplan global norteamericano\u00bb bajo Bush y el \u00abplan nazi\u00bb durante el mandato de Hitler.<\/p>\n<p><em>El art\u00edculo completo puede verse en el siguiente enlace<\/em>: <a href=\"http:\/\/www2.memri.org\/bin\/espanol\/ultimasnoticias.cgi?ID=SD207708\">http:\/\/www2.memri.org\/bin\/espanol\/ultimasnoticias.cgi?ID=SD207708<\/a><\/p>\n<p class=\"c1\">* * * * * * * *<\/p>\n<p class=\"c1\">\n<p><u>Despacho Especial # 2078<\/u><\/p>\n<p><strong>Portal islamista anuncia campa\u00f1a para publicar material jihadista en foros populares norteamericanos<br \/><\/strong> [<u>Fuente<\/u>: <em>Teshreen<\/em> 30 de julio, 2008]<\/p>\n<p>El 7 de octubre del 2008, el portal islamista Shumukh Al-Islam lanz\u00f3 una campa\u00f1a para publicar videos jihadistas y audio en populares foros norteamericanos para \u00abesparcir miedo entre los cristianos&#8230; y hacer que el pueblo norteamericano tome consciencia de la verdadera naturaleza de la actual lucha entre nosotros y ellos\u00bb.<\/p>\n<p>Para ver el informe completo, visite <a href=\"http:\/\/www.memrijttm.org\/content\/en\/report.htm?report=2869\">http:\/\/www.memrijttm.org\/content\/en\/report.htm?report=2869<\/a>.<\/p>\n<p><em>El art\u00edculo completo puede verse en el siguiente enlace<\/em>: <a href=\"http:\/\/www2.memri.org\/bin\/espanol\/ultimasnoticias.cgi?ID=SD207808\">http:\/\/www2.memri.org\/bin\/espanol\/ultimasnoticias.cgi?ID=SD207808<\/a><\/p>\n<p class=\"c1\">* * * * * * * *<\/p>\n<p>Para entrar al portal MEMRI: <a href=\"http:\/\/www2.memri.org\">http:\/\/www2.memri.org<\/a><\/p>\n<p>_________________________________________________________<\/p>\n<p><u><strong>MEMRI TV<\/strong><\/u><\/p>\n<p class=\"c1\"><strong>* * * * * * * *<\/strong><\/p>\n<p>Para entrar al portal MEMRI TV: <u><a href=\"http:\/\/www.memritv.org\/\">http:\/\/www.memritv.org<\/a><\/u><\/p>\n<p><strong>_________________________________________________________<\/strong><\/p>\n<p><u><strong>BLOG MEMRI<\/strong><\/u><\/p>\n<p><strong>Diario sirio: Estados Unidos entiende que Siria es un pa\u00eds seguro<\/strong><br \/>[<u>Fuente<\/u>: <em>Al-Thawra<\/em>, Siria, 10 de octubre, 2008]<\/p>\n<p>Seguido a las declaraciones del Portavoz Delegado del Departamento del Estado Norteamericano y Delegado Asistente para Asuntos P\u00fablicos Robert Wood dijo ayer que los Estados Unidos se alegraba de que dos periodistas norteamericanos perdidos fueron encontrados a salvo en Siria, el diario del gobierno sirio <em>Al-Thawra<\/em> dijo que estas declaraciones muestran que los Estados Unidos ven a Siria como un lugar seguro, y que entiende bien de que existe seguridad en todas partes en Siria.<\/p>\n<p><em>Para ver el art\u00edculo:<\/em> <a href=\"http:\/\/www.thememriblog.org\/blog_personal\/en\/10432.htm\">http:\/\/www.thememriblog.org\/blog_personal\/en\/10432.htm<\/a><\/p>\n<p class=\"c1\">\n<p class=\"c1\">* * * * * * * *<\/p>\n<p><strong>Mufti egipcio: Fatwa sobre el dar muerte a Mickey Mouse perjudic\u00f3 al Islam<\/strong><br \/>[<u>Fuente<\/u>: <em>Al-Ahram<\/em>, Egipto, 10 de octubre, 2008]<\/p>\n<p>Siguiendo al tema del fatwa que ordena dar muerte a Mickey Mouse por el jeque saudita Muhammad Al-Munajid (v\u00e9ase http:\/\/www.thememriblog.org\/blog_personal\/en\/10172.htm), el Mufti egipcio Dr. Ali Gum&#8217;a llam\u00f3 a un alto al fen\u00f3meno de fatwas bizarros que da\u00f1an al Islam y a los musulmanes, y por el establecimiento de un cuerpo de supervisi\u00f3n para fatwas.<\/p>\n<p><em>Para ver el art\u00edculo:<\/em> <a href=\"http:\/\/www.thememriblog.org\/blog_personal\/en\/10427.htm\">http:\/\/www.thememriblog.org\/blog_personal\/en\/10427.htm<\/a><\/p>\n<p class=\"c1\"><strong>* * * * * * * *<\/strong><\/p>\n<p><strong>Diario egipcio: Cooperaci\u00f3n egipcio-saudita distanciar\u00e1 a iran\u00edes de Irak<\/strong><br \/>[<u>Fuente<\/u>: <em>Al-Gumhouriyya<\/em>, Egipto, octubre, 2008]<\/p>\n<p>En respuesta al anuncio del Ministro del Exterior egipcio Ahmad Abu Al-Gheit a la reapertura de la embajada de Egipto en Irak, Muhammad Ali Ibrahim, editor del diario egipcio <em>Al-Gumhouriyya<\/em> y MP egipcio, escribi\u00f3 que el movimiento abri\u00f3 una nueva arena de rivalidad contra la influencia de Ir\u00e1n y la expansi\u00f3n del chi&#8217;a en los pa\u00edses sunni.<\/p>\n<p><em>Para ver el art\u00edculo:<\/em> <a href=\"http:\/\/www.thememriblog.org\/blog_personal\/en\/10426.htm\">http:\/\/www.thememriblog.org\/blog_personal\/en\/10426.htm<\/a><\/p>\n<p class=\"c1\"><strong>* * * * * * * *<\/strong><\/p>\n<p class=\"c1\">\n<p><strong>Libia corta relaciones econ\u00f3micas con Suiza<\/strong><br \/>[<u>Fuente<\/u>: <em>Al-Quds Al-Arabi<\/em>, Londres, 10 de octubre, 2008]<\/p>\n<p>Libia ha decidido retirar sus fondos, que totalizan unos $7 billones, de los bancos suizos, y tambi\u00e9n piensa dejar de exportar petr\u00f3leo al pa\u00eds y cortar todos los lazos econ\u00f3micos con este.<\/p>\n<p>La jugada sigue a lo que Libia llama \u00abel tratamiento impropio de la polic\u00eda de Ginebra a empresarios y diplom\u00e1ticos\u00bb.<\/p>\n<p><em>Para ver el art\u00edculo:<\/em> <a href=\"http:\/\/www.thememriblog.org\/blog_personal\/en\/10425.htm\">http:\/\/www.thememriblog.org\/blog_personal\/en\/10425.htm<\/a><\/p>\n<p class=\"c1\"><strong>* * * * * * * *<\/strong><\/p>\n<p class=\"c1\">\n<p><strong>Informe: Ej\u00e9rcitos libaneses y sirios sostendr\u00e1n reuniones coordinadas pronto<\/strong><br \/>[<u>Fuente<\/u>: <em>Al-Safir<\/em>, L\u00edbano, 10 de octubre, 2008]<\/p>\n<p>Fuentes antiguas libanesas le han dicho al diario liban\u00e9s <em>Al-Safir<\/em> que la pr\u00f3xima semana una comisi\u00f3n de alto nivel del ej\u00e9rcito sirio vendr\u00e1 al Ministerio de Defensa del L\u00edbano para dar la bienvenida al nuevo comandante de las fuerzas armadas libanesas Gen. Jean Kahwaji y consultar y coordinar entre las partes.<\/p>\n<p>Las fuentes no descartaron la posibilidad de que un antiguo oficial de seguridad liban\u00e9s visitara Siria en los pr\u00f3ximos d\u00edas, tambi\u00e9n por motivos de coordinaci\u00f3n y consultaci\u00f3n.<\/p>\n<p><em>Para ver el art\u00edculo:<\/em> <a href=\"http:\/\/www.thememriblog.org\/blog_personal\/en\/10423.htm\">http:\/\/www.thememriblog.org\/blog_personal\/en\/10423.htm<\/a><\/p>\n<p class=\"c1\"><strong>* * * * * * * *<\/strong><\/p>\n<p class=\"c1\">\n<p>Para mayor informaci\u00f3n: <a href=\"http:\/\/www.thememriblog.org\">http:\/\/www.thememriblog.org<\/a><\/p>\n<p><strong>_________________________________________________________<\/strong><\/p>\n<p><strong><u>PROYECTO SUPERVISI\u00d3N PORTALES ISLAMISTAS DE MEMRI<\/u><\/strong><\/p>\n<p class=\"c1\">* * * * * * * *<\/p>\n<p class=\"c1\">\n<p>Para mayor informaci\u00f3n: <u><a href=\"http:\/\/www.memrijttm.org\">http:\/\/www.memrijttm.org<\/a><\/u><\/p>\n<p><strong>_________________________________________________________<\/strong><\/p>\n<p><strong><u>BLOG MEDI\u00c1TICO IR\u00c1N DE MEMRI<\/u><\/strong><\/p>\n<p><strong>Serm\u00f3n del Viernes en Ir\u00e1n: Derechos a la energ\u00eda nuclear de Ir\u00e1n &#8216;complacen a Dios&#8217;<\/strong><\/p>\n<p>En su serm\u00f3n del Viernes, el l\u00edder interino de los rezos del Viernes en Teher\u00e1n Mohammad Emami Kashani dijo que Ir\u00e1n continuaba insistiendo en sus derechos absolutos a la energ\u00eda nuclear, llamando esto una demanda racional, legal, complaciente a Dios y globalmente aceptada\u00bb.<\/p>\n<p>\u00abLos enemigos no pueden alcanzar sus metas lanzando propaganda adversa contra el programa nuclear pac\u00edfico de Ir\u00e1n, y Teher\u00e1n insiste en sus derechos absolutos a la energ\u00eda nuclear, les dijo a los feligreses del Viernes.<\/p>\n<p>(Para ver la p\u00e1gina del Ayatol\u00e1 Kashani en MEMRI TV, haga clic aqu\u00ed):<br \/><a href=\"http:\/\/www.memritv.org\/subject\/en\/382.htm\">http:\/\/www.memritv.org\/subject\/en\/382.htm<\/a><\/p>\n<p><em>Para ver el art\u00edculo en su totalidad:<\/em> <a href=\"http:\/\/www.thememriblog.org\/iran\/blog_personal\/en\/10430.htm\">http:\/\/www.thememriblog.org\/iran\/blog_personal\/en\/10430.htm<\/a><\/p>\n<p class=\"c1\">* * * * * * * *<\/p>\n<p>Para mayor informaci\u00f3n sobre Ir\u00e1n: <a href=\"http:\/\/www.thememriblog.org\/iran\">http:\/\/www.thememriblog.org\/iran<\/a><\/p>\n<p><strong>_________________________________________________________<\/strong><\/p>\n<p><strong><u>BLOG MEDI\u00c1TICO URDU-PASHTO DE MEMRI<\/u><\/strong><\/p>\n<p><strong>Informe: Explosi\u00f3n mata a 25 personas<\/strong><br \/>[<u>Fuente<\/u>: <em>El Post<\/em>, Pakist\u00e1n, 10 de octubre, 2008]<\/p>\n<p>Seg\u00fan un informe en el diario paquistan\u00ed <em>El Post<\/em>, por lo menos 25 personas, incluyendo tres escolares, fueron muertos y varios otros heridos en una explosi\u00f3n en el distrito Superior Dir de la Provincia de Frontera Norte Oeste de Pakist\u00e1n.<\/p>\n<p>El ataque en Islamabad tuvo lugar en un momento cuando la capital paquistan\u00ed estaba bajo un intenso manto de seguridad debido a la continua sesi\u00f3n privada del parlamento paquistan\u00ed.<\/p>\n<p><em>Para ver el art\u00edculo:<\/em> <a href=\"http:\/\/www.thememriblog.org\/urdupashtu\/blog_personal\/en\/10414.htm\">http:\/\/www.thememriblog.org\/urdupashtu\/blog_personal\/en\/10414.htm<\/a><\/p>\n<p class=\"c1\">* * * * * * * *<\/p>\n<p class=\"c1\">\n<p>Para mayor informaci\u00f3n sobre Pakist\u00e1n y Afganist\u00e1n: <u><a href=\"http:\/\/www.thememriblog.org\/urdupashtu\">http:\/\/www.thememriblog.org\/urdupashtu<\/a><\/u><\/p>\n<p><strong>_________________________________________________________<\/strong><\/p>\n<p><strong><u>BLOG MEDI\u00c1TICO TURQU\u00cdA DE MEMRI<\/u><\/strong><\/p>\n<p><strong>PKK: Cualquier invasi\u00f3n de los territorios de la provincia de Kurdist\u00e1n ser\u00e1 altamente costosa para el ej\u00e9rcito turco<\/strong><br \/>[<u>Fuente<\/u>: <em>Okaz<\/em> (Arabia Saudita), 10 de octubre, 2008]<\/p>\n<p>El encabezado de la oficina de relaciones exteriores del PKK, Ahmad Danis, dijo durante una entrevista con el diario <em>Okaz<\/em> que cualquier invasi\u00f3n a los territorios de la provincia de Kurdist\u00e1n ser\u00e1 altamente costosa para el ej\u00e9rcito turco.<\/p>\n<p>Danis hizo este comentario despu\u00e9s de que el Parlamento de Turqu\u00eda aceptara la decisi\u00f3n de extender la autorizaci\u00f3n concedida al ej\u00e9rcito para cruzar las operaciones fronterizas en Irak.<\/p>\n<p><em>Para ver el art\u00edculo:<\/em> <a href=\"http:\/\/www.thememriblog.org\/turkey\/blog_personal\/en\/10442.htm\">http:\/\/www.thememriblog.org\/turkey\/blog_personal\/en\/10442.htm<\/a><\/p>\n<p class=\"c1\">* * * * * * * *<\/p>\n<p>Para mayor informaci\u00f3n sobre Turqu\u00eda: <a href=\"http:\/\/www.thememriblog.org\/turkey\">http:\/\/www.thememriblog.org\/turkey<\/a><\/p>\n<p><strong>_________________________________________________________<\/strong><\/p>\n<p><strong><u>BLOG ECON\u00d3MICO DE MEMRI<\/u><\/strong><\/p>\n<p class=\"c1\">* * * * * * * *<\/p>\n<p class=\"c1\">\n<p>Para m\u00e1s informaci\u00f3n sobre econ\u00f3mia: <a href=\"http:\/\/memrieconomicblog.org\">http:\/\/memrieconomicblog.org<\/a><\/p>\n<p><strong>_________________________________________________________<\/strong><\/p>\n<p><strong><u>BLOG CULTURA \u00c1RABE DE MEMRI<\/u><\/strong><\/p>\n<p><strong>\u00abUp 2 Date\u00bb en LBC (L\u00edbano)<\/strong><\/p>\n<p>\u00abUp 2 Date\u00bb, es un programa de una hora que habla sobre pel\u00edculas, actores, celebridades y m\u00fasica en canal de la televisi\u00f3n internacional LBC TV (L\u00edbano).<\/p>\n<p><em>Para ver el art\u00edculo y el video en YouTube:<\/em> <a href=\"http:\/\/www.thememriblog.org\/arabculture\/blog_personal\/en\/10441.htm\">http:\/\/www.thememriblog.org\/arabculture\/blog_personal\/en\/10441.htm<\/a><\/p>\n<p class=\"c1\">* * * * * * * *<\/p>\n<p class=\"c2\">Para mayor informaci\u00f3n sobre cultura \u00e1rabe: <a href=\"http:\/\/thememriblog.org\/arabculture\">http:\/\/thememriblog.org\/arabculture<\/a><\/p>\n<\/div>\n<\/div>\n","protected":false},"excerpt":{"rendered":"<p>MEMRI.ORG Despacho Especial # 2076 Ministro del Exterior espa\u00f1ol Moratinos durante visita a Siria y L\u00edbano: &#8216;El [orden] unipolar del mundo ha llegado a su fin&#8217;; &#8216;Siria deber\u00eda incluirse en el esquema de trabajo de la U. E.&#8216;; &#8216;veo a [Siria] como mi hogar&#8217; [Fuente: Al-Thawra (Siria), Al-Akhbar (L\u00edbano) Al-Ba&#8217;th (Siria) Al-Watan (Siria) Al-Nahar (L\u00edbano) [&hellip;]<\/p>\n","protected":false},"author":1,"featured_media":0,"comment_status":"open","ping_status":"open","sticky":false,"template":"","format":"standard","meta":{"footnotes":""},"categories":[32],"tags":[],"class_list":["post-2562","post","type-post","status-publish","format-standard","hentry","category-reportes-diarios"],"_links":{"self":[{"href":"https:\/\/www2.memri.org\/espanol\/wp-json\/wp\/v2\/posts\/2562","targetHints":{"allow":["GET"]}}],"collection":[{"href":"https:\/\/www2.memri.org\/espanol\/wp-json\/wp\/v2\/posts"}],"about":[{"href":"https:\/\/www2.memri.org\/espanol\/wp-json\/wp\/v2\/types\/post"}],"author":[{"embeddable":true,"href":"https:\/\/www2.memri.org\/espanol\/wp-json\/wp\/v2\/users\/1"}],"replies":[{"embeddable":true,"href":"https:\/\/www2.memri.org\/espanol\/wp-json\/wp\/v2\/comments?post=2562"}],"version-history":[{"count":0,"href":"https:\/\/www2.memri.org\/espanol\/wp-json\/wp\/v2\/posts\/2562\/revisions"}],"wp:attachment":[{"href":"https:\/\/www2.memri.org\/espanol\/wp-json\/wp\/v2\/media?parent=2562"}],"wp:term":[{"taxonomy":"category","embeddable":true,"href":"https:\/\/www2.memri.org\/espanol\/wp-json\/wp\/v2\/categories?post=2562"},{"taxonomy":"post_tag","embeddable":true,"href":"https:\/\/www2.memri.org\/espanol\/wp-json\/wp\/v2\/tags?post=2562"}],"curies":[{"name":"wp","href":"https:\/\/api.w.org\/{rel}","templated":true}]}}