{"id":2524,"date":"2008-09-17T00:00:00","date_gmt":"2008-09-17T00:00:00","guid":{"rendered":"http:\/\/www2.memri.org\/espanol\/2008\/09\/17\/el-dr-ahmad-al-rubai-un-legado-de-reforma\/"},"modified":"2016-01-14T16:02:53","modified_gmt":"2016-01-14T16:02:53","slug":"el-dr-ahmad-al-rubai-un-legado-de-reforma","status":"publish","type":"post","link":"https:\/\/www2.memri.org\/espanol\/el-dr-ahmad-al-rubai-un-legado-de-reforma\/2524","title":{"rendered":"El Dr. Ahmad Al-Ruba&#8217;i: Un legado de reforma"},"content":{"rendered":"<div class=\"bodytext c3\">\n<div class=\"bodytext c3\">\n<p class=\"c1\"><strong><img loading=\"lazy\" decoding=\"async\" class=\"alignnone size-full wp-image-15584\" src=\"http:\/\/www2.memri.org\/espanol\/wp-content\/uploads\/2016\/01\/ia_46508_1.jpg\" width=\"550\" height=\"139\" srcset=\"https:\/\/www2.memri.org\/espanol\/wp-content\/uploads\/2016\/01\/ia_46508_1.jpg 550w, https:\/\/www2.memri.org\/espanol\/wp-content\/uploads\/2016\/01\/ia_46508_1-300x76.jpg 300w\" sizes=\"auto, (max-width: 550px) 100vw, 550px\" \/><\/strong><\/p>\n<p><strong>Introducci\u00f3n<\/strong><\/p>\n<p class=\"c2\">El 5 de marzo del 2008, una de las voces m\u00e1s prominentes de la reforma en el mundo \u00e1rabe, mejor conocido en el Medio Oriente pero tristemente desconocido en Occidente, falleci\u00f3.<\/p>\n<p class=\"c1\"><img loading=\"lazy\" decoding=\"async\" class=\"alignnone size-full wp-image-15587\" src=\"http:\/\/www2.memri.org\/espanol\/wp-content\/uploads\/2016\/01\/ia_46508_2.jpg\" width=\"238\" height=\"162\" \/><br \/><em>El entierro de Al-Rubai, El Times de Kuwait, 7 de marzo, 2008<\/em><\/p>\n<p>Seguido a una batalla de dos a\u00f1os con un c\u00e1ncer cerebral, el Dr. Ahmad Al-Ruba&#8217;i, 59, fue enterrado en el cementerio de Sulaibikhat en la Ciudad de Kuwait. Le sobreviven su esposa y cuatro hijos. <a href=\"#_edn1\" name=\"_ednref1\">[1]<\/a><\/p>\n<p>El Dr. Al-Ruba&#8217;i fue alabado por muchos en los medios de comunicaci\u00f3n del Medio Oriente como, <em>inter alia<\/em>, \u00abpoeta\u00bb, \u00abgran pensador y hombre\u00bb, \u00abun fuerte luchador por el esclarecimiento\u00bb, \u00abun luchador contra el Islam fundamentalista\u00bb, \u00abun hombre valiente que estuvo de pie ante la amenaza del terrorismo sectario\u00bb, y \u00abun pensador inteligente de intr\u00e9pida determinaci\u00f3n\u00bb.<\/p>\n<p>El Dr. Mohammad Abdullah Al-Mustawa, profesor de sociolog\u00eda en la Universidad Al-Ain en los EAU, escribi\u00f3: \u00abAl-Ruba&#8217;i muri\u00f3, pero su proyecto se mantiene vivo\u00bb. <a href=\"#_edn2\" name=\"_ednref2\">[2]<\/a><\/p>\n<p><strong>Pol\u00edtico Liberal<\/strong><\/p>\n<p>El Dr. Al-Ruba&#8217;i fue miembro tres veces del parlamento kuwait\u00ed: primero en 1985 como l\u00edder de la oposici\u00f3n, de nuevo en 1992, y por \u00faltimo desde 1999 hasta el 2003.<\/p>\n<p>En los a\u00f1os que llevan a los ataques del 11 de Septiembre del 2001, el Dr. Al-Ruba&#8217;i fue un antagonista vocal de la voz creciente y fuerza del extremismo en el Medio Oriente. Cuando los islamistas kuwait\u00edes intentaron implantar el <em>shari&#8217;a<\/em> entre 1995-1996, durante el periodo del Dr. Al-Ruba&#8217;i como Ministro de Educaci\u00f3n, este lider\u00f3 la lucha contra ellos. En respuesta, los islamistas en el parlamento buscaron enjuiciarlo sin ning\u00fan \u00e9xito.<\/p>\n<p><strong>Acad\u00e9mico influyente<\/strong><\/p>\n<p>El Dr. Al-Ruba&#8217;i fue tambi\u00e9n activo en lo acad\u00e9mico. Fue profesor en la Universidad de Kuwait, ense\u00f1ando filosof\u00eda isl\u00e1mica, y es recordado por instilar la \u00abfranqueza y el dialogo\u00bb entre sus estudiantes. <a href=\"#_edn3\" name=\"_ednref3\">[3]<\/a><\/p>\n<p>En 1976, obtuvo el grado universitario del Departamento de Filosof\u00eda en la Universidad de Kuwait. Luego continu\u00f3 para completar su Ph.D. en la Universidad de Harvard en 1984, que lo prepar\u00f3 para una posici\u00f3n de liderazgo tratando con los temas educativos en su patria.<\/p>\n<p>Durante su periodo como Ministro de Educaci\u00f3n, el Dr. Al-Ruba&#8217;i hizo \u00e9nfasis en los derechos de las mujeres en la educaci\u00f3n. En una entrevista sobre su posici\u00f3n en el gobierno, declar\u00f3 c\u00f3mo fue interrumpido con preguntas molestas por representantes islamistas en el Parlamento kuwait\u00ed: \u00abEllos se unieron en contra m\u00edo debido a mi postura sobre el velo para las estudiantes en los laboratorios m\u00e9dicos. Quise proscribirlo en los laboratorios, y, en cambio, permitirles a las estudiantes llevar puesto m\u00e1scaras m\u00e9dicas. Tambi\u00e9n se opusieron a mis esfuerzos para limitar la ense\u00f1anza de la educaci\u00f3n religiosa en la escuela secundaria&#8230; Su campa\u00f1a no se rebaj\u00f3 hasta que una ley fue emitida prohibiendo las clases mixtas en las universidades&#8230;.\u00bb <a href=\"#_edn4\" name=\"_ednref4\">[4]<\/a><\/p>\n<p><strong>Una voz de progreso en los medios de comunicaci\u00f3n del Medio Oriente<\/strong><\/p>\n<p>Adem\u00e1s de su carrera acad\u00e9mica y en la pol\u00edtica, el Dr. Al-Ruba&#8217;i us\u00f3 sus inteligentes medios de comunicaci\u00f3n para amplificar su mensaje de reforma, utilizando los medios de comunicaci\u00f3n \u00e1rabes como un veh\u00edculo. El Dr. Al-Ruba&#8217;i escribi\u00f3 regularmente para los principales canales de medios informativos de prensa, incluyendo a <em>Al-Sharq Al-Awsat<\/em> (Londres), <em>Al-Siyassa<\/em> (Kuwait), <em>Al-Watan<\/em> (Arabia Saudita) y <em>Al-Qabas<\/em> (Kuwait).<\/p>\n<p>Tambi\u00e9n apareci\u00f3 frecuentemente en los canales de televisi\u00f3n por sat\u00e9lite \u00e1rabe, incluyendo a Al-Rai TV (Kuwait), ANB TV (L\u00edbano) y Al-Arabiya TV (Dubai\/Arabia Saudita). Muchas de estas apariciones incluyeron candentes debates en contra de extremistas islamistas.<\/p>\n<p>El director general de Al-Arabiya TV Abdul Rahman al-Rashed, qui\u00e9n es tambi\u00e9n ex editor de <em>Al-Sharq Al-Awsat<\/em>, escribi\u00f3 sobre la muerte de su amigo: \u00ab&#8230; \u00c9l sol\u00eda luchar por sus ideas con ideas, y respondi\u00f3 a la violencia con palabras. En su columna diaria de opini\u00f3n popular en <em>Al-Sharq Al-Awsat<\/em> se gan\u00f3 a sus amigos que lo amaban de una forma muy calurosa, as\u00ed como tambi\u00e9n a sus enemigos que fueron agravados por su marcada cr\u00edtica. Ruba&#8217;i&#8230; cre\u00eda que lo que \u00e9l escribi\u00f3 le llegaba a la gente y que ten\u00eda un impacto sobre ellos&#8230;\u00bb <a href=\"#_edn5\" name=\"_ednref5\">[5]<\/a><\/p>\n<p>Al conocer de la muerte de su amigo el Dr. Al-Ruba&#8217;i, Mashari Al-Zaydi escribi\u00f3, en <em>Al-Sharq Al-Awsat<\/em> el 15 de marzo, un art\u00edculo titulado \u00abMuerte\u00bb. \u00c9l cit\u00f3 al Dr. Al-Ruba&#8217;i cont\u00e1ndole su \u00abpesar\u00bb por no haber dejado una autobiograf\u00eda como legado.<\/p>\n<p><em>Para ver el art\u00edculo en su totalidad haga clic en el siguiente enlace:<\/em> <a href=\"http:\/\/www2.memri.org\/bin\/latestnews.cgi?ID=IA46508\">http:\/\/www2.memri.org\/bin\/latestnews.cgi?ID=IA46508<\/a><\/p>\n<\/div>\n<p wrap=\"\"><em>* Steven Stalinsky es Director Ejecutivo del Instituto de Investigaci\u00f3n de Medios de Comunicaci\u00f3n del Medio Oriente<\/em><\/p>\n<div class=\"bodytext c3\"><\/div>\n<\/div>\n<hr noshade=\"noshade\" \/>\n<div class=\"bodynews c4\"><!--footnotes --><\/p>\n<div class=\"bodynews c4\">\n<p><a href=\"#_ednref1\" name=\"_edn1\">[1]<\/a> <em>El Times \u00c1rabe<\/em> (Kuwait), 5 de marzo, 2008. El Dr. Al-Ruba&#8217;i naci\u00f3 en 1949 en una \u00abfamilia muy religiosa\u00bb y asisti\u00f3 a tres escuelas primarias, entre estas el Instituto Religioso y la Escuela Intermedia Murghab y la secundaria en Shuwaikh.<\/p>\n<p><a href=\"#_ednref2\" name=\"_edn2\">[2]<\/a> <a href=\"http:\/\/www.gulfnews.com\/\">www.Gulfnews.com<\/a> (EAU), 15 de marzo del 2008, <a href=\"http:\/\/www.gulfnews.com\/opinion\/columns\/region\/10197445.html\">http:\/\/www.gulfnews.com\/opinion\/columns\/region\/10197445.html<\/a>.<\/p>\n<p><a href=\"#_ednref3\" name=\"_edn3\">[3]<\/a> <em>El Times de Kuwait<\/em> (Kuwait), 7 de marzo, 2008.<\/p>\n<p><a href=\"#_ednref4\" name=\"_edn4\">[4]<\/a> <em>Al-Sharq Al-Awsat<\/em> (Londres), 24 de agosto, 2005.<\/p>\n<p><a href=\"#_ednref5\" name=\"_edn5\">[5]<\/a> <em>Al-Sharq Al-Awsat<\/em> (Londres), 7 de marzo, 2008<\/p>\n<\/div>\n<\/div>\n","protected":false},"excerpt":{"rendered":"<p>Introducci\u00f3n El 5 de marzo del 2008, una de las voces m\u00e1s prominentes de la reforma en el mundo \u00e1rabe, mejor conocido en el Medio Oriente pero tristemente desconocido en Occidente, falleci\u00f3. El entierro de Al-Rubai, El Times de Kuwait, 7 de marzo, 2008 Seguido a una batalla de dos a\u00f1os con un c\u00e1ncer cerebral, [&hellip;]<\/p>\n","protected":false},"author":38,"featured_media":15584,"comment_status":"open","ping_status":"open","sticky":false,"template":"","format":"standard","meta":{"footnotes":""},"categories":[5,12],"tags":[],"class_list":["post-2524","post","type-post","status-publish","format-standard","has-post-thumbnail","hentry","category-analisis-e-investigacion","category-reforma-en-el-mundo-arabe-y-musulman"],"_links":{"self":[{"href":"https:\/\/www2.memri.org\/espanol\/wp-json\/wp\/v2\/posts\/2524","targetHints":{"allow":["GET"]}}],"collection":[{"href":"https:\/\/www2.memri.org\/espanol\/wp-json\/wp\/v2\/posts"}],"about":[{"href":"https:\/\/www2.memri.org\/espanol\/wp-json\/wp\/v2\/types\/post"}],"author":[{"embeddable":true,"href":"https:\/\/www2.memri.org\/espanol\/wp-json\/wp\/v2\/users\/38"}],"replies":[{"embeddable":true,"href":"https:\/\/www2.memri.org\/espanol\/wp-json\/wp\/v2\/comments?post=2524"}],"version-history":[{"count":0,"href":"https:\/\/www2.memri.org\/espanol\/wp-json\/wp\/v2\/posts\/2524\/revisions"}],"wp:featuredmedia":[{"embeddable":true,"href":"https:\/\/www2.memri.org\/espanol\/wp-json\/wp\/v2\/media\/15584"}],"wp:attachment":[{"href":"https:\/\/www2.memri.org\/espanol\/wp-json\/wp\/v2\/media?parent=2524"}],"wp:term":[{"taxonomy":"category","embeddable":true,"href":"https:\/\/www2.memri.org\/espanol\/wp-json\/wp\/v2\/categories?post=2524"},{"taxonomy":"post_tag","embeddable":true,"href":"https:\/\/www2.memri.org\/espanol\/wp-json\/wp\/v2\/tags?post=2524"}],"curies":[{"name":"wp","href":"https:\/\/api.w.org\/{rel}","templated":true}]}}