{"id":2521,"date":"2008-09-15T00:00:00","date_gmt":"2008-09-15T00:00:00","guid":{"rendered":"http:\/\/www2.memri.org\/espanol\/2008\/09\/15\/tendra-exito-al-qaeda-en-establecer-su-presencia-en-palestina\/"},"modified":"2016-01-14T16:02:57","modified_gmt":"2016-01-14T16:02:57","slug":"tendra-exito-al-qaeda-en-establecer-su-presencia-en-palestina","status":"publish","type":"post","link":"https:\/\/www2.memri.org\/espanol\/tendra-exito-al-qaeda-en-establecer-su-presencia-en-palestina\/2521","title":{"rendered":"\u00bfTendr\u00e1 \u00e9xito Al-Qaeda en establecer su presencia en Palestina?"},"content":{"rendered":"<div class=\"bodytext c2\"><!--Document Body --><\/p>\n<div class=\"bodytext c2\">\n<p>El inter\u00e9s de Al-Qaeda en reavivar el jihad en Palestina y haci\u00e9ndolo parte de su empresa global es evidente en numerosos videos y mensajes de audio que esta ha producido, especialmente desde el a\u00f1o 2007.<\/p>\n<p>Hasta ahora, sin embargo, Al-Qaeda no ha exigido haber establecido ninguna presencia en Palestina, ni ha reconocido el tener lazos directos a ninguno de los grupos autoproclamados salafi-jihadi que est\u00e1n actualmente activos en esta regi\u00f3n, especialmente en Gaza.<\/p>\n<p>Es m\u00e1s, a pesar de sus consid\u00e9rales esfuerzos, Al-Qaeda al parecer no ha podido convencer a Hamas &#8211; la fuerza de gobierno en Gaza &#8211; a abandonar su agenda pol\u00edtica, para reasumir el jihad contra Israel, y declarar su lealtad a Al-Qaeda y su apoyo por los esfuerzos de esta para reavivar el Califato isl\u00e1mico.<\/p>\n<p>Este art\u00edculo examina la posibilidad de que Al-Qaeda se arraigue en un futuro en Gaza, ejerciendo una fuerte influencia sobre sus habitantes y convirti\u00e9ndose en un importante actor pol\u00edtico y militar en la regi\u00f3n.<\/p>\n<p class=\"c1\"><img loading=\"lazy\" decoding=\"async\" class=\"alignnone size-full wp-image-15600\" src=\"http:\/\/www2.memri.org\/espanol\/wp-content\/uploads\/2016\/01\/ia_46308_1.jpg\" width=\"323\" height=\"344\" srcset=\"https:\/\/www2.memri.org\/espanol\/wp-content\/uploads\/2016\/01\/ia_46308_1.jpg 323w, https:\/\/www2.memri.org\/espanol\/wp-content\/uploads\/2016\/01\/ia_46308_1-282x300.jpg 282w\" sizes=\"auto, (max-width: 323px) 100vw, 323px\" \/><\/p>\n<p class=\"c1\">\n<p class=\"c1\">\n<p class=\"c1\">\n<p class=\"c1\">\n<p class=\"c1\">\n<p class=\"c1\"><strong><em>PARA VER EL INFORME COMPLETO, VISITE<\/em><\/strong> <a href=\"http:\/\/www.memrijttm.org\/content\/en\/report.htm?report=2858\">http:\/\/www.memrijttm.org\/content\/en\/report.htm?report=2858<\/a>.<\/p>\n<\/div>\n<\/div>\n","protected":false},"excerpt":{"rendered":"<p>El inter\u00e9s de Al-Qaeda en reavivar el jihad en Palestina y haci\u00e9ndolo parte de su empresa global es evidente en numerosos videos y mensajes de audio que esta ha producido, especialmente desde el a\u00f1o 2007. Hasta ahora, sin embargo, Al-Qaeda no ha exigido haber establecido ninguna presencia en Palestina, ni ha reconocido el tener lazos [&hellip;]<\/p>\n","protected":false},"author":19,"featured_media":15600,"comment_status":"open","ping_status":"open","sticky":false,"template":"","format":"standard","meta":{"footnotes":""},"categories":[5,10],"tags":[],"class_list":["post-2521","post","type-post","status-publish","format-standard","has-post-thumbnail","hentry","category-analisis-e-investigacion","category-estudios-sobre-terrorismo-y-yihad"],"_links":{"self":[{"href":"https:\/\/www2.memri.org\/espanol\/wp-json\/wp\/v2\/posts\/2521","targetHints":{"allow":["GET"]}}],"collection":[{"href":"https:\/\/www2.memri.org\/espanol\/wp-json\/wp\/v2\/posts"}],"about":[{"href":"https:\/\/www2.memri.org\/espanol\/wp-json\/wp\/v2\/types\/post"}],"author":[{"embeddable":true,"href":"https:\/\/www2.memri.org\/espanol\/wp-json\/wp\/v2\/users\/19"}],"replies":[{"embeddable":true,"href":"https:\/\/www2.memri.org\/espanol\/wp-json\/wp\/v2\/comments?post=2521"}],"version-history":[{"count":0,"href":"https:\/\/www2.memri.org\/espanol\/wp-json\/wp\/v2\/posts\/2521\/revisions"}],"wp:featuredmedia":[{"embeddable":true,"href":"https:\/\/www2.memri.org\/espanol\/wp-json\/wp\/v2\/media\/15600"}],"wp:attachment":[{"href":"https:\/\/www2.memri.org\/espanol\/wp-json\/wp\/v2\/media?parent=2521"}],"wp:term":[{"taxonomy":"category","embeddable":true,"href":"https:\/\/www2.memri.org\/espanol\/wp-json\/wp\/v2\/categories?post=2521"},{"taxonomy":"post_tag","embeddable":true,"href":"https:\/\/www2.memri.org\/espanol\/wp-json\/wp\/v2\/tags?post=2521"}],"curies":[{"name":"wp","href":"https:\/\/api.w.org\/{rel}","templated":true}]}}