{"id":2515,"date":"2008-09-11T00:00:00","date_gmt":"2008-09-11T00:00:00","guid":{"rendered":"http:\/\/www2.memri.org\/espanol\/2008\/09\/11\/resena-de-los-portales-de-memri-septiembre-11-2008\/"},"modified":"2008-09-11T00:00:00","modified_gmt":"2008-09-11T00:00:00","slug":"resena-de-los-portales-de-memri-septiembre-11-2008","status":"publish","type":"post","link":"https:\/\/www2.memri.org\/espanol\/resena-de-los-portales-de-memri-septiembre-11-2008\/2515","title":{"rendered":"Rese\u00f1a de los Portales de MEMRI, Septiembre 11, 2008"},"content":{"rendered":"<div class=\"bodytext c2\">\n<p><strong><u>MEMRI.ORG<\/u><\/strong><\/p>\n<p><u>Despacho Especial # 2048<\/u><\/p>\n<p><strong>Ex ministro de informaci\u00f3n sirio: La administraci\u00f3n norteamericana estuvo detr\u00e1s del 11 de Septiembre<br \/><\/strong> [<u>Fuente<\/u>: <em>Teshreen<\/em> (Siria), 10 de septiembre, 2008]<\/p>\n<p>En un art\u00edculo en el diario del gobierno sirio <em>Teshreen<\/em>, el ex ministro de informaci\u00f3n sirio Dr. Mahdi Dakhlallah escribi\u00f3 que las agencias de inteligencias norteamericanas estuvieron detr\u00e1s de los ataques del 11 de Septiembre, y que su objetivo en esto era pavimentar el camino para llevar a cabo un plan previamente preparado para invadir a Afganist\u00e1n y a Irak.<\/p>\n<p><em>El art\u00edculo completo puede verse en el siguiente enlace<\/em>: <a href=\"http:\/\/www2.memri.org\/bin\/espanol\/ultimasnoticias.cgi?ID=SD204808\">http:\/\/www2.memri.org\/bin\/espanol\/ultimasnoticias.cgi?ID=SD204808<\/a><\/p>\n<p class=\"c1\">* * * * * * * *<\/p>\n<p><u>Despacho Especial # 2049<\/u><\/p>\n<p><strong>Liberales sauditas: Seguido al 11 de Septiembre&#8230; la voz del islamismo se desintegr\u00f3 en pedazos&#8230; y la voz del liberalismo est\u00e1 obteniendo una mano provechosa<br \/><\/strong> [<u>Fuente<\/u>: <a href=\"http:\/\/www.elaph.com\">www.elaph.com<\/a>, 12 de agosto, 2008]<\/p>\n<p>Con el acercamiento del s\u00e9ptimo aniversario de los eventos del 11 de Septiembre, los periodistas liberales sauditas han notado cambios en su pa\u00eds que fueron el resultado de estos eventos, y los cambios que se presentaron a consecuencia de estos &#8211; particularmente, que la sociedad saudita est\u00e1 padeciendo actualmente de un cambio de fundamentalismo hacia el liberalismo.<\/p>\n<p><em>El art\u00edculo completo puede verse en el siguiente enlace<\/em>: <a href=\"http:\/\/www2.memri.org\/bin\/espanol\/ultimasnoticias.cgi?ID=SD204908\">http:\/\/www2.memri.org\/bin\/espanol\/ultimasnoticias.cgi?ID=SD204908<\/a><\/p>\n<p class=\"c1\">* * * * * * * *<\/p>\n<p>Para entrar al portal MEMRI: <a href=\"http:\/\/www2.memri.org\">http:\/\/www2.memri.org<\/a><\/p>\n<p>_________________________________________________________<\/p>\n<p><u><strong>MEMRI TV<\/strong><\/u><\/p>\n<p><strong>Jeque islamista liban\u00e9s Omar Bakri: El problema con G. Breta\u00f1a es que no aplica la ley isl\u00e1mica. El terrorismo de los mujahideen es bendito<\/strong><\/p>\n<p>Clip de Video #1848: <a href=\"http:\/\/www.memritv.org\/clip\/en\/1848.htm\">http:\/\/www.memritv.org\/clip\/en\/1848.htm<\/a><br \/>[<u>Fuente<\/u>: OTV (L\u00edbano) &#8211; 22 de agosto, 2008]<\/p>\n<p class=\"c1\">\n<p class=\"c1\"><strong>* * * * * * * *<\/strong><\/p>\n<p>Para entrar al portal MEMRI TV: <u><a href=\"http:\/\/www.memritv.org\/\">http:\/\/www.memritv.org<\/a><\/u><\/p>\n<p><strong>_________________________________________________________<\/strong><\/p>\n<p><u><strong>BLOG MEMRI<\/strong><\/u><\/p>\n<p><strong>Sud\u00e1n: Ir\u00e1n no est\u00e1 entrenando a nuestras fuerzas<\/strong><br \/>[<u>Fuente<\/u>: <em>Al-Hayat<\/em>, Londres, 11 de septiembre, 2008]<\/p>\n<p>Antiguos funcionarios de Sudan cercanos al Presidente de Sudan Omar Al-Bashir han negado un art\u00edculo que declara que Ir\u00e1n est\u00e1 entrenando a las tropas del Ej\u00e9rcito de Sud\u00e1n en Darfur y que Ir\u00e1n provee alguna ayuda al ej\u00e9rcito.<\/p>\n<p><em>Para ver el art\u00edculo:<\/em> <a href=\"http:\/\/www.thememriblog.org\/blog_personal\/en\/9788.htm\">http:\/\/www.thememriblog.org\/blog_personal\/en\/9788.htm<\/a><\/p>\n<p class=\"c1\">\n<p class=\"c1\">* * * * * * * *<\/p>\n<p><strong>Sud\u00e1n: Estados Unidos detr\u00e1s de la acusaci\u00f3n a Al-Bashir<\/strong><br \/>[<u>Fuente<\/u>: <em>Al-Rai Al-&#8216;Aam<\/em>, Sud\u00e1n, 11 de septiembre, 2008]<\/p>\n<p>La rabia ha hecho erupci\u00f3n en Sud\u00e1n por la declaraci\u00f3n del embajador norteamericano a las Naciones Unidas de que los jueces de la Corte Criminal Internacional emitir\u00edan una orden de arresto contra el Presidente de Sudan Omar Al-Bashir el mes pr\u00f3ximo.<\/p>\n<p><em>Para ver el art\u00edculo:<\/em> <a href=\"http:\/\/www.thememriblog.org\/blog_personal\/en\/9786.htm\">http:\/\/www.thememriblog.org\/blog_personal\/en\/9786.htm<\/a><\/p>\n<p class=\"c1\"><strong>* * * * * * * *<\/strong><\/p>\n<p><strong>Fundaci\u00f3n para la Memoria de Irak: Documentada conexi\u00f3n Saddam-bin Laden<\/strong><br \/>[<u>Fuente<\/u>: <a href=\"http:\/\/www.Elaph.com\">www.Elaph.com<\/a>, 9 de septiembre, 2008]<\/p>\n<p>Un elemento en la Fundaci\u00f3n de la Memoria de Irak ha declarado an\u00f3nimamente que los documentos encontrados en las oficinas de inteligencia del anterior presidente iraqu\u00ed Saddam Hussein atestiguan una conexi\u00f3n entre Saddam y Osama bin Laden.<\/p>\n<p>No se encontraron evidencias de Saddam a los eventos del 11 de Septiembre.<\/p>\n<p><em>Para ver el art\u00edculo:<\/em> <a href=\"http:\/\/www.thememriblog.org\/blog_personal\/en\/9783.htm\">http:\/\/www.thememriblog.org\/blog_personal\/en\/9783.htm<\/a><\/p>\n<p class=\"c1\"><strong>* * * * * * * *<\/strong><\/p>\n<p class=\"c1\">\n<p><strong>Jumblatt ataca a los aliados de las Fuerzas 14 de Marzo<\/strong><br \/>[<u>Fuente<\/u>: <em>Al-Akhbar<\/em>, L\u00edbano; elnashra.com, 11 de septiembre, 2008]<\/p>\n<p>En una entrevista con el diario liban\u00e9s <em>Al-Akhbar<\/em>, el l\u00edder druso liban\u00e9s Walid Jumblatt atac\u00f3 a sus aliados en las Fuerzas 14 de Marzo, declarando que su posici\u00f3n no estaba unificada.<\/p>\n<p>Dijo que en lugar de desmantelar al Hizbullah, un di\u00e1logo deber\u00eda ser conducido con este.<\/p>\n<p><em>Para ver el art\u00edculo:<\/em> <a href=\"http:\/\/www.thememriblog.org\/blog_personal\/en\/9782.htm\">http:\/\/www.thememriblog.org\/blog_personal\/en\/9782.htm<\/a><\/p>\n<p class=\"c1\"><strong>* * * * * * * *<\/strong><\/p>\n<p class=\"c1\">\n<p>Para mayor informaci\u00f3n: <a href=\"http:\/\/www.thememriblog.org\">http:\/\/www.thememriblog.org<\/a><\/p>\n<p><strong>_________________________________________________________<\/strong><\/p>\n<p><strong><u>PROYECTO SUPERVISI\u00d3N PORTALES ISLAMISTAS DE MEMRI<\/u><\/strong><\/p>\n<p class=\"c1\">* * * * * * * *<\/p>\n<p class=\"c1\">\n<p>Para mayor informaci\u00f3n: <u><a href=\"http:\/\/www.memrijttm.org\">http:\/\/www.memrijttm.org<\/a><\/u><\/p>\n<p><strong>_________________________________________________________<\/strong><\/p>\n<p><strong><u>BLOG MEDI\u00c1TICO IR\u00c1N DE MEMRI<\/u><\/strong><\/p>\n<p><strong>&#8216;Kayhan&#8217; amenaza con operaciones suicidas en respuesta a comentarios de Sarkozy<\/strong><br \/>[<u>Fuente<\/u>: <em>Kayhan<\/em>, Ir\u00e1n, 1 de septiembre, 2008]<\/p>\n<p>En respuesta a las declaraciones anti-Ir\u00e1n del Presidente franc\u00e9s Nicol\u00e1s Sarkozy, el diario iran\u00ed <em>Kayhan<\/em> afiliado al L\u00edder Supremo iran\u00ed Ali Khamenei, amenaz\u00f3 con operaciones suicidas en el evento de un ataque militar de Occidente a Ir\u00e1n.<\/p>\n<p><em>Para ver el art\u00edculo:<\/em> <a href=\"http:\/\/www.thememriblog.org\/iran\/blog_personal\/en\/9787.htm\">http:\/\/www.thememriblog.org\/iran\/blog_personal\/en\/9787.htm<\/a><\/p>\n<p class=\"c1\">* * * * * * * *<\/p>\n<p>Para mayor informaci\u00f3n sobre Ir\u00e1n: <a href=\"http:\/\/www.thememriblog.org\/iran\">http:\/\/www.thememriblog.org\/iran<\/a><\/p>\n<p><strong>_________________________________________________________<\/strong><\/p>\n<p><strong><u>BLOG MEDI\u00c1TICO URDU-PASHTO DE MEMRI<\/u><\/strong><\/p>\n<p><strong>Jefe del ej\u00e9rcito: La integridad territorial de Pakist\u00e1n ser\u00e1 protegida a toda costa<\/strong><br \/>[<u>Fuente<\/u>: <em>Roznama Jang,<\/em> Pakist\u00e1n, 11 de septiembre, 2008, <a href=\"http:\/\/www.thenews.com\">www.thenews.com<\/a>, 10 de septiembre, 2008]<\/p>\n<p>El Jefe del Ej\u00e9rcito Paquistan\u00ed General Ashfaq Kiyani ha dicho que Pakist\u00e1n no permitir\u00e1 que tropas extranjeras lleven a cabo operaciones en su propio suelo, seg\u00fan un informe en el diario en idioma urdu <em>Roznama Jang<\/em>.<\/p>\n<p>La declaraci\u00f3n del General Kiyani sigue al reciente ataque de misiles de los Estados Unidos y las fuerzas de la OTAN que apuntaban a los escondites del taliban en los distritos tribales de Pakist\u00e1n. Seg\u00fan el informe, el Jefe del Ej\u00e9rcito emiti\u00f3 una declaraci\u00f3n la noche de mi\u00e9rcoles, confirmando que la soberan\u00eda de Pakist\u00e1n y la integridad territorial ser\u00e1n protegidas a toda costa.<\/p>\n<p><em>Para ver el art\u00edculo<\/em><em>y la foto que lo acompa\u00f1a:<\/em> <a href=\"http:\/\/www.thememriblog.org\/urdupashtu\/blog_personal\/en\/9793.htm\">http:\/\/www.thememriblog.org\/urdupashtu\/blog_personal\/en\/9793.htm<\/a><\/p>\n<p class=\"c1\">* * * * * * * *<\/p>\n<p class=\"c1\">\n<p>Para mayor informaci\u00f3n sobre Pakist\u00e1n y Afganist\u00e1n: <u><a href=\"http:\/\/www.thememriblog.org\/urdupashtu\">http:\/\/www.thememriblog.org\/urdupashtu<\/a><\/u><\/p>\n<p><strong>_________________________________________________________<\/strong><\/p>\n<p><strong><u>BLOG MEDI\u00c1TICO TURQU\u00cdA DE MEMRI<\/u><\/strong><\/p>\n<p class=\"c1\">* * * * * * * *<\/p>\n<p>Para mayor informaci\u00f3n sobre Turqu\u00eda: <a href=\"http:\/\/www.thememriblog.org\/turkey\">http:\/\/www.thememriblog.org\/turkey<\/a><\/p>\n<p><strong>_________________________________________________________<\/strong><\/p>\n<p><strong><u>BLOG ECON\u00d3MICO DE MEMRI<\/u><\/strong><\/p>\n<p class=\"c1\">* * * * * * * *<\/p>\n<p>Para m\u00e1s informaci\u00f3n sobre econ\u00f3mia: <a href=\"http:\/\/memrieconomicblog.org\">http:\/\/memrieconomicblog.org<\/a><\/p>\n<p><strong>_________________________________________________________<\/strong><\/p>\n<p><strong><u>BLOG CULTURA \u00c1RABE DE MEMRI<\/u><\/strong><\/p>\n<p><strong>Serie de Ramadan en el canal &#8216;2M&#8217; marroqu\u00ed<\/strong><br \/>[<u>Fuente<\/u>: <em>Al-Bawaba<\/em> (Jordania), <em>Daily Star<\/em> (L\u00edbano), 3 de septiembre, 2008]<\/p>\n<p><em>Para ver el video clip:<\/em> <a href=\"http:\/\/www.thememriblog.org\/arabculture\/blog_personal\/en\/9797.htm\">http:\/\/www.thememriblog.org\/arabculture\/blog_personal\/en\/9797.htm<\/a><\/p>\n<p class=\"c1\">* * * * * * * *<\/p>\n<p>Para mayor informaci\u00f3n sobre cultura \u00e1rabe: <a href=\"http:\/\/thememriblog.org\/arabculture\">http:\/\/thememriblog.org\/arabculture<\/a><\/p>\n<\/div>\n","protected":false},"excerpt":{"rendered":"<p>MEMRI.ORG Despacho Especial # 2048 Ex ministro de informaci\u00f3n sirio: La administraci\u00f3n norteamericana estuvo detr\u00e1s del 11 de Septiembre [Fuente: Teshreen (Siria), 10 de septiembre, 2008] En un art\u00edculo en el diario del gobierno sirio Teshreen, el ex ministro de informaci\u00f3n sirio Dr. Mahdi Dakhlallah escribi\u00f3 que las agencias de inteligencias norteamericanas estuvieron detr\u00e1s de [&hellip;]<\/p>\n","protected":false},"author":1,"featured_media":0,"comment_status":"open","ping_status":"open","sticky":false,"template":"","format":"standard","meta":{"footnotes":""},"categories":[32],"tags":[],"class_list":["post-2515","post","type-post","status-publish","format-standard","hentry","category-reportes-diarios"],"_links":{"self":[{"href":"https:\/\/www2.memri.org\/espanol\/wp-json\/wp\/v2\/posts\/2515","targetHints":{"allow":["GET"]}}],"collection":[{"href":"https:\/\/www2.memri.org\/espanol\/wp-json\/wp\/v2\/posts"}],"about":[{"href":"https:\/\/www2.memri.org\/espanol\/wp-json\/wp\/v2\/types\/post"}],"author":[{"embeddable":true,"href":"https:\/\/www2.memri.org\/espanol\/wp-json\/wp\/v2\/users\/1"}],"replies":[{"embeddable":true,"href":"https:\/\/www2.memri.org\/espanol\/wp-json\/wp\/v2\/comments?post=2515"}],"version-history":[{"count":0,"href":"https:\/\/www2.memri.org\/espanol\/wp-json\/wp\/v2\/posts\/2515\/revisions"}],"wp:attachment":[{"href":"https:\/\/www2.memri.org\/espanol\/wp-json\/wp\/v2\/media?parent=2515"}],"wp:term":[{"taxonomy":"category","embeddable":true,"href":"https:\/\/www2.memri.org\/espanol\/wp-json\/wp\/v2\/categories?post=2515"},{"taxonomy":"post_tag","embeddable":true,"href":"https:\/\/www2.memri.org\/espanol\/wp-json\/wp\/v2\/tags?post=2515"}],"curies":[{"name":"wp","href":"https:\/\/api.w.org\/{rel}","templated":true}]}}