{"id":251,"date":"2002-02-20T00:00:00","date_gmt":"2002-02-20T00:00:00","guid":{"rendered":"http:\/\/www2.memri.org\/espanol\/2002\/02\/20\/editor-de-al-sharq-al-awsat-por-qu-los-arabes-cristianos-liberales-defienden-a-bin-laden\/"},"modified":"2002-02-20T00:00:00","modified_gmt":"2002-02-20T00:00:00","slug":"editor-de-al-sharq-al-awsat-por-qu-los-arabes-cristianos-liberales-defienden-a-bin-laden","status":"publish","type":"post","link":"https:\/\/www2.memri.org\/espanol\/editor-de-al-sharq-al-awsat-por-qu-los-arabes-cristianos-liberales-defienden-a-bin-laden\/251","title":{"rendered":"Editor de Al-Sharq Al-Awsat: &iquest;Por qu&eacute; los Arabes Cristianos Liberales Defienden a Bin Laden?"},"content":{"rendered":"<div class=\"bodytext c1\">\n<p><em>A finales de Diciembre de 2001, <strong>Abd Al-Rahman Al-Rashed, editor del diario saudita de Londres Al-Sharq Al-Awsat<\/strong>, public\u00f3 un art\u00edculo de dos partes titulado \u00abPosiciones Cristianas y Liberales con Respecto a Al-Qa&#8217;ida,\u00bb en la que critic\u00f3 al Profesor Edward Sa&#8217;id y otros \u00e1rabes cristianos liberales que radican en el occidente, por defender a la minor\u00eda extremista isl\u00e1mica en un despliegue de lealtad. A mediados de Febrero, el peri\u00f3dico public\u00f3 una carta al editor escrita por un islamista saudita en defensa de Sa&#8217;id. A continuaci\u00f3n presentamos extractos tanto de el art\u00edculo como de la carta:<\/em><\/p>\n<p><strong>La Cr\u00edtica de Al-Rashed<\/strong><\/p>\n<p>Al-Rashed escribi\u00f3: \u00abHace veinte a\u00f1os, la posici\u00f3n de un escritor como Edward Sa&#8217;id que defend\u00eda a la revoluci\u00f3n isl\u00e1mica de Ir\u00e1n, en el momento en el que la hostilidad occidental estaba en la cumbre, no me avergonz\u00f3, a pesar de que el era un cristiano radicado en Nueva York. Su posici\u00f3n se basaba en argumentos cient\u00edficos y morales que lo convirtieron en el mayor luchador por la defensa del Islam en el occidente. Pero el aumento en el extremismo isl\u00e1mico ha debilitado los argumentos de todos los no-musulmanes que defienden al extremismo isl\u00e1mico, entre ellos al mismo Profesor Sa&#8217;id, debido a la terrible imagen de los musulmanes surgida a partir de los eventos del 11 de Septiembre.\u00bb<\/p>\n<p>\u00ab\u00bfPor qu\u00e9, entonces, un grupo de gente a punto del genocidio a manos de Al-Qa&#8217;ida defiende la ideolog\u00eda de Al-Qa&#8217;ida y de sus partidarios? Yo creo que esto se debe a la hipocres\u00eda \u00e1rabe, incluyendo a los cristianos, shiitas, drusos y a los sunis liberales.\u00bb<\/p>\n<p>\u00abLa verdad es que aun antes de los sucesos recientes&hellip; yo percib\u00ed una tendencia psic\u00f3pata por parte de muchos intelectuales \u00e1rabe-cristianos que se colocaron al frente de la defensa de los movimientos extremistas isl\u00e1micos. Me refiero a su exagerada defensa de las barbaridades de estas organizaciones que llegaron al punto de darle a Osama Bin Laden los t\u00edtulos de &lsquo;Jeque&#8217; y &lsquo;Gran Luchador del Yihad.&#8217; Parecer\u00eda que este es un intento de demostrar la pertenencia de los cristianos a los rangos de los \u00e1rabes por medio de su demostraci\u00f3n de apoyo por la minor\u00eda demag\u00f3gica musulmana cuya voz es la mas fuerte hoy en d\u00eda, mientras que ignoran los errores de estos movimientos y el riesgo que representan sus acciones para el futuro de los \u00e1rabes, ya sean musulmanes o cristianos.\u00bb<\/p>\n<p>\u00abNo niego que existen no-musulmanes que simpatizan con los islamistas, y que existe una convergencia intelectual entre los islamistas y la izquierda \u00e1rabe &ndash;entre ellos los cristianos &ndash; con respecto a la hostilidad hacia las instituciones pol\u00edticas occidentales.\u00bb<\/p>\n<p>\u00abSin embargo, al igual que la mayor\u00eda de los intelectuales musulmanes, la mayor\u00eda de los \u00e1rabes cristianos, principalmente los intelectuales, deber\u00edan evitar apoyar a grupos extremistas cuando est\u00e1n viendo las llamas del fuego en toda nuestra regi\u00f3n, y cuando ven el odio de estos grupos hacia todo aquel que no sea fundamentalista y su genuino deseo de destruir las instituciones existentes&hellip;\u00bb<\/p>\n<p>\u00abDebo subrayar que, a diferencia del asunto del derecho \u00e1rabe a Palestina, apoyar a los fundamentalistas no es un elemento fundamental en la ret\u00f3rica de solidaridad entre los musulmanes y los \u00e1rabe-cristianos. No hay raz\u00f3n por la que ciertos intelectuales cristianos tengan que participar en cada manifestaci\u00f3n \u00e1rabe, aunque sea una manifestaci\u00f3n en contra de los mismos cristianos, como lo hacen ahora en apoyo de Al-Qa&#8217;ida y sus miembros.\u00bb<a href=\"#_edn1\">[1]<\/a><\/p>\n<p>\u00abLa demostraci\u00f3n exagerada de temor de los intelectuales \u00e1rabe-cristianos (por medio de su defensa del extremismo isl\u00e1mico) ha provocado un sentido de repulsi\u00f3n &ndash; y hasta de ira &ndash; por el oportunismo de aquellos que exigen al mismo tiempo que se remueva la religi\u00f3n de la pol\u00edtica [i.e. \u00e1rabes-cristianos].\u00bb<\/p>\n<p>\u00abEl apoyo de estos intelectuales hacia los grupos extremistas isl\u00e1micos surge de su odio al occidente. Sin embargo&hellip; los intelectuales \u00e1rabe-cristianos defienden a un hombre como Osama Bin Laden, que amenaza abiertamente con matar a los cristianos. Si alguien me pidiera que diera una prueba tangible de la hipocres\u00eda de la mayor parte de los intelectuales \u00e1rabes, cristianos y otros, que defienden a Al-Qa&#8217;ida &ndash; le mandar\u00eda los manifiestos y art\u00edculos que comprueban su cruda hipocres\u00eda pol\u00edtica. Ser\u00eda mejor para ellos que guardaran silencio&hellip;\u00bb<a href=\"#_edn3\">[]<\/a><\/p>\n<p><strong>Respuesta de un Islamista<\/strong><\/p>\n<p><strong>Muhammad Ahmad &#8216;Abbas Othman, de Riyadh, Arabia Saudita<\/strong>, quien se identific\u00f3 como islamista, envi\u00f3 la siguiente carta al peri\u00f3dico:<\/p>\n<p>\u00ab&hellip;Quiero decir que ellos [los intelectuales \u00e1rabe-cristianos] no son sic\u00f3patas, y no han defendido a los movimientos extremistas; ellos defienden a los movimientos isl\u00e1micos en la tierra \u00e1rabe e isl\u00e1mica. Estos movimientos luchan solos&#8230; ante la ofensiva norteamericana, occidental e israel\u00ed, que intenta someter a la naci\u00f3n \u00e1rabe e isl\u00e1mica, imponiendo su hegemon\u00eda, explotando sus recursos, y forz\u00e1ndoles a adoptar las doctrinas norteamericanas y sionistas &#8230;\u00bb<\/p>\n<p>\u00abEdward Sa&#8217;id es un escritor libre en sus pensamientos y trabajos literarios, que reside en el coraz\u00f3n del mundo occidental lejos de las presiones gubernamentales y populares de los pa\u00edses \u00e1rabes&hellip; y es profesor en importantes universidades occidentales. \u00bfQu\u00e9 tiene que temer? Si acaso, se expone a los ataques hostiles de los sionistas y los occidentales. Al igual que Paul Findley y Roger Garaudy, no gana nada de estos grupos fundamentalistas, ni aun si tomaran el poder en sus pa\u00edses&hellip;\u00bb<\/p>\n<p>\u00abNi una sola vez he le\u00eddo un art\u00edculo en el que Sa&#8217;id defienda al extremismo isl\u00e1mico, como afirma Al-Rashed. Pero \u00e9l es uno de los principales defensores del Islam en el occidente&hellip; Yo he le\u00eddo mas escritos de Edward Sa&#8217;id que Al-Rashed, y no he encontrado hipocres\u00eda en ellos&hellip;\u00bb<\/p>\n<p>\u00abAlabado sea Al\u00e1, yo pertenezco a los rangos de los islamistas. Yo soy un jeque del siglo s\u00e9ptimo que lee Al-Sharq Al-Awsat todos los d\u00edas. Como islamista, de acuerdo a la etiqueta &lsquo;secular&#8217;, respeto enormemente a los escritores \u00e1rabe-cristianos de los que habla Al-Rashed en su furioso ataque. En mis archivos privados, guardo los art\u00edculos de Edward Sa&#8217;id, Clovis Maksoud, [James] Zogby, y otros como ellos, hombres de honor y fieles a sus or\u00edgenes \u00e1rabes, que defienden la identidad \u00e1rabe y su civilizaci\u00f3n isl\u00e1mica&#8230;\u00bb<a href=\"#_edn3\">[3]<\/a><\/p>\n<hr noshade=\"noshade\" \/><!-- footnotes --><\/p>\n<div class=\"bodynews c1\">\n<p><a name=\"_edn1\"><\/a>[1] <em>Al-Sharq Al-Awsat<\/em> (Londres), Diciembre 27, 2001.<\/p>\n<p><a name=\"_edn2\"><\/a>[2] <em>Al-Sharq Al-Awsat<\/em> (Londres), Diciembre 29, 2001.<\/p>\n<p><a name=\"_edn3\"><\/a>[3] <em>Al-Sharq Al-Awsat<\/em> (Londres), Febrero 16, 2002.<\/p>\n<\/div>\n<\/div>\n","protected":false},"excerpt":{"rendered":"<p>A finales de Diciembre de 2001, Abd Al-Rahman Al-Rashed, editor del diario saudita de Londres Al-Sharq Al-Awsat, public\u00f3 un art\u00edculo de dos partes titulado \u00abPosiciones Cristianas y Liberales con Respecto a Al-Qa&#8217;ida,\u00bb en la que critic\u00f3 al Profesor Edward Sa&#8217;id y otros \u00e1rabes cristianos liberales que radican en el occidente, por defender a la minor\u00eda [&hellip;]<\/p>\n","protected":false},"author":1,"featured_media":0,"comment_status":"open","ping_status":"open","sticky":false,"template":"","format":"standard","meta":{"footnotes":""},"categories":[10,6,11],"tags":[],"class_list":["post-251","post","type-post","status-publish","format-standard","hentry","category-estudios-sobre-terrorismo-y-yihad","category-comunicados-especiales","category-e-u-a-y-el-medio-oriente"],"_links":{"self":[{"href":"https:\/\/www2.memri.org\/espanol\/wp-json\/wp\/v2\/posts\/251","targetHints":{"allow":["GET"]}}],"collection":[{"href":"https:\/\/www2.memri.org\/espanol\/wp-json\/wp\/v2\/posts"}],"about":[{"href":"https:\/\/www2.memri.org\/espanol\/wp-json\/wp\/v2\/types\/post"}],"author":[{"embeddable":true,"href":"https:\/\/www2.memri.org\/espanol\/wp-json\/wp\/v2\/users\/1"}],"replies":[{"embeddable":true,"href":"https:\/\/www2.memri.org\/espanol\/wp-json\/wp\/v2\/comments?post=251"}],"version-history":[{"count":0,"href":"https:\/\/www2.memri.org\/espanol\/wp-json\/wp\/v2\/posts\/251\/revisions"}],"wp:attachment":[{"href":"https:\/\/www2.memri.org\/espanol\/wp-json\/wp\/v2\/media?parent=251"}],"wp:term":[{"taxonomy":"category","embeddable":true,"href":"https:\/\/www2.memri.org\/espanol\/wp-json\/wp\/v2\/categories?post=251"},{"taxonomy":"post_tag","embeddable":true,"href":"https:\/\/www2.memri.org\/espanol\/wp-json\/wp\/v2\/tags?post=251"}],"curies":[{"name":"wp","href":"https:\/\/api.w.org\/{rel}","templated":true}]}}