{"id":2409,"date":"2008-07-22T00:00:00","date_gmt":"2008-07-22T00:00:00","guid":{"rendered":"http:\/\/www2.memri.org\/espanol\/2008\/07\/22\/antiguo-clerigo-saudita-bin-laden-es-un-promotor-de-la-maldad-y-la-depravacion-al-zawahiri-es-un-degenerado\/"},"modified":"2008-07-22T00:00:00","modified_gmt":"2008-07-22T00:00:00","slug":"antiguo-clerigo-saudita-bin-laden-es-un-promotor-de-la-maldad-y-la-depravacion-al-zawahiri-es-un-degenerado","status":"publish","type":"post","link":"https:\/\/www2.memri.org\/espanol\/antiguo-clerigo-saudita-bin-laden-es-un-promotor-de-la-maldad-y-la-depravacion-al-zawahiri-es-un-degenerado\/2409","title":{"rendered":"Antiguo cl\u00e9rigo saudita: Bin Laden \u00abes un promotor de la maldad y la depravaci\u00f3n\u00bb; Al-Zawahiri es un \u00abdegenerado\u00bb"},"content":{"rendered":"<div class=\"bodytext c1\">\n<p><em>Siguiendo al reciente arresto en Arabia Saudita de 520 terroristas que hab\u00edan planeado ataques a las instalaciones petroleras del pa\u00eds, el diario saudita &#8216;Okaz public\u00f3 una entrevista con el jefe del Concejo Supremo Judicial saudita Jeque Saleh bin Muhammad Al-Luhaidan. En su discusi\u00f3n del terrorismo en Arabia Saudita, el Jeque Al-Luhaidan llam\u00f3 a Al-Qaeda una organizaci\u00f3n criminal que amenaza destruir el pa\u00eds m\u00e1s puro del mundo. Tambi\u00e9n llam\u00f3 a bin Laden promotor de la maldad, y criminales a los miembros de su organizaci\u00f3n. Adem\u00e1s, dijo que para proteger a la juventud de ideas extremistas, hab\u00eda necesidad de un da&#8217;wa verdadero en casa, en las escuelas y en los medios de comunicaci\u00f3n.<\/em><\/p>\n<p><em>A continuaci\u00f3n extractos de la entrevista:<\/em><\/p>\n<p><strong>\u00abCualquiera que coopere con [los terroristas] o responda a sus apelaciones es considerado un criminal\u00bb<\/strong><\/p>\n<p><em><strong>&#8216;Okaz:<\/strong><\/em> \u00abEl Ministerio de Interior ha anunciado el arresto de 520 extremistas, el desmantelando de sus c\u00e9lulas [terroristas], y el cubrimiento de su plan criminal. Cu\u00e1l es su punto de vista de todo esto?\u00bb<\/p>\n<p><strong>Jeque bin Saleh Muhammad Al-Luhaidan:<\/strong> Pueda Al\u00e1 traer el \u00e9xito a los antiguos oficiales del pa\u00eds y al personal de seguridad que emboscaron a estas malvadas y peligrosas c\u00e9lulas [terroristas]. [Estos terroristas] no est\u00e1n interesados en lo bueno de este pa\u00eds, sino buscan da\u00f1arlo. Cualquiera que ame a este reino se alegra que las fuentes del mal han sido [capturadas] y sus c\u00e9lulas erradicadas&hellip;\u00bb<\/p>\n<p><em><strong>&#8216;Okaz:<\/strong><\/em> Cual es la responsabilidad de los residentes e instituciones sociales en la lucha contra estos criminales y sus malvados planes?\u00bb<\/p>\n<p><strong>Jeque Al-Luhaidan:<\/strong> \u00abCualquiera en este pa\u00eds que conoce los complots contra el reino o de alg\u00fan grupo que este planeando un hecho malvado debe informarlo inmediatamente a las autoridades&hellip;\u00bb<\/p>\n<p><em><strong>&#8216;Okaz:<\/strong><\/em> \u00abLas fuerzas de seguridad [sauditas] recientemente [interceptaron] dos mensajes del No. 2 en Al-Qaeda, Ayman Al-Zawahiri, llamando a recolectar fondos [para la organizaci\u00f3n]. Cual es la decisi\u00f3n sobre alguien que responde a esta apelaci\u00f3n, as\u00ed sea haciendo una donaci\u00f3n o d\u00e1ndole a los mensajes una amplia distribuci\u00f3n?\u00bb<\/p>\n<p><strong>Jeque Al-Luhaidan:<\/strong> \u00abEstos degenerados, que no fueron tolerados en sus [propios] pa\u00edses, fueron a Irak y a otros pa\u00edses con el prop\u00f3sito de destruir al reino [saudita]. Yo no conozco ni un solo pa\u00eds en el mundo musulm\u00e1n que haya defendido los intereses de los musulmanes e invertido esfuerzos para ayudar a los musulmanes tanto como el reino [saudita]&hellip; Cualquiera que coopere con \u00e9stos [terroristas] o responda a sus apelaciones es considerado un criminal. Nosotros le pedimos a Al\u00e1 que exponga a cualquiera que busque da\u00f1ar nuestro pa\u00eds o que colabore con los criminales\u00bb.<\/p>\n<p><em><strong>&#8216;Okaz:<\/strong><\/em> \u00abQue, en su opini\u00f3n, lleva a un joven saudita a viajar a Irak o a cualquier otra regi\u00f3n inestable [para] volarse a si mismo, o [entrenarse] y luego y regresar a Arabia Saudita para llevar a cabo operaciones terroristas?\u00bb<\/p>\n<p><strong>Jeque Al-Luhaidan:<\/strong> \u00abGente joven como \u00e9stos tambi\u00e9n fueron enga\u00f1ados por la primera rebeli\u00f3n Khawarij. <a href=\"#_edn1\" name=\"_ednref1\">[1]<\/a> Fueron j\u00f3venes impetuosos que mataron a creyentes pero mostraron indulgencia hacia los polite\u00edstas. Aqu\u00e9llos que viajan al extranjero con la intenci\u00f3n de da\u00f1ar al Reino y a su pueblo y atacan su econom\u00eda no son menos malvados que los Khawarij que [amenazaron] a la naci\u00f3n isl\u00e1mica al principio de su historia\u00bb.<\/p>\n<p><em><strong>&#8216;Okaz:<\/strong><\/em> \u00abCual es el estatus de uno que planea ataques terroristas en las instalaciones petroleras y combate a las fuerzas de seguridad?\u00bb<\/p>\n<p><strong>Jeque Al-Luhaidan:<\/strong> \u00abCombatir a cualquiera ilegalmente es un crimen. C\u00f3mo puede uno combatir a aqu\u00e9llos que realizan un deber que beneficia a todos, [como] el proveer seguridad?&#8230; Ese es uno de los cr\u00edmenes m\u00e1s severos que existen\u00bb.<\/p>\n<p><strong>\u00abEl verdadero Da&#8217;wa\u00bb mantendr\u00e1 alejada a la juventud de da\u00f1ar al pueblo<\/strong><\/p>\n<p><em><strong>&#8216;Okaz:<\/strong><\/em> \u00abC\u00f3mo pueden los j\u00f3venes y adolescentes ser protegidos contra las ideas del <em>takfir<\/em> y [terrorismo]?\u00bb<\/p>\n<p><strong>Jeque Al-Luhaidan:<\/strong> \u00abEsto requiere del verdadero <em>da&#8217;wa<\/em> en casa, en la escuela y en los medios de comunicaci\u00f3n, y [medidas] prudentes para [mantenerlos] alejados de lo que es perjudicial al p\u00fablico. Muchas cosas que la religi\u00f3n considera malvada o infame son esparcidos por los medios de comunicaci\u00f3n para da\u00f1ar a la juventud. [Cuando los j\u00f3venes est\u00e1n as\u00ed de corrompidos por los medios de comunicaci\u00f3n, [incitadores] inocuos est\u00e1n ah\u00ed para hacerlos vacilar, as\u00ed como lo han hecho antes\u00bb.<\/p>\n<p><em><strong>&#8216;Okaz:<\/strong><\/em> \u00abQue hay sobre la Internet, a trav\u00e9s del cual los j\u00f3venes acceden a sitios dudosos, y como resultado son propulsados gradualmente hacia el pantano del terrorismo y a la perdici\u00f3n? \u00ab<\/p>\n<p><strong>Jeque Al-Luhaidan:<\/strong> \u00abSi los j\u00f3venes no son inmunes, estar\u00e1n yendo por el mal camino. La inmunidad se inculca a trav\u00e9s de la educaci\u00f3n y la vigilancia en el hogar, d\u00f3nde [las actividades de los ni\u00f1os] deber\u00edan ser supervisados muy de cerca&hellip;\u00bb<\/p>\n<p><em><strong>&#8216;Okaz:<\/strong><\/em> \u00abQue me dice sobre cualquiera que pertenezca a Al-Qaeda, encabezado por Osama bin Laden?\u00bb<\/p>\n<p><strong>Jeque Al-Luhaidan:<\/strong> \u00abEse hombre [e.d. bin Laden] &#8211; sus acciones hablan por \u00e9l. \u00c9l no es el que dirige a una persona hacia el camino correcto. De hecho, es un promotor de la maldad y la depravaci\u00f3n, y cualquiera que le siga, sigue a la depravaci\u00f3n. Si vemos a un hombre llamar a una rebeli\u00f3n mientras se prepara para sus rezos nocturnos, lo denunciar\u00edamos como un delincuente in\u00fatil que desaf\u00eda las leyes de Al\u00e1. Cu\u00e1nto m\u00e1s as\u00ed, si estuviera incitando a otros a destruir al pa\u00eds m\u00e1s puro del mundo &#8211; un pa\u00eds que es indudablemente el mejor en la tierra &#8211; e.d. el Reino Saudita. Sin duda, cualquiera que llama a destruirlo, minar su seguridad, da\u00f1ar sus instalaciones y centros econ\u00f3micos, y qui\u00e9n incita al p\u00fablico contra este &#8211; tal persona es un criminal, como lo son [todos] los miembros de Al-Qaeda. Cualquiera que este asociado con [esta organizaci\u00f3n] debe ser castigado\u00bb. <a href=\"#_edn2\" name=\"_ednref2\">[2]<\/a><\/p>\n<\/div>\n<hr noshade=\"noshade\" \/><!-- footnotes --><\/p>\n<div class=\"bodynews c2\">\n<p><a href=\"#_ednref1\" name=\"_edn1\">[1]<\/a> Los Khawarij fueron un grupo que se separ\u00f3 de las fuerzas del Cuarto Califa &#8216;Ali Ibn Abu-Talib durante la batalla de Siffin en el 657 B.C.E., y son considerados la primera oposici\u00f3n musulmana dentro del Islam. Donde, este t\u00e9rmino es usado como una etiqueta derogatoria para un grupo exponente.<\/p>\n<p><a href=\"#_ednref2\" name=\"_edn2\">[2]<\/a> <em>&#8216;Okaz<\/em> (Arabia Saudita), 9 de julio, 2008.<\/p>\n<\/div>\n","protected":false},"excerpt":{"rendered":"<p>Siguiendo al reciente arresto en Arabia Saudita de 520 terroristas que hab\u00edan planeado ataques a las instalaciones petroleras del pa\u00eds, el diario saudita &#8216;Okaz public\u00f3 una entrevista con el jefe del Concejo Supremo Judicial saudita Jeque Saleh bin Muhammad Al-Luhaidan. En su discusi\u00f3n del terrorismo en Arabia Saudita, el Jeque Al-Luhaidan llam\u00f3 a Al-Qaeda una [&hellip;]<\/p>\n","protected":false},"author":1,"featured_media":0,"comment_status":"open","ping_status":"open","sticky":false,"template":"","format":"standard","meta":{"footnotes":""},"categories":[6,25],"tags":[],"class_list":["post-2409","post","type-post","status-publish","format-standard","hentry","category-comunicados-especiales","category-arabia-saudita"],"_links":{"self":[{"href":"https:\/\/www2.memri.org\/espanol\/wp-json\/wp\/v2\/posts\/2409","targetHints":{"allow":["GET"]}}],"collection":[{"href":"https:\/\/www2.memri.org\/espanol\/wp-json\/wp\/v2\/posts"}],"about":[{"href":"https:\/\/www2.memri.org\/espanol\/wp-json\/wp\/v2\/types\/post"}],"author":[{"embeddable":true,"href":"https:\/\/www2.memri.org\/espanol\/wp-json\/wp\/v2\/users\/1"}],"replies":[{"embeddable":true,"href":"https:\/\/www2.memri.org\/espanol\/wp-json\/wp\/v2\/comments?post=2409"}],"version-history":[{"count":0,"href":"https:\/\/www2.memri.org\/espanol\/wp-json\/wp\/v2\/posts\/2409\/revisions"}],"wp:attachment":[{"href":"https:\/\/www2.memri.org\/espanol\/wp-json\/wp\/v2\/media?parent=2409"}],"wp:term":[{"taxonomy":"category","embeddable":true,"href":"https:\/\/www2.memri.org\/espanol\/wp-json\/wp\/v2\/categories?post=2409"},{"taxonomy":"post_tag","embeddable":true,"href":"https:\/\/www2.memri.org\/espanol\/wp-json\/wp\/v2\/tags?post=2409"}],"curies":[{"name":"wp","href":"https:\/\/api.w.org\/{rel}","templated":true}]}}