{"id":2371,"date":"2008-06-30T00:00:00","date_gmt":"2008-06-30T00:00:00","guid":{"rendered":"http:\/\/www2.memri.org\/espanol\/2008\/06\/30\/justificacion-de-al-qaeda-por-sus-dificultades-en-irak-un-analisis-estadistico-de-informes-sobre-los-logro-del-eii\/"},"modified":"2008-06-30T00:00:00","modified_gmt":"2008-06-30T00:00:00","slug":"justificacion-de-al-qaeda-por-sus-dificultades-en-irak-un-analisis-estadistico-de-informes-sobre-los-logro-del-eii","status":"publish","type":"post","link":"https:\/\/www2.memri.org\/espanol\/justificacion-de-al-qaeda-por-sus-dificultades-en-irak-un-analisis-estadistico-de-informes-sobre-los-logro-del-eii\/2371","title":{"rendered":"Justificaci\u00f3n de Al-Qaeda por sus dificultades en Irak: Un an\u00e1lisis estad\u00edstico de informes sobre los logro del EII"},"content":{"rendered":"<div class=\"bodytext c1\">\n<p><strong>Introducci\u00f3n<\/strong><\/p>\n<p>Seg\u00fan informes de funcionarios americanos sobre el n\u00famero de muertos en Irak, desde septiembre del 2007 ha habido una ca\u00edda significativa en bajas entre las tropas de los Estados Unidos, y las fuerzas de seguridad iraqu\u00edes, as\u00ed como tambi\u00e9n entre civiles iraqu\u00edes. Por ejemplo, el n\u00famero de civiles iraqu\u00edes muertos a lo largo del pa\u00eds en septiembre del 2007 cay\u00f3 en un 50 por ciento comparado al promedio de muertes en los meses anteriores, <a href=\"#_edn1\" name=\"_ednref1\">[1]<\/a> y en mayo del 2008, el n\u00famero de muertos reportado entre las tropas norteamericanas en Irak fue el m\u00e1s bajo en meses. <a href=\"#_edn2\" name=\"_ednref2\">[2]<\/a> Esta ca\u00edda en las bajas indica un declive en las habilidades y efectividad de Al-Qaeda en Irak.<\/p>\n<p>Para leer el despacho en su totalidad, visite <a href=\"http:\/\/www.memrijttm.org\/content\/en\/report.htm?report=2722\">http:\/\/www.memrijttm.org\/content\/en\/report.htm?report=2722<\/a>.<\/p>\n<p><em>* El Dr. Alshech es el director del Proyecto de Estudios del Jihad y Terrorismo en MEMRI.<\/em><\/p>\n<\/div>\n<hr noshade=\"noshade\" \/><!-- footnotes --><\/p>\n<div class=\"bodynews c2\">\n<p><a href=\"#_ednref1\" name=\"_edn1\">[1]<\/a> <a href=\"http:\/\/www.boston.com\/news\/world\/middleeast\/articles\/2007\/10\/02\/iraqi_deaths_fell_by_50_last_month\">http:\/\/www.boston.com\/news\/world\/middleeast\/articles\/2007\/10\/02\/iraqi_deaths_fell_by_50_last_month<\/a><\/p>\n<p><a href=\"#_ednref2\" name=\"_edn2\">[2]<\/a> Por ejemplo, los archivos del Pent\u00e1gono indican que en mayo del 2008, 11 tropas americanas fueron muertas por los IEDs, comparado con 92 de tales muertes en mayo del 2007 (<a href=\"http:\/\/www.usatoday.com\/news\/world\/iraq\/2008-05-29-iraq_N.htm\">http:\/\/www.usatoday.com\/news\/world\/iraq\/2008-05-29-iraq_N.htm<\/a> ).<\/p>\n<\/div>\n","protected":false},"excerpt":{"rendered":"<p>Introducci\u00f3n Seg\u00fan informes de funcionarios americanos sobre el n\u00famero de muertos en Irak, desde septiembre del 2007 ha habido una ca\u00edda significativa en bajas entre las tropas de los Estados Unidos, y las fuerzas de seguridad iraqu\u00edes, as\u00ed como tambi\u00e9n entre civiles iraqu\u00edes. Por ejemplo, el n\u00famero de civiles iraqu\u00edes muertos a lo largo del [&hellip;]<\/p>\n","protected":false},"author":19,"featured_media":0,"comment_status":"open","ping_status":"open","sticky":false,"template":"","format":"standard","meta":{"footnotes":""},"categories":[5,10],"tags":[],"class_list":["post-2371","post","type-post","status-publish","format-standard","hentry","category-analisis-e-investigacion","category-estudios-sobre-terrorismo-y-yihad"],"_links":{"self":[{"href":"https:\/\/www2.memri.org\/espanol\/wp-json\/wp\/v2\/posts\/2371","targetHints":{"allow":["GET"]}}],"collection":[{"href":"https:\/\/www2.memri.org\/espanol\/wp-json\/wp\/v2\/posts"}],"about":[{"href":"https:\/\/www2.memri.org\/espanol\/wp-json\/wp\/v2\/types\/post"}],"author":[{"embeddable":true,"href":"https:\/\/www2.memri.org\/espanol\/wp-json\/wp\/v2\/users\/19"}],"replies":[{"embeddable":true,"href":"https:\/\/www2.memri.org\/espanol\/wp-json\/wp\/v2\/comments?post=2371"}],"version-history":[{"count":0,"href":"https:\/\/www2.memri.org\/espanol\/wp-json\/wp\/v2\/posts\/2371\/revisions"}],"wp:attachment":[{"href":"https:\/\/www2.memri.org\/espanol\/wp-json\/wp\/v2\/media?parent=2371"}],"wp:term":[{"taxonomy":"category","embeddable":true,"href":"https:\/\/www2.memri.org\/espanol\/wp-json\/wp\/v2\/categories?post=2371"},{"taxonomy":"post_tag","embeddable":true,"href":"https:\/\/www2.memri.org\/espanol\/wp-json\/wp\/v2\/tags?post=2371"}],"curies":[{"name":"wp","href":"https:\/\/api.w.org\/{rel}","templated":true}]}}