{"id":2336,"date":"2008-06-17T00:00:00","date_gmt":"2008-06-17T00:00:00","guid":{"rendered":"http:\/\/www2.memri.org\/espanol\/2008\/06\/17\/prohibida-en-argelia-edicion-de-semanario-popular-debido-a-articulo-sobre-revuelta-berebere-del-2001\/"},"modified":"2016-01-14T16:03:28","modified_gmt":"2016-01-14T16:03:28","slug":"prohibida-en-argelia-edicion-de-semanario-popular-debido-a-articulo-sobre-revuelta-berebere-del-2001","status":"publish","type":"post","link":"https:\/\/www2.memri.org\/espanol\/prohibida-en-argelia-edicion-de-semanario-popular-debido-a-articulo-sobre-revuelta-berebere-del-2001\/2336","title":{"rendered":"Prohibida en Argelia edici\u00f3n de semanario popular &#8211; debido a art\u00edculo sobre revuelta berebere del 2001"},"content":{"rendered":"<div class=\"bodytext c2\">\n<p><em>El 9 de mayo del 2008, el diario en l\u00ednea argelino Le Matin reprodujo un reportaje de prensa por Reporteros sin Fronteras declarando que el gobierno argelino se hab\u00eda negado a permitirle a la popular revista semanal pan-africana Jeune Afrique vender su edici\u00f3n del 4 de mayo, 2008 en Argelia. Mientras el gobierno no ofreci\u00f3 ninguna explicaci\u00f3n por la acci\u00f3n, Reporteros sin Fronteras dijo que el art\u00edculo el cual el gobierno encontr\u00f3 ofensivo fue Farid Alilat \u00abLe grad malaise\u00bb (\u00abEl Gran Malestar\u00bb) que trat\u00f3 con la muerte, por la polic\u00eda, de 126 manifestantes civiles ber\u00e9beres en la regi\u00f3n de Kabylia en el a\u00f1o 2001 &#8211; eventos colectivamente conocidos como<\/em> <em>la Primavera Negra.<\/em> <em>Las protestas de Primavera Negra fueron encendidas por la muerte de una estudiante de la escuela secundaria Massinissa Guermah por la polic\u00eda; el desasosiego r\u00e1pidamente se esparci\u00f3 a lo largo de Kabylia, con manifestantes exigiendo responsabilidad policial, reconocimiento oficial al idioma berebere (Tamazight), y derechos civiles.<\/em><\/p>\n<p><em>En respuesta a la prohibici\u00f3n, Jeune Afrique public\u00f3 el art\u00edculo en la secci\u00f3n libre de su portal. A continuaci\u00f3n los extractos: <a href=\"#_edn1\" name=\"_ednref1\">[1]<\/a><\/em><\/p>\n<p class=\"c1\"><img loading=\"lazy\" decoding=\"async\" class=\"alignnone size-full wp-image-15723\" src=\"http:\/\/www2.memri.org\/espanol\/wp-content\/uploads\/2016\/01\/sd_196308_1.jpg\" width=\"347\" height=\"259\" srcset=\"https:\/\/www2.memri.org\/espanol\/wp-content\/uploads\/2016\/01\/sd_196308_1.jpg 347w, https:\/\/www2.memri.org\/espanol\/wp-content\/uploads\/2016\/01\/sd_196308_1-300x224.jpg 300w, https:\/\/www2.memri.org\/espanol\/wp-content\/uploads\/2016\/01\/sd_196308_1-80x60.jpg 80w, https:\/\/www2.memri.org\/espanol\/wp-content\/uploads\/2016\/01\/sd_196308_1-265x198.jpg 265w\" sizes=\"auto, (max-width: 347px) 100vw, 347px\" \/><\/p>\n<p>\u00abEnvuelta en su vestimenta tradicional Kabyle, su rostro lleno de arrugas, sus ojos rojos por haber lamentado por tanto tiempo la p\u00e9rdida de su hijo, se aferra a su fotograf\u00eda en su pecho. [Su marido], su rostro tambi\u00e9n muestra las marcas del tiempo, su cuerpo tan seco como un olivo enflaquecido viejo, tiene una mirada vac\u00eda en su rostro.<\/p>\n<p>\u00abPara Djohra y Ahcene, y para toda la familia Irchene, la vida detuvo su curso el viernes, 27 de abril del 2001, a exactamente 3:30 PM. Ese d\u00eda, su hijo Kamel, 27, qui\u00e9n estaba protestando junto a cien o m\u00e1s j\u00f3venes delante de la estaci\u00f3n policial Azazga, 35 kil\u00f3metros al este de Tizi Ouzo, fue golpeado por dos balas, una en el t\u00f3rax y la otra en su brazo izquierdo.<\/p>\n<p>\u00abUn poco antes de sucumbir a sus heridas, Kamel encontr\u00f3 tiempo para escribir la palabra &#8216;libertad&#8217; con su propia sangre en la pared gris de un caf\u00e9 del pueblo. Ahora cubierto con plexigl\u00e1s, el graffiti se ha convertido desde ese d\u00eda en el s\u00edmbolo de la revuelta que Kabylia fijo en llamas en la primavera del 2001.<\/p>\n<p>\u00abLa familia Irchene todav\u00eda est\u00e1 buscando respuestas a sus preguntas. \u00bfQui\u00e9n mat\u00f3 a Kamel? \u00bfD\u00f3nde est\u00e1 su asesino? \u00bfPor qu\u00e9 el sistema judicial est\u00e1 esperando para tratar con el caso que ha estado engavetado en el escritorio del juez preliminar en Azazga?<\/p>\n<p>\u00abAhmed, un hermano, dijo: &#8216;Desde ese viernes presagioso, nos negamos a hacer luto por \u00e9l [pasivamente]. C\u00f3mo pueden nuestros corazones estar calmados cu\u00e1ndo sabemos que su asesino est\u00e1 libre? Las autoridades nos dieron dinero e incluso nos ofrecieron trabajo. Ellos no saben que s\u00f3lo la justicia puede disminuir nuestro dolor?\u00bb<\/p>\n<p>\u00abSiete a\u00f1os despu\u00e9s de las protestas que ahogaron la regi\u00f3n en fuego y sangre y cost\u00f3 las vidas de 126 personas, las familias todav\u00eda exigen justicia por sus muertos. Con la excepci\u00f3n del asesino de Massinissa Guermah, muerto el 18 de abril, 2001 en la estaci\u00f3n policial en Beni Douala [e.d. Ath Douala], ning\u00fan sospechoso de entre las fuerzas de seguridad se le ha dado causa por preocupaci\u00f3n. Cierto, algunos polic\u00eda fueron relevados de sus deberes, y otros fueron transferidos. No obstante, dice Belaid Abrika, portavoz de los Archs (comit\u00e9s del pueblo y la ciudad y que representan a la poblaci\u00f3n), <a href=\"#_edn2\" name=\"_ednref2\">[2]<\/a> el estado asumi\u00f3 un compromiso formal para verter luz en estos tr\u00e1gicos eventos:<\/p>\n<p>\u00ab&#8216;No existe falta de evidencia y de testimonio con el cual confrontarlos&#8217;, dijo. &#8216;Hemos identificado a 20 asesinos formalmente. Testigos e individuos heridos aparecieron ante el juez preliminar para dar los nombres y las descripciones f\u00edsicas de los polic\u00edas quienes abrieron fuego. Pero hasta el momento no han sido confrontados con [esta evidencia]. Por qu\u00e9?&#8217;<\/p>\n<p>\u00abNo existe ning\u00fan mandato de la ley&#8217;, Ahmed Irchene responde. &#8216;Nuestra convicci\u00f3n interna es que ellos no quieren juzgar a los asesinos&#8217;. El luto, la impunidad, el sentimiento de injusticia &#8211; siete a\u00f1os despu\u00e9s, la memoria del Kabyles [de los eventos] todav\u00eda est\u00e1 muy cruda.<\/p>\n<p>\u00abEn papel, la crisis ha sido establecida. Oficialmente, finaliz\u00f3 cuando los Archs y el gobierno, entonces encabezados por Ahmed Ouyahia, firmaron el acuerdo protocolar bajo el cual el estado emprendi\u00f3 satisfacer todas las demandas en la Plataforma El-Kseur &#8211; en particular, aqu\u00e9llos relacionados a conceder el estatus oficial a Tamazight [el idioma berebere], la persecuciones de aquellos responsable por los asesinatos, el pago de indemnizaciones a las familias, y el conceder del estatus de &#8216;m\u00e1rtir&#8217; a las v\u00edctimas de la represi\u00f3n. <a href=\"#_edn3\" name=\"_ednref3\">[3]<\/a> M\u00e1s de tres a\u00f1os despu\u00e9s de la firma de este famoso acuerdo, los resultados han sido escasos&#8230;\u00bb<\/p>\n<\/p>\n<\/div>\n<hr noshade=\"noshade\" \/><!-- footnotes --><\/p>\n<div class=\"bodynews c3\">\n<p><a href=\"#_ednref1\" name=\"_edn1\">[1]<\/a> <a href=\"http:\/\/www.lematindz.net\/\">www.lematindz.net<\/a>, 9 de mayo, 2007; <a href=\"http:\/\/www.jeuneafrique.com\/\">www.jeuneafrique.com<\/a>, 4 de mayo, 2008; imagen: <a href=\"http:\/\/www.makabylie.info\/?article416\">www.makabylie.info\/?article416<\/a>.<\/p>\n<p><a href=\"#_ednref2\" name=\"_edn2\">[2]<\/a> Durante una declaraci\u00f3n de septiembre 2006 de Archs, v\u00e9ase MEMRI Despacho Especial No. 1308, \u00abDisidentes Argelinos Ber\u00e9beres Promueven Programas para el Secularismo y la Democracia en Argelia\u00bb, 6 de octubre, 2006, <a href=\"http:\/\/www2.memri.org\/bin\/espanol\/articulos.cgi?Page=archives&amp;Area=sd&amp;ID=SP130806\">http:\/\/www2.memri.org\/bin\/espanol\/articulos.cgi?Page=archives&amp;Area=sd&amp;ID=SP130806<\/a>.<\/p>\n<p><a href=\"#_ednref3\" name=\"_edn3\">[3]<\/a> En el lenguaje argelino oficial, &#8216;m\u00e1rtir&#8217; (<em>shahid<\/em>) normalmente se refiere a aqu\u00e9llos muertos en la guerra de independencia, y m\u00e1s generalmente a cualquiera muerto en acci\u00f3n. Las familias de m\u00e1rtires oficialmente reconocidos reciben beneficios del gobierno.<\/p>\n<\/div>\n","protected":false},"excerpt":{"rendered":"<p>El 9 de mayo del 2008, el diario en l\u00ednea argelino Le Matin reprodujo un reportaje de prensa por Reporteros sin Fronteras declarando que el gobierno argelino se hab\u00eda negado a permitirle a la popular revista semanal pan-africana Jeune Afrique vender su edici\u00f3n del 4 de mayo, 2008 en Argelia. Mientras el gobierno no ofreci\u00f3 [&hellip;]<\/p>\n","protected":false},"author":1,"featured_media":15723,"comment_status":"open","ping_status":"open","sticky":false,"template":"","format":"standard","meta":{"footnotes":""},"categories":[6,12],"tags":[],"class_list":["post-2336","post","type-post","status-publish","format-standard","has-post-thumbnail","hentry","category-comunicados-especiales","category-reforma-en-el-mundo-arabe-y-musulman"],"_links":{"self":[{"href":"https:\/\/www2.memri.org\/espanol\/wp-json\/wp\/v2\/posts\/2336","targetHints":{"allow":["GET"]}}],"collection":[{"href":"https:\/\/www2.memri.org\/espanol\/wp-json\/wp\/v2\/posts"}],"about":[{"href":"https:\/\/www2.memri.org\/espanol\/wp-json\/wp\/v2\/types\/post"}],"author":[{"embeddable":true,"href":"https:\/\/www2.memri.org\/espanol\/wp-json\/wp\/v2\/users\/1"}],"replies":[{"embeddable":true,"href":"https:\/\/www2.memri.org\/espanol\/wp-json\/wp\/v2\/comments?post=2336"}],"version-history":[{"count":0,"href":"https:\/\/www2.memri.org\/espanol\/wp-json\/wp\/v2\/posts\/2336\/revisions"}],"wp:featuredmedia":[{"embeddable":true,"href":"https:\/\/www2.memri.org\/espanol\/wp-json\/wp\/v2\/media\/15723"}],"wp:attachment":[{"href":"https:\/\/www2.memri.org\/espanol\/wp-json\/wp\/v2\/media?parent=2336"}],"wp:term":[{"taxonomy":"category","embeddable":true,"href":"https:\/\/www2.memri.org\/espanol\/wp-json\/wp\/v2\/categories?post=2336"},{"taxonomy":"post_tag","embeddable":true,"href":"https:\/\/www2.memri.org\/espanol\/wp-json\/wp\/v2\/tags?post=2336"}],"curies":[{"name":"wp","href":"https:\/\/api.w.org\/{rel}","templated":true}]}}