{"id":2314,"date":"2008-06-04T00:00:00","date_gmt":"2008-06-04T00:00:00","guid":{"rendered":"http:\/\/www2.memri.org\/espanol\/2008\/06\/04\/presidente-irani-ahmadinejad-la-cuenta-regresiva-para-la-caida-del-poder-demoniaco-de-america-ha-comenzado-este-germen-de-corrupcion-israel-sera-borrado-de-la-faz-de-la-tierra\/"},"modified":"2016-01-14T16:03:31","modified_gmt":"2016-01-14T16:03:31","slug":"presidente-irani-ahmadinejad-la-cuenta-regresiva-para-la-caida-del-poder-demoniaco-de-america-ha-comenzado-este-germen-de-corrupcion-israel-sera-borrado-de-la-faz-de-la-tierra","status":"publish","type":"post","link":"https:\/\/www2.memri.org\/espanol\/presidente-irani-ahmadinejad-la-cuenta-regresiva-para-la-caida-del-poder-demoniaco-de-america-ha-comenzado-este-germen-de-corrupcion-israel-sera-borrado-de-la-faz-de-la-tierra\/2314","title":{"rendered":"Presidente iran\u00ed Ahmadinejad: \u00abLa cuenta regresiva para la ca\u00edda del poder demon\u00edaco de Am\u00e9rica ha comenzado\u00bb; \u00abEste germen de corrupci\u00f3n [Israel] ser\u00e1 borrado de la faz de la tierra\u00bb"},"content":{"rendered":"<div class=\"bodytext c1\"><!--Document Body --><\/p>\n<div class=\"bodytext c1\">\n<p><em>A continuaci\u00f3n extractos de una alocuci\u00f3n p\u00fablica del Presidente iran\u00ed Mahmoud Ahmadinejad que fue presentada en el canal de noticias iran\u00ed IRINN TV el 2 de junio, 2008.<\/em><\/p>\n<p><em>Para ver este clip de video, visite <a href=\"http:\/\/www.memritv.org\/clip\/en\/1784.htm\">http:\/\/www.memritv.org\/clip\/en\/1784.htm<\/a>.<\/p>\n<p><\/em> <em>Para ver la p\u00e1gina del Presidente iran\u00ed Mahmoud Ahmadinejad en MEMRI TV, visite:<br \/><a href=\"http:\/\/www.memritv.org\/subject\/en\/358.htm\">http:\/\/www.memritv.org\/subject\/en\/358.htm<\/a>.<\/em><\/p>\n<p><strong>Mahmoud Ahmadinejad:<\/strong> \u00abNuestro querido Imam [Khomeini], usted orden\u00f3 que los arrogantes [poderes] del mundo deben ser destruidos. Usted orden\u00f3 que el gobierno global de la hegemon\u00eda debe ser removido. Me gustar\u00eda decir que gracias a su presencia iluminada, gracias a su gu\u00eda, gracias a sus ardientes y divinas palabras, gracias a la persistencia de su mandato de iluminaci\u00f3n, y gracias a la constancia del pueblo iran\u00ed, hoy, los crueles y arrogantes [poderes] han alcanzado una total encrucijada, y gracias a Dios, la cuenta regresiva para la ca\u00edda del poder demon\u00edaco de Am\u00e9rica ha comenzado\u00bb.<\/p>\n<p><img loading=\"lazy\" decoding=\"async\" class=\"alignnone size-full wp-image-15734\" src=\"http:\/\/www2.memri.org\/espanol\/wp-content\/uploads\/2016\/01\/sd_194808_1.jpg\" width=\"283\" height=\"206\" \/><\/p>\n<p>[&#8230;]<\/p>\n<p><strong>Multitud:<\/strong> \u00abMuerte a Am\u00e9rica [ocho veces]\u00bb.<\/p>\n<p><img loading=\"lazy\" decoding=\"async\" class=\"alignnone size-full wp-image-15739\" src=\"http:\/\/www2.memri.org\/espanol\/wp-content\/uploads\/2016\/01\/sd_194808_2.jpg\" width=\"276\" height=\"202\" srcset=\"https:\/\/www2.memri.org\/espanol\/wp-content\/uploads\/2016\/01\/sd_194808_2.jpg 276w, https:\/\/www2.memri.org\/espanol\/wp-content\/uploads\/2016\/01\/sd_194808_2-80x60.jpg 80w\" sizes=\"auto, (max-width: 276px) 100vw, 276px\" \/><\/p>\n<p>[&#8230;]<\/p>\n<p><strong>Ahmadinejad:<\/strong> \u00abEl r\u00e9gimen sionista ha perdido su raison d&#8217;\u00eatre (raz\u00f3n de ser). Hoy, los palestinos se identifican con tu nombre [Khomeini], tu memoria, y con tu camino. Ellos caminan en tu sendero iluminado, y el r\u00e9gimen sionista ha llegado a una encrucijada total. Gracias a Dios, tu deseo ser\u00e1 pronto realizado, y este germen de corrupci\u00f3n ser\u00e1 barrido de la faz de este mundo\u00bb.<\/p>\n<p><img loading=\"lazy\" decoding=\"async\" class=\"alignnone size-full wp-image-15744\" src=\"http:\/\/www2.memri.org\/espanol\/wp-content\/uploads\/2016\/01\/sd_194808_3.jpg\" width=\"276\" height=\"202\" srcset=\"https:\/\/www2.memri.org\/espanol\/wp-content\/uploads\/2016\/01\/sd_194808_3.jpg 276w, https:\/\/www2.memri.org\/espanol\/wp-content\/uploads\/2016\/01\/sd_194808_3-80x60.jpg 80w\" sizes=\"auto, (max-width: 276px) 100vw, 276px\" \/><\/p>\n<\/div>\n<\/div>\n","protected":false},"excerpt":{"rendered":"<p>A continuaci\u00f3n extractos de una alocuci\u00f3n p\u00fablica del Presidente iran\u00ed Mahmoud Ahmadinejad que fue presentada en el canal de noticias iran\u00ed IRINN TV el 2 de junio, 2008. Para ver este clip de video, visite http:\/\/www.memritv.org\/clip\/en\/1784.htm. Para ver la p\u00e1gina del Presidente iran\u00ed Mahmoud Ahmadinejad en MEMRI TV, visite:http:\/\/www.memritv.org\/subject\/en\/358.htm. Mahmoud Ahmadinejad: \u00abNuestro querido Imam [Khomeini], [&hellip;]<\/p>\n","protected":false},"author":1,"featured_media":15734,"comment_status":"open","ping_status":"open","sticky":false,"template":"","format":"standard","meta":{"footnotes":""},"categories":[10,6,20],"tags":[],"class_list":["post-2314","post","type-post","status-publish","format-standard","has-post-thumbnail","hentry","category-estudios-sobre-terrorismo-y-yihad","category-comunicados-especiales","category-iran"],"_links":{"self":[{"href":"https:\/\/www2.memri.org\/espanol\/wp-json\/wp\/v2\/posts\/2314","targetHints":{"allow":["GET"]}}],"collection":[{"href":"https:\/\/www2.memri.org\/espanol\/wp-json\/wp\/v2\/posts"}],"about":[{"href":"https:\/\/www2.memri.org\/espanol\/wp-json\/wp\/v2\/types\/post"}],"author":[{"embeddable":true,"href":"https:\/\/www2.memri.org\/espanol\/wp-json\/wp\/v2\/users\/1"}],"replies":[{"embeddable":true,"href":"https:\/\/www2.memri.org\/espanol\/wp-json\/wp\/v2\/comments?post=2314"}],"version-history":[{"count":0,"href":"https:\/\/www2.memri.org\/espanol\/wp-json\/wp\/v2\/posts\/2314\/revisions"}],"wp:featuredmedia":[{"embeddable":true,"href":"https:\/\/www2.memri.org\/espanol\/wp-json\/wp\/v2\/media\/15734"}],"wp:attachment":[{"href":"https:\/\/www2.memri.org\/espanol\/wp-json\/wp\/v2\/media?parent=2314"}],"wp:term":[{"taxonomy":"category","embeddable":true,"href":"https:\/\/www2.memri.org\/espanol\/wp-json\/wp\/v2\/categories?post=2314"},{"taxonomy":"post_tag","embeddable":true,"href":"https:\/\/www2.memri.org\/espanol\/wp-json\/wp\/v2\/tags?post=2314"}],"curies":[{"name":"wp","href":"https:\/\/api.w.org\/{rel}","templated":true}]}}