{"id":2307,"date":"2008-06-03T00:00:00","date_gmt":"2008-06-03T00:00:00","guid":{"rendered":"http:\/\/www2.memri.org\/espanol\/2008\/06\/03\/el-partido-islamico-de-turkestan-oriental-e-d-la-region-autonoma-de-xinjiang-uyghur-en-turkestan-china-publica-su-plataforma-en-un-foro-islamista\/"},"modified":"2016-01-14T16:03:31","modified_gmt":"2016-01-14T16:03:31","slug":"el-partido-islamico-de-turkestan-oriental-e-d-la-region-autonoma-de-xinjiang-uyghur-en-turkestan-china-publica-su-plataforma-en-un-foro-islamista","status":"publish","type":"post","link":"https:\/\/www2.memri.org\/espanol\/el-partido-islamico-de-turkestan-oriental-e-d-la-region-autonoma-de-xinjiang-uyghur-en-turkestan-china-publica-su-plataforma-en-un-foro-islamista\/2307","title":{"rendered":"\u00abEl Partido Isl\u00e1mico de Turkest\u00e1n Oriental\u00bb [e.d. la regi\u00f3n aut\u00f3noma de Xinjiang Uyghur, en Turkest\u00e1n China] publica su plataforma en un foro islamista"},"content":{"rendered":"<div class=\"bodytext bodytext c2\">\n<p><em>\u00abEl Partido Isl\u00e1mico de Turkest\u00e1n Oriental\u00bb es un grupo jihadista que opera en<\/em> <em>la Regi\u00f3n Aut\u00f3noma<\/em> <em>Xinjiang Uyghur (tambi\u00e9n conocida como Turkest\u00e1n China o Uyghurist\u00e1n), una regi\u00f3n en China al noroeste habitada principalmente por musulmanes.<\/em><\/p>\n<p><em>El 21 de mayo del 2008, el foro islamista Al-Ikhlas (que tiene como servidor a Piradius.net en Malasia) public\u00f3 la plataforma del partido, tal como fue emitido por su departamento de medi\u00e1tico. El documento conforma las metas y creencias del partido.<\/em><\/p>\n<p><em>Lo siguiente son extractos del documento de la plataforma<\/em>:<\/p>\n<p>\u00abSomos un grupo que promueve el jihad por la causa de Al\u00e1&#8230; Sus miembros, [unidos en] el monote\u00edsmo, la devoci\u00f3n, piedad, y el jihad por la causa de Al\u00e1, apuntan a liberar al musulm\u00e1n de Turkest\u00e1n Oriental de la ocupaci\u00f3n de la China comunista ap\u00f3stata&#8230; e imponer la [ley] del <em>shari&#8217;a<\/em> en [esta regi\u00f3n]. Cooperando con los <em>mujahideen<\/em> musulmanes a lo largo del mundo isl\u00e1mico [apuntamos a] restaurar el Califato Isl\u00e1mico e imponer el <em>shari&#8217;a<\/em> a trav\u00e9s del mundo\u00bb.<\/p>\n<p><strong>\u00abNuestras metas son:<\/strong><\/p>\n<p>\u00abEntrenar a la juventud turkestani musulmana a emprender el jihad&#8230;\u00bb<\/p>\n<p>\u00abPreparar a las masas musulmanas turkestanis [para el jihad] y regresarlos al camino correcto [e.d. al credo salafi]&#8230;\u00bb<\/p>\n<p>\u00abCooperar con todos los grupos que emprenden el jihad por la causa de Al\u00e1 a lo largo del mundo, con el prop\u00f3sito de rechazar los ataques de las apostatas&#8230; y arrojar fuera a los cruzados, sionistas y apostatas de nuestro mundo isl\u00e1mico&#8230;\u00bb<\/p>\n<p><strong>\u00abPrincipios:<\/strong><\/p>\n<p>\u00abCreemos que, al igual que la mayor\u00eda de los pa\u00edses musulmanes, Turkest\u00e1n Oriental est\u00e1 bajo la ocupaci\u00f3n directa e indirecta de apostatas&#8230; y est\u00e1 gobernada por leyes y constituciones democr\u00e1ticas y seculares&#8230;<\/p>\n<p>\u00abCreemos que si los pa\u00edses musulmanes est\u00e1n bajo la ocupaci\u00f3n directa o indirecta&#8230; emprender el jihad contra aqu\u00e9llos que los gobiernan y los someten a las leyes apostatas se convierte en un [deber] obligatorio.<\/p>\n<p>\u00abCreemos que, ya que el atacante ap\u00f3stata ha invadido nuestras tierras, el jihad en el camino de Al\u00e1 se ha vuelto un deber obligatorio personal sobre cada musulm\u00e1n en Turkest\u00e1n&#8230;\u00bb<\/p>\n<p>\u00abJuzgamos necesario imponer el <em>shari&#8217;a<\/em> en Turkest\u00e1n Oriental y en todos los [otro] pa\u00edses musulmanes despu\u00e9s de que sean liberados de los imperialistas y apostatas&#8230;<\/p>\n<p>\u00abCreemos que cualquier presencia de los ocupantes chinos apostatas &#8211; ya sea militar, gubernamental, pol\u00edtica o econ\u00f3mica &#8211; es un blanco leg\u00edtimo para el jihad&#8230; Esta declaraci\u00f3n es una declaraci\u00f3n de guerra sobre ellos, y por consiguiente ellos deben salir inmediatamente de Turkest\u00e1n Oriental.<\/p>\n<p>\u00abConsideramos ilegitima la presencia de inmigrantes chinos en el Turkest\u00e1n Este musulm\u00e1n. Ellos representan la forma m\u00e1s tangible de ocupaci\u00f3n china&#8230; Deben salir de Turkest\u00e1n y regresar a sus lugares de origen. Esta declaraci\u00f3n es [nuestra] primera y \u00faltima advertencia [a ellos]&#8230;<\/p>\n<p>\u00abRechazamos&#8230; todos los s\u00edmbolos del nacionalismo Jahili [e.d. no-isl\u00e1mico], as\u00ed como tambi\u00e9n [la ideolog\u00eda] anticonvencional de la democracia en todas sus formas, y [declaramos] nuestra oposici\u00f3n a estas&#8230;<\/p>\n<p>\u00abSomos un grupo isl\u00e1mico independiente, organizado, bajo la orden de un Emir y un l\u00edder&#8230; conforme con los principios isl\u00e1micos del <em>shura<\/em> [consultaci\u00f3n]\u00bb.<\/p>\n<p class=\"c1\"><img loading=\"lazy\" decoding=\"async\" class=\"alignnone size-full wp-image-15742\" src=\"http:\/\/www2.memri.org\/espanol\/wp-content\/uploads\/2016\/01\/sd_194708_1.jpg\" width=\"359\" height=\"307\" srcset=\"https:\/\/www2.memri.org\/espanol\/wp-content\/uploads\/2016\/01\/sd_194708_1.jpg 359w, https:\/\/www2.memri.org\/espanol\/wp-content\/uploads\/2016\/01\/sd_194708_1-300x257.jpg 300w\" sizes=\"auto, (max-width: 359px) 100vw, 359px\" \/><\/p>\n<\/div>\n","protected":false},"excerpt":{"rendered":"<p>\u00abEl Partido Isl\u00e1mico de Turkest\u00e1n Oriental\u00bb es un grupo jihadista que opera en la Regi\u00f3n Aut\u00f3noma Xinjiang Uyghur (tambi\u00e9n conocida como Turkest\u00e1n China o Uyghurist\u00e1n), una regi\u00f3n en China al noroeste habitada principalmente por musulmanes. El 21 de mayo del 2008, el foro islamista Al-Ikhlas (que tiene como servidor a Piradius.net en Malasia) public\u00f3 la [&hellip;]<\/p>\n","protected":false},"author":1,"featured_media":15742,"comment_status":"open","ping_status":"open","sticky":false,"template":"","format":"standard","meta":{"footnotes":""},"categories":[10,6],"tags":[],"class_list":["post-2307","post","type-post","status-publish","format-standard","has-post-thumbnail","hentry","category-estudios-sobre-terrorismo-y-yihad","category-comunicados-especiales"],"_links":{"self":[{"href":"https:\/\/www2.memri.org\/espanol\/wp-json\/wp\/v2\/posts\/2307","targetHints":{"allow":["GET"]}}],"collection":[{"href":"https:\/\/www2.memri.org\/espanol\/wp-json\/wp\/v2\/posts"}],"about":[{"href":"https:\/\/www2.memri.org\/espanol\/wp-json\/wp\/v2\/types\/post"}],"author":[{"embeddable":true,"href":"https:\/\/www2.memri.org\/espanol\/wp-json\/wp\/v2\/users\/1"}],"replies":[{"embeddable":true,"href":"https:\/\/www2.memri.org\/espanol\/wp-json\/wp\/v2\/comments?post=2307"}],"version-history":[{"count":0,"href":"https:\/\/www2.memri.org\/espanol\/wp-json\/wp\/v2\/posts\/2307\/revisions"}],"wp:featuredmedia":[{"embeddable":true,"href":"https:\/\/www2.memri.org\/espanol\/wp-json\/wp\/v2\/media\/15742"}],"wp:attachment":[{"href":"https:\/\/www2.memri.org\/espanol\/wp-json\/wp\/v2\/media?parent=2307"}],"wp:term":[{"taxonomy":"category","embeddable":true,"href":"https:\/\/www2.memri.org\/espanol\/wp-json\/wp\/v2\/categories?post=2307"},{"taxonomy":"post_tag","embeddable":true,"href":"https:\/\/www2.memri.org\/espanol\/wp-json\/wp\/v2\/tags?post=2307"}],"curies":[{"name":"wp","href":"https:\/\/api.w.org\/{rel}","templated":true}]}}