{"id":23051,"date":"2017-01-18T12:11:53","date_gmt":"2017-01-18T16:41:53","guid":{"rendered":"http:\/\/www2.memri.org\/espanol\/?p=23051"},"modified":"2017-01-21T12:15:52","modified_gmt":"2017-01-21T16:45:52","slug":"talal-abu-ghazaleh-prominente-empresario-jordano-y-ex-presidente-de-numerosos-comites-de-la-onu-y-grupos-de-trabajo-en-la-bbc-tv-arabe-memri-me-considera-antisemita-porque-quiero-limpiar-palestina","status":"publish","type":"post","link":"https:\/\/www2.memri.org\/espanol\/talal-abu-ghazaleh-prominente-empresario-jordano-y-ex-presidente-de-numerosos-comites-de-la-onu-y-grupos-de-trabajo-en-la-bbc-tv-arabe-memri-me-considera-antisemita-porque-quiero-limpiar-palestina\/23051","title":{"rendered":"Talal Abu Ghazaleh, prominente empresario jordano y ex presidente de numerosos comit\u00e9s de la ONU y grupos de trabajo en la BBC TV \u00c1rabe: MEMRI me considera antisemita &#8216;porque quiero limpiar Palestina de jud\u00edos&#8217;"},"content":{"rendered":"<p><em>En una entrevista realizada el 9 de enero, 2016 con el canal de televisi\u00f3n BBC Arabic TV, el prominente empresario jordano Talal Abu Ghazaleh present\u00f3 su \u00absoluci\u00f3n f\u00e1cil\u00bb al problema palestino: \u00abQue todo palestino regrese a Palestina y todo jud\u00edo regrese a su propio pa\u00eds\u00bb. \u00c9l mismo, dijo, hab\u00eda decidido no regresar a su casa en Jaffa porque MEMRI &#8211; que este afirm\u00f3 \u00abmonitorea todas nuestras transmisiones, incluyendo \u00e9sta ahora mismo\u00bb &#8211; \u00abconsidera que mis declaraciones son antisemitas porque quiero limpiar Palestina de jud\u00edos\u00bb.<\/em><\/p>\n<p><em>En un video anterior de MEMRI TV, fechado el 14 de julio, 2010 Abu Ghazaleh hab\u00eda dicho que el 11 de Septiembre fue llevado a cabo por los talibanes como parte de un complot sionista y que Estados Unidos se hab\u00eda hundido en un atolladero como resultado del \u00abodio jud\u00edo hacia los estadounidenses\u00bb.<\/em><\/p>\n<p><em>Abu Ghazaleh es altamente conocido internacionalmente. Seg\u00fan su curr\u00edculum, en las dos \u00faltimas d\u00e9cadas presidi\u00f3 casi una decena de cuerpos internacionales en las Naciones Unidas y otros organismos.<a href=\"#_edn1\" name=\"_ednref1\"><strong>[1]<\/strong><\/a> Adem\u00e1s, es presidente de la Sociedad Internacional \u00c1rabe de Tecnolog\u00eda Administrativa<a href=\"#_edn2\" name=\"_ednref2\"><strong>[2]<\/strong><\/a> y presidente y fundador de la organizaci\u00f3n internacional Talal Abu-Ghazaleh con sede en Jordania.<a href=\"#_edn3\" name=\"_ednref3\"><strong>[3]<\/strong><\/a> Es el fundador de la Universidad Empresarial Talal Abu Ghazaleh en Manama, Bahr\u00e9in y el Graduate School of Business Talal Abu-Ghazal en la Universidad Alemana de Jordania en Amman. Tambi\u00e9n ha fundado numerosas firmas de servicios profesionales en los \u00e1mbitos de gerencia, consultor\u00eda, servicios legales y tecnolog\u00eda de la informaci\u00f3n. Abu Ghazaleh ha sido apodado el \u00abpadrino de la contabilidad \u00e1rabe\u00bb<a href=\"#_edn4\" name=\"_ednref4\"><strong>[4]<\/strong><\/a> y en el 2007 fue incluido en el IP Sal\u00f3n de la Fama en Chicago, que honra \u00aba aquellos que han hecho una contribuci\u00f3n sobresaliente al desarrollo de la propiedad intelectual de la ley y la pr\u00e1ctica\u00bb.<a href=\"#_edn5\" name=\"_ednref5\"><strong>[5]<\/strong><\/a><\/em><em>\u00a0<\/em><\/p>\n<p><em>Para ver el video, haga clic <a href=\"https:\/\/www.memri.org\/tv\/jordanian-businessman-talal-abu-ghazaleh-memri-considers-me-antisemitic-because-i-want-cleanse\">aqu\u00ed<\/a> o debajo:<\/em><\/p>\n<p><iframe src=\"https:\/\/www.memri.org\/player\/clip\/35829\/1\/1\" width=\"737\" height=\"540\" frameborder=\"0\"><\/iframe><\/p>\n<p>Lo siguiente es la transcripci\u00f3n del video:<\/p>\n<p><strong>Entrevistador<\/strong>: \u00ab\u00bfHa vuelto usted a Jaffa? \u00bfHa ido a ver su hogar&#8230;?\u00bb<\/p>\n<p><strong>Talal Abu Ghazaleh<\/strong>: \u00abNo, no he ido. \u00bfQuiere que le diga el por qu\u00e9 aqu\u00ed en vivo?\u00bb<\/p>\n<p><strong>Entrevistador<\/strong>: \u00ab\u00bfPor qu\u00e9 no?\u00bb<\/p>\n<p><img loading=\"lazy\" decoding=\"async\" class=\"alignnone size-full wp-image-23059\" src=\"http:\/\/www2.memri.org\/espanol\/wp-content\/uploads\/2017\/01\/6749A-2.jpg\" width=\"1163\" height=\"284\" alt=\"\" srcset=\"https:\/\/www2.memri.org\/espanol\/wp-content\/uploads\/2017\/01\/6749A-2.jpg 1163w, https:\/\/www2.memri.org\/espanol\/wp-content\/uploads\/2017\/01\/6749A-2-300x73.jpg 300w, https:\/\/www2.memri.org\/espanol\/wp-content\/uploads\/2017\/01\/6749A-2-768x188.jpg 768w, https:\/\/www2.memri.org\/espanol\/wp-content\/uploads\/2017\/01\/6749A-2-1024x250.jpg 1024w, https:\/\/www2.memri.org\/espanol\/wp-content\/uploads\/2017\/01\/6749A-2-600x147.jpg 600w, https:\/\/www2.memri.org\/espanol\/wp-content\/uploads\/2017\/01\/6749A-2-696x170.jpg 696w, https:\/\/www2.memri.org\/espanol\/wp-content\/uploads\/2017\/01\/6749A-2-1068x261.jpg 1068w\" sizes=\"auto, (max-width: 1163px) 100vw, 1163px\" \/><\/p>\n<p><strong>Talal Abu Ghazaleh<\/strong>: \u00abNecesito valor para esto, fui entrevistada en el canal de televisi\u00f3n Abu Dhabi sobre asuntos econ\u00f3micos y al final de la entrevista, la presentadora decidi\u00f3 preguntarme sobre la soluci\u00f3n del problema palestino. Un c\u00edrculo vicioso sin soluci\u00f3n? Dije que la soluci\u00f3n es f\u00e1cil. &#8216;\u00bfCual es?\u00bb Yo le dije: \u00abAs\u00ed como los jud\u00edos creen en el derecho al retorno, nosotros los palestinos creemos en el derecho al retorno. Dejen que todo palestino regrese a Palestina y que cada jud\u00edo regrese a su propio pa\u00eds&#8217;. El primero en marcharse deber\u00eda ser el canciller israel\u00ed para este momento, Lieberman, cuyo trabajo est\u00e1 asegurado. Estoy preparado para asegurar el trabajo para todos ellos y ejecutar un plan internacional para transferirlos. Estos no necesitan preocuparse por pasaportes o visas, porque todos poseen doble ciudadan\u00eda &#8211; ciudadan\u00eda israel\u00ed y ciudadan\u00eda de su pa\u00eds de origen.<\/p>\n<p><img loading=\"lazy\" decoding=\"async\" class=\"alignnone size-full wp-image-23060\" src=\"http:\/\/www2.memri.org\/espanol\/wp-content\/uploads\/2017\/01\/6749B-3.jpg\" width=\"775\" height=\"288\" alt=\"\" srcset=\"https:\/\/www2.memri.org\/espanol\/wp-content\/uploads\/2017\/01\/6749B-3.jpg 775w, https:\/\/www2.memri.org\/espanol\/wp-content\/uploads\/2017\/01\/6749B-3-300x111.jpg 300w, https:\/\/www2.memri.org\/espanol\/wp-content\/uploads\/2017\/01\/6749B-3-768x285.jpg 768w, https:\/\/www2.memri.org\/espanol\/wp-content\/uploads\/2017\/01\/6749B-3-600x223.jpg 600w, https:\/\/www2.memri.org\/espanol\/wp-content\/uploads\/2017\/01\/6749B-3-696x259.jpg 696w\" sizes=\"auto, (max-width: 775px) 100vw, 775px\" \/><\/p>\n<p><img loading=\"lazy\" decoding=\"async\" class=\"alignnone size-full wp-image-23061\" src=\"http:\/\/www2.memri.org\/espanol\/wp-content\/uploads\/2017\/01\/6749C-2.jpg\" width=\"1170\" height=\"286\" alt=\"\" srcset=\"https:\/\/www2.memri.org\/espanol\/wp-content\/uploads\/2017\/01\/6749C-2.jpg 1170w, https:\/\/www2.memri.org\/espanol\/wp-content\/uploads\/2017\/01\/6749C-2-300x73.jpg 300w, https:\/\/www2.memri.org\/espanol\/wp-content\/uploads\/2017\/01\/6749C-2-768x188.jpg 768w, https:\/\/www2.memri.org\/espanol\/wp-content\/uploads\/2017\/01\/6749C-2-1024x250.jpg 1024w, https:\/\/www2.memri.org\/espanol\/wp-content\/uploads\/2017\/01\/6749C-2-600x147.jpg 600w, https:\/\/www2.memri.org\/espanol\/wp-content\/uploads\/2017\/01\/6749C-2-696x170.jpg 696w, https:\/\/www2.memri.org\/espanol\/wp-content\/uploads\/2017\/01\/6749C-2-1068x261.jpg 1068w\" sizes=\"auto, (max-width: 1170px) 100vw, 1170px\" \/><\/p>\n<p>\u00abIsrael posee esta organizaci\u00f3n llamada MEMRI, que monitorea y supervisa todas las transmisiones, incluyendo \u00e9sta en este momento, su tarea es determinar si algo que se dijo es antisemita. Ellos consideran que mis declaraciones son antisemitas, porque quiero limpiar Palestina de jud\u00edos\u00bb.<\/p>\n<p><strong>Entrevistador<\/strong>: \u00abEntonces fue por eso que no regreso a Jaffa\u00bb.<\/p>\n<p><strong>Talal Abu Ghazaleh<\/strong>: \u00abPor lo tanto, soy un hombre buscado, un antisemita, a su manera de ver\u00bb.<\/p>\n<p><a href=\"#_ednref1\" name=\"_edn1\">[1]<\/a> Akms.org\/upLoad\/file\/2016\/TAG-E-2016.pdf, consultado el 17 de enero, 2017. Este presidi\u00f3 la Alianza Global de las Naciones Unidas para las TIC y Desarrollo (2009-2010); El Equipo de Tareas de las Naciones Unidas sobre Tecnolog\u00edas de la Informaci\u00f3n y Comunicaciones (2004-2006); El Comit\u00e9 Asesor sobre Gobernanza de Internet, Equipo de Tareas de las Naciones Unidas sobre Tecnolog\u00edas de la Informaci\u00f3n y Comunicaciones (2003-2004); El Equipo Task Force de la C\u00e1mara de Comercio Internacional (ICC TF) sobre Gobernanza de Internet, Par\u00eds, Francia (2003-2004); El Comit\u00e9 Asesor sobre Gobernanza de Internet, Equipo de Tareas de las Naciones Unidas sobre Tecnolog\u00edas de la Informaci\u00f3n y las Comunicaciones (2003-2004); El Grupo de Trabajo sobre Recursos Humanos y de Creaci\u00f3n de Capacidades (HRCB) de las Tecnolog\u00edas de Informaci\u00f3n y las Comunicaciones de las Naciones Unidas (2001-2002); La Red Regional \u00c1rabe del Grupo de Tareas de las Naciones Unidas sobre Tecnolog\u00edas de la Informaci\u00f3n y Comunicaciones (2001-2004); El Equipo de Tareas de las Naciones Unidas sobre Tecnolog\u00edas de la Informaci\u00f3n y Comunicaciones (2001-2004); El Comit\u00e9 de Expertos de las Naciones Unidas en materia de normas de calificaci\u00f3n profesional, Ginebra, Suiza (1995-1998); y el Grupo de Trabajo Inter-gubernamental de Expertos de las Naciones Unidas sobre normas internacionales de contabilidad y presentaci\u00f3n de informes (1995-1996), entre otros. Tambi\u00e9n fue Director Ejecutivo del Pacto Mundial de la ONU (2006-2008).<\/p>\n<p><a href=\"#_ednref2\" name=\"_edn2\">[2]<\/a> Akms.org\/page.aspx?page_key=chairmans_bio<\/p>\n<p><a href=\"#_ednref3\" name=\"_edn3\">[3]<\/a> Tagorg.com<\/p>\n<p><a href=\"#_ednref4\" name=\"_edn4\">[4]<\/a> Arabianbusiness.com\/power-100-2009\/list?view=profile&amp;itemid=155923#.WH5FQBsrJO8, accessed 17 de enero, 2017.<\/p>\n<p><a href=\"#_ednref5\" name=\"_edn5\">[5]<\/a> Iphalloffame.com\/about\/, consultado el 17 de enero, 2017.<\/p>\n<p>&nbsp;<\/p>\n","protected":false},"excerpt":{"rendered":"<p>En una entrevista realizada el 9 de enero, 2016 con el canal de televisi\u00f3n BBC Arabic TV, el prominente empresario jordano Talal Abu Ghazaleh present\u00f3 su \u00absoluci\u00f3n f\u00e1cil\u00bb al problema palestino: \u00abQue todo palestino regrese a Palestina y todo jud\u00edo regrese a su propio pa\u00eds\u00bb. \u00c9l mismo, dijo, hab\u00eda decidido no regresar a su casa [&hellip;]<\/p>\n","protected":false},"author":1,"featured_media":23052,"comment_status":"open","ping_status":"open","sticky":false,"template":"","format":"standard","meta":{"footnotes":""},"categories":[4,6],"tags":[],"class_list":["post-23051","post","type-post","status-publish","format-standard","has-post-thumbnail","hentry","category-archivos","category-comunicados-especiales"],"_links":{"self":[{"href":"https:\/\/www2.memri.org\/espanol\/wp-json\/wp\/v2\/posts\/23051","targetHints":{"allow":["GET"]}}],"collection":[{"href":"https:\/\/www2.memri.org\/espanol\/wp-json\/wp\/v2\/posts"}],"about":[{"href":"https:\/\/www2.memri.org\/espanol\/wp-json\/wp\/v2\/types\/post"}],"author":[{"embeddable":true,"href":"https:\/\/www2.memri.org\/espanol\/wp-json\/wp\/v2\/users\/1"}],"replies":[{"embeddable":true,"href":"https:\/\/www2.memri.org\/espanol\/wp-json\/wp\/v2\/comments?post=23051"}],"version-history":[{"count":0,"href":"https:\/\/www2.memri.org\/espanol\/wp-json\/wp\/v2\/posts\/23051\/revisions"}],"wp:featuredmedia":[{"embeddable":true,"href":"https:\/\/www2.memri.org\/espanol\/wp-json\/wp\/v2\/media\/23052"}],"wp:attachment":[{"href":"https:\/\/www2.memri.org\/espanol\/wp-json\/wp\/v2\/media?parent=23051"}],"wp:term":[{"taxonomy":"category","embeddable":true,"href":"https:\/\/www2.memri.org\/espanol\/wp-json\/wp\/v2\/categories?post=23051"},{"taxonomy":"post_tag","embeddable":true,"href":"https:\/\/www2.memri.org\/espanol\/wp-json\/wp\/v2\/tags?post=23051"}],"curies":[{"name":"wp","href":"https:\/\/api.w.org\/{rel}","templated":true}]}}