{"id":22946,"date":"2017-01-11T17:05:40","date_gmt":"2017-01-11T21:35:40","guid":{"rendered":"http:\/\/www2.memri.org\/espanol\/?p=22946"},"modified":"2017-01-12T17:17:59","modified_gmt":"2017-01-12T21:47:59","slug":"ayman-odeh-jefe-del-bloque-arabe-en-el-knesset-israeli-nuestra-identidad-palestina-toma-precedencia-sobre-nuestra-ciudadania-israeli-poseemos-un-interes-nacional-en-poner-fin-con-la-ocupacion-y-v","status":"publish","type":"post","link":"https:\/\/www2.memri.org\/espanol\/ayman-odeh-jefe-del-bloque-arabe-en-el-knesset-israeli-nuestra-identidad-palestina-toma-precedencia-sobre-nuestra-ciudadania-israeli-poseemos-un-interes-nacional-en-poner-fin-con-la-ocupacion-y-v\/22946","title":{"rendered":"Ayman &#8216;Odeh, jefe del bloque \u00e1rabe en el Knesset israel\u00ed: Nuestra identidad palestina toma precedencia sobre nuestra ciudadan\u00eda israel\u00ed; poseemos un inter\u00e9s nacional en poner fin con la ocupaci\u00f3n y ver el regreso de los refugiados"},"content":{"rendered":"<p>&nbsp;<\/p>\n<p><em>El 20 de noviembre, 2016 Ayman &#8216;Odeh, presidente de la Lista Conjunta, una alianza de partidos dominados por los \u00e1rabes en el Knesset israel\u00ed, particip\u00f3 en una conferencia organizada por el Centro de Investigaci\u00f3n y Pol\u00edticas P\u00fablicas Palestino Masarat. La conferencia, celebrada simult\u00e1neamente en Al-Bireh y Gaza bajo el t\u00edtulo \u00abRealidad y Horizontes en la Lucha de los Palestinos de 1948 [es decir, \u00e1rabes israel\u00edes]\u00bb, cont\u00f3 con la presencia de decenas de pol\u00edticos, acad\u00e9micos y activistas sociales. &#8216;Odeh, quien asisti\u00f3 a la conferencia en Al-Bireh, se refiri\u00f3 a la trayectoria pol\u00edtica de los \u00e1rabes israel\u00edes y dijo que, cuando un conflicto surge entre su identidad palestina y \u00e1rabe y su ciudadan\u00eda israel\u00ed, su identidad palestina y \u00e1rabe toma precedencia y por eso evitan tomar trabajos en varios ministerios del gobierno.<\/em><\/p>\n<p><em>Este agreg\u00f3 que los \u00e1rabes israel\u00edes tienen el deber de apoyar la lucha palestina y un inter\u00e9s nacional en ver el fin de la ocupaci\u00f3n, el establecimiento de un estado palestino y el retorno de los refugiados.<\/em><\/p>\n<p><em>En un discurso pronunciado en Ramala el 10 de noviembre, en una ceremonia que conmemoro el aniversario de la muerte de Yasser Arafat, &#8216;Odeh explic\u00f3 que los \u00e1rabes israel\u00edes son palestinos en todo el sentido de la palabra; Este repiti\u00f3 el mensaje en su discurso el 30 de noviembre en la ceremonia de apertura de la S\u00e9ptima Conferencia General de Fatah en Ramala.<\/em><\/p>\n<p><em>Lo siguiente son extractos de estos tres discursos.<\/em><\/p>\n<p><strong>&#8216;Odeh en la Conferencia Masarat: Nuestra identidad nacional es m\u00e1s estable que el Estado de Israel y el pueblo jud\u00edo; Estamos obligados a apoyar la lucha palestina<\/strong><\/p>\n<p>En su discurso en la Conferencia Masarat, &#8216;Odeh dijo que los \u00e1rabes israel\u00edes \u00abson \u00e1rabes palestinos y son parte viva y activa de la naci\u00f3n \u00e1rabe. Nuestra identidad nacional es m\u00e1s estable que el Estado de Israel y el pueblo jud\u00edo y no est\u00e1 en peligro, a pesar de los esfuerzos de la instituci\u00f3n israel\u00ed de dise\u00f1ar una identidad \u00e1rabe israel\u00ed distorsionada&#8230;\u00bb<\/p>\n<p>Refiri\u00e9ndose a la relaci\u00f3n entre la identidad palestina de los \u00e1rabes israel\u00edes y su ciudadan\u00eda israel\u00ed, &#8216;Odeh dijo: \u00abCuando surge un conflicto [entre los dos], la identidad [palestina] prevalece. Es por eso que los palestinos [israel\u00edes] no trabajan en el ministerio de defensa, el ministerio de relaciones exteriores, el ministerio de inmigraci\u00f3n, el ministerio de justicia, etc. [Lo hacen] para preservar su identidad nacional y esto a pesar de la tentaci\u00f3n de trabajar en estos ministerios, que proveen un tercio de los cargos [en el sector p\u00fablico israel\u00ed]. Nosotros priorizamos los intereses nacionales sobre nuestros intereses personales. No solo queremos quedarnos en la patria, sino influir en la toma de decisiones pol\u00edticas a fin de participar en el poner fin a la ocupaci\u00f3n&#8230;<\/p>\n<p>\u00abPoner fin a la ocupaci\u00f3n requiere oponerse al ocupante. Estamos obligados a apoyar la lucha palestina e influenciar sobre la opini\u00f3n p\u00fablica en el ocupado pa\u00eds, para que mantenga en alto los derechos del pueblo [palestino] ocupado que aspira a la libertad e independencia&#8230; El inter\u00e9s [de los \u00e1rabes israel\u00edes] en ver el fin de la ocupaci\u00f3n, el establecimiento de un estado palestino, el retorno de los refugiados y la igualdad de los palestinos dentro de Israel no tiene ra\u00edz en consideraciones morales sino en las nacionales&#8230;\u00bb<\/p>\n<p>&#8216;Odeh pidi\u00f3 \u00abformar un marco cultural conjunto [para los palestinos israel\u00edes y no israel\u00edes] a fin de fortalecer la identidad nacional, con el consentimiento de la OLP\u00bb. Observando que la OLP no puede representar a los palestinos dentro de Israel y que estos \u00faltimos no pueden ser miembros de la OLP o su Consejo Nacional, este agreg\u00f3 que \u00abexiste una necesidad de una separaci\u00f3n funcional que considere la posici\u00f3n [\u00fanica] de los palestinos dentro de [Israel]\u00bb y que \u00abla implementaci\u00f3n de esta idea requiere ser discutida y estudiada\u00bb.<\/p>\n<p>Seg\u00fan el informe de Masarat en referencia a la participaci\u00f3n de &#8216;Odeh en la conferencia, este dijo adem\u00e1s que el Primer Ministro israel\u00ed Binyamin Netanyahu \u00abest\u00e1 tratando de convertir el conflicto [palestino-israel\u00ed] en un conflicto religioso, con el prop\u00f3sito de manejar el conflicto en lugar de resolverlo y tambi\u00e9n para marcar puntos en su di\u00e1logo con Occidente, ya que la narraci\u00f3n religiosa es m\u00e1s simple que la pol\u00edtica, lo cual involucra a un pueblo que est\u00e1 en un estado de ocupaci\u00f3n\u00bb. El informe tambi\u00e9n lo cit\u00f3 diciendo que \u00abexisten tres leyes que los palestinos dentro de Israel no obedecen: la ley del servicio militar, la ley de demolici\u00f3n de casas y la ley del Nakba y si la ley del Muec\u00edn es aprobada, nosotros [tampoco] la obedeceremos\u00bb.<a href=\"#_edn1\" name=\"_ednref1\">[1]<\/a><\/p>\n<p><img loading=\"lazy\" decoding=\"async\" class=\"alignnone size-full wp-image-22949\" src=\"http:\/\/www2.memri.org\/espanol\/wp-content\/uploads\/2017\/01\/AymanOdeh-2.jpg\" width=\"800\" height=\"600\" alt=\"\" srcset=\"https:\/\/www2.memri.org\/espanol\/wp-content\/uploads\/2017\/01\/AymanOdeh-2.jpg 800w, https:\/\/www2.memri.org\/espanol\/wp-content\/uploads\/2017\/01\/AymanOdeh-2-300x225.jpg 300w, https:\/\/www2.memri.org\/espanol\/wp-content\/uploads\/2017\/01\/AymanOdeh-2-768x576.jpg 768w, https:\/\/www2.memri.org\/espanol\/wp-content\/uploads\/2017\/01\/AymanOdeh-2-600x450.jpg 600w, https:\/\/www2.memri.org\/espanol\/wp-content\/uploads\/2017\/01\/AymanOdeh-2-80x60.jpg 80w, https:\/\/www2.memri.org\/espanol\/wp-content\/uploads\/2017\/01\/AymanOdeh-2-265x198.jpg 265w, https:\/\/www2.memri.org\/espanol\/wp-content\/uploads\/2017\/01\/AymanOdeh-2-696x522.jpg 696w, https:\/\/www2.memri.org\/espanol\/wp-content\/uploads\/2017\/01\/AymanOdeh-2-560x420.jpg 560w\" sizes=\"auto, (max-width: 800px) 100vw, 800px\" \/><\/p>\n<p><em>&#8216;Odeh (a la derecha) en la conferencia con Hani Al-Masri, director general del Centro Masarat (imagen: Masarat.ps, 20 de noviembre, 2016)<\/em><\/p>\n<p><strong>&#8216;Odeh en el recordatorio a Yasser Arafat: El establecimiento del estado palestino es una necesidad hist\u00f3rica<\/strong><\/p>\n<p>En un recordatorio el 10 de noviembre, 2016 para Yasser Arafat en Ramala, &#8216;Odeh dijo: \u00abNosotros, los \u00e1rabes palestinos que nos quedamos en nuestra patria a pesar del Nakba y las pol\u00edticas de deportaci\u00f3n somos \u00fanicos en lo que respecta a ser ciudadanos de Israel. El gobierno de Israel desea crear una &#8216;identidad \u00e1rabe israel\u00ed&#8217;. Este \u00e1rabe israel\u00ed es \u00e1rabe en lo referente a que habla su idioma [\u00e1rabe], conoce las (obras maestras preisl\u00e1micas de la poes\u00eda \u00e1rabe) <em>Mu&#8217;allaqat,<\/em> conoce la diferencia entre los primeros poetas isl\u00e1micos] Al-Farazdaq y Jarir y est\u00e1 familiarizado con la censura [por el l\u00edder musulm\u00e1n del siglo d\u00e9cimo] Sayf Al-Dawla al [poeta] Mutanabbi<a href=\"#_edn2\" name=\"_ednref2\">[2]<\/a> &#8211; pero este no debe saber nada acerca de su historia palestina o sentirse solidario con la lucha de su pueblo [palestino]. Este es un \u00e1rabe deformado y no un palestino. Al mismo tiempo es un israel\u00ed defectuoso, debido a que en el estado jud\u00edo s\u00f3lo un jud\u00edo puede ser un israel\u00ed total, ese es su paradigma. Contrariamente, nuestro paradigma es que somos \u00e1rabes palestinos en el pleno sentido de la palabra, que al mismo tiempo luchamos por el obtener plena ciudadan\u00eda [en Israel]&#8230;<\/p>\n<p>\u00abTenemos nuestro propio lugar y singularidad, que deseamos aprovechar para ayudar a nuestro pueblo. Nuestra singularidad reside en el hecho de que ejercemos influencia sobre el campo de batalla pol\u00edtico israel\u00ed y nadie reconoce [nuestro] poder cuantitativo y cualitativo mejor que Netanyahu. Es por eso que este trabaja muy duro para deslegitimarnos, para evitar que manejemos las influencias&#8230; Mientras doy este discurso, ellos siguen cada palabra [que yo digo] para incitar [contra nosotros los \u00e1rabes israel\u00edes] y para que Netanyahu pueda pintarnos como enemigos y como carentes de legitimidad para actuar en la arena pol\u00edtica israel\u00ed&#8230;<\/p>\n<p>\u00abEstamos aqu\u00ed para defender la adhesi\u00f3n del Presidente Abu Mazen a la soluci\u00f3n de dos estados, que deriva de un entendimiento correcto de la realidad y de una postura moral dispuesta a reconciliarse [con Israel] en aras de una soluci\u00f3n justa. Estamos aqu\u00ed para decir que la existencia del estado de Palestina es una necesidad hist\u00f3rica&#8230;\u00bb<\/p>\n<p>&#8216;Odeh dijo adem\u00e1s: \u00abMe abstengo de interferir en cualquier tema palestino relacionado con la AP o la OLP, pero existe un tema de importancia nacional que es fuente de preocupaci\u00f3n y dolor para nosotros, es decir, la falta de unidad [entre las varias facciones palestinas] Fatah, Hamas, los Frentes Populares y Democr\u00e1ticos y el Partido Al-Sha&#8217;b &#8211; est\u00e1n bajo ocupaci\u00f3n, Cisjordania y Gaza est\u00e1n bajo ocupaci\u00f3n, todo el pueblo palestino est\u00e1 bajo ocupaci\u00f3n&#8230; Le suplicamos a nuestro pueblo que ponga fin a esta divisi\u00f3n destructiva e invierta esfuerzos en formular una visi\u00f3n y estrategias que sean compartidas [por todos], en la mayor medida posible, al tiempo que se fijan \u00fanicamente en Jerusal\u00e9n como la capital del estado palestino\u00bb.<a href=\"#_edn3\" name=\"_ednref3\">[3]<\/a><\/p>\n<p><strong>&#8216;Odeh en la S\u00e9ptima Conferencia General de Fatah: La pr\u00f3xima conferencia de Fatah se celebrar\u00e1 en Jerusal\u00e9n Oriental, capital de la Palestina independiente<\/strong><\/p>\n<p>&#8216;Odeh realizo comentarios similares en la ceremonia de apertura de la S\u00e9ptima Conferencia General de Fatah el 30 de noviembre, 2016 en Ramala. Este se dirigi\u00f3 a Fatah como \u00abFatah de los grandes sacrificios\u00bb y \u00abFatah de los m\u00e1rtires y prisioneros\u00bb y, hablando en nombre de su partido, pidi\u00f3 a las facciones palestinas que dejen de lado sus diferencias para concentrarse en la lucha principal contra la ocupaci\u00f3n. Este explic\u00f3 que los \u00e1rabes israel\u00edes tienen un papel en ayudar a los palestinos que est\u00e1n bajo la ocupaci\u00f3n y en influir en la opini\u00f3n p\u00fablica en Israel y termin\u00f3 su discurso con una cita de Arafat y con un llamado a la siguiente conferencia de Fatah que se celebrar\u00e1 en Jerusal\u00e9n: [Arafat] dijo, &#8216;La gente piensa que [el estado palestino] est\u00e1 lejos, pero vemos que est\u00e1 cerca&#8217;. La pr\u00f3xima conferencia de Fatah se llevar\u00e1 a cabo en Jerusal\u00e9n Oriental, capital del estado palestino y estaremos all\u00ed con ustedes\u00bb. \u00abEl discurso de &#8216;Odeh fue recibido con aplausos y gritos a la consigna acu\u00f1ada por Arafat, \u00abmiles de m\u00e1rtires marchan sobre Jerusal\u00e9n\u00bb.<a href=\"#_edn4\" name=\"_ednref4\">[4]<\/a><\/p>\n<p><em>Para ver un video en MEMRI TV sobre las declaraciones de &#8216;Odeh en la S\u00e9ptima Conferencia de Fatah, haga clic debajo.<\/em><\/p>\n<p><iframe src=\"https:\/\/www.memri.org\/player\/clip\/35628\/1\/1\" width=\"960\" height=\"540\" frameborder=\"0\"><\/iframe><\/p>\n<p><a href=\"#_ednref1\" name=\"_edn1\">[1]<\/a> Masarat.ps, 20 de noviembre, 2016.<\/p>\n<p>[2] Mutanabbi fue un poeta en la corte de Sayf Al-Dawla, pero perdi\u00f3 el favor de este \u00faltimo cuando desarroll\u00f3 sus ambiciones pol\u00edticas.<\/p>\n<p><a href=\"#_ednref3\" name=\"_edn3\">[3]<\/a> Aymanodeh.com, 12 de noviembre, 2016.<\/p>\n<p>[4] Alarab.com, 30 de noviembre, 2016.<\/p>\n","protected":false},"excerpt":{"rendered":"<p>&nbsp; El 20 de noviembre, 2016 Ayman &#8216;Odeh, presidente de la Lista Conjunta, una alianza de partidos dominados por los \u00e1rabes en el Knesset israel\u00ed, particip\u00f3 en una conferencia organizada por el Centro de Investigaci\u00f3n y Pol\u00edticas P\u00fablicas Palestino Masarat. La conferencia, celebrada simult\u00e1neamente en Al-Bireh y Gaza bajo el t\u00edtulo \u00abRealidad y Horizontes en [&hellip;]<\/p>\n","protected":false},"author":1,"featured_media":22947,"comment_status":"open","ping_status":"open","sticky":false,"template":"","format":"standard","meta":{"footnotes":""},"categories":[4,6,18,2,23],"tags":[],"class_list":["post-22946","post","type-post","status-publish","format-standard","has-post-thumbnail","hentry","category-archivos","category-comunicados-especiales","category-paises","category-featured","category-autoridad-palestina"],"_links":{"self":[{"href":"https:\/\/www2.memri.org\/espanol\/wp-json\/wp\/v2\/posts\/22946","targetHints":{"allow":["GET"]}}],"collection":[{"href":"https:\/\/www2.memri.org\/espanol\/wp-json\/wp\/v2\/posts"}],"about":[{"href":"https:\/\/www2.memri.org\/espanol\/wp-json\/wp\/v2\/types\/post"}],"author":[{"embeddable":true,"href":"https:\/\/www2.memri.org\/espanol\/wp-json\/wp\/v2\/users\/1"}],"replies":[{"embeddable":true,"href":"https:\/\/www2.memri.org\/espanol\/wp-json\/wp\/v2\/comments?post=22946"}],"version-history":[{"count":0,"href":"https:\/\/www2.memri.org\/espanol\/wp-json\/wp\/v2\/posts\/22946\/revisions"}],"wp:featuredmedia":[{"embeddable":true,"href":"https:\/\/www2.memri.org\/espanol\/wp-json\/wp\/v2\/media\/22947"}],"wp:attachment":[{"href":"https:\/\/www2.memri.org\/espanol\/wp-json\/wp\/v2\/media?parent=22946"}],"wp:term":[{"taxonomy":"category","embeddable":true,"href":"https:\/\/www2.memri.org\/espanol\/wp-json\/wp\/v2\/categories?post=22946"},{"taxonomy":"post_tag","embeddable":true,"href":"https:\/\/www2.memri.org\/espanol\/wp-json\/wp\/v2\/tags?post=22946"}],"curies":[{"name":"wp","href":"https:\/\/api.w.org\/{rel}","templated":true}]}}