{"id":22759,"date":"2016-12-21T16:57:35","date_gmt":"2016-12-21T21:27:35","guid":{"rendered":"http:\/\/www2.memri.org\/espanol\/?p=22759"},"modified":"2016-12-21T16:57:35","modified_gmt":"2016-12-21T21:27:35","slug":"oposicion-siria-preocupada-por-informes-de-que-nueva-entidad-politica-islamica-liderada-por-jabhat-fath-al-sham-surge-al-norte-de-siria","status":"publish","type":"post","link":"https:\/\/www2.memri.org\/espanol\/oposicion-siria-preocupada-por-informes-de-que-nueva-entidad-politica-islamica-liderada-por-jabhat-fath-al-sham-surge-al-norte-de-siria\/22759","title":{"rendered":"Oposici\u00f3n siria preocupada por informes de que nueva entidad pol\u00edtica isl\u00e1mica liderada por Jabhat Fath Al-Sham surge al norte de Siria"},"content":{"rendered":"<p><em>Tras la ca\u00edda de Alepo al r\u00e9gimen sirio y el constatar de que la derrota de la oposici\u00f3n fue causada, al menos en parte, por las divisiones entre las distintas facciones combatientes, la prensa \u00e1rabe y los medios sociales \u00e1rabes han presentado en los \u00faltimos d\u00edas numerosos informes de que algunas de las principales facciones combatientes al norte de Siria pretenden declarar una entidad militar-pol\u00edtica, que se llamar\u00e1 la Comisi\u00f3n Isl\u00e1mica Siria. Esta entidad controlar\u00e1 todo el territorio que permanece en manos de la oposici\u00f3n, especialmente en la provincia de Idlib &#8211; la \u00faltima fortaleza restante de la oposici\u00f3n y el destino de los combatientes de la oposici\u00f3n que abandonan las regiones donde los acuerdos de reconciliaci\u00f3n que los expulsan fueron firmados con el r\u00e9gimen. Esta iniciativa, posiblemente concebida por Abu Muhammad Al-Joulani, l\u00edder de Jabhat Fath Al-Sham (antes Jabhat Al-Nusra), pudiera completar la islamizaci\u00f3n de la revoluci\u00f3n siria y su toma por los salafi-yihadistas.<\/em><\/p>\n<p><em>Este documento dar\u00e1 un repaso a los informes sobre la nueva entidad emergente y las reacciones a estos informes..<\/em><\/p>\n<h5><img decoding=\"async\" src=\"https:\/\/www.memri.org\/sites\/default\/files\/new_images\/6717A.jpg\" alt=\"\" \/><\/h5>\n<p><em>Abu Muhammad Al-Joulani (imagen: Aljazeera.net, 17 de septiembre, 2016)<\/em><\/p>\n<p>Seg\u00fan informes, la semana pasada Al-Joulani inici\u00f3 reuniones en la provincia de Idlib con los l\u00edderes de 12 a 15 facciones militares, algunos de ellos islamistas y algunos de ellos parte del Ej\u00e9rcito de Liberaci\u00f3n Sirio (ELS). Entre ellos se encontraban Ahrar Al-Sham, Harakat Nour Al-Din Al-Zinki, Jaysh Al-Islam, Jund Al-Aqsa, Al-Jabha Al-Shamiyya, Jaysh Al-Mujahideen y Sawt Al-Haq. Seg\u00fan los informes, las facciones hab\u00edan llegado a un entendimiento sobre la uni\u00f3n para formar una sola entidad pol\u00edtico-militar, con un estimado de 100.000 combatientes.<a href=\"#_edn1\" name=\"_ednref1\">[1]<\/a><\/p>\n<p>En este estado de emergencia, las potencias est\u00e1n divididas entre los l\u00edderes de las principales facciones, con Al-Joulani como comandante militar y responsable principal en la toma de decisiones, mientras que la propia entidad estar\u00e1 encabezada por el comandante de Ahrar Al-Sham Abu &#8216;Ammar Al-Omar. El Consejo Shura estar\u00e1 encabezado por el l\u00edder de Harakat Nour Al-Din Al-Zinki Tawfiq Shihab Al-Din.<\/p>\n<p>Tambi\u00e9n seg\u00fan los informes, las facciones est\u00e1n, bajo estos entendimientos, de anunciar su disoluci\u00f3n y su plena incorporaci\u00f3n en el nuevo cuerpo dentro de una semana como m\u00e1ximo. Los comandantes de las facciones renunciar\u00e1n a su estatus y roles, las banderas de las facciones ser\u00e1n quemadas y el uso de los nombres de la facci\u00f3n ser\u00e1 prohibido.<\/p>\n<p>La entidad tendr\u00e1 una filial legislativa, el Consejo Shura, que incluir\u00e1 a los diversos l\u00edderes de las facciones y elaborar\u00e1 una constituci\u00f3n conforme al sharia. Tendr\u00e1 un poder ejecutivo que incluir\u00e1 un poder judicial a cargo de todos los tribunales, una fuerza policial, un Ministerio de Dotaciones Religiosas y un Ministerio de Defensa. Tambi\u00e9n establecer\u00e1 redes de televisi\u00f3n y radio.<a href=\"#_edn2\" name=\"_ednref2\">[2]<\/a><\/p>\n<p>Estos informes fueron acompa\u00f1ados por los anuncios de algunos l\u00edderes de las facciones de que se estar\u00edan fusionando. Por lo tanto, el comandante del Jaysh Al-Mujahideen Abu Bakr tuite\u00f3: \u00abEst\u00e9n pendientes por la feliz noticia nuestra respecto a un pr\u00f3ximo sindicato que los alegrara a ustedes y entristecer\u00e1 a sus enemigos &#8211; un programa nacional que representa la revoluci\u00f3n del pueblo&#8230;\u00bb<a href=\"#_edn3\" name=\"_ednref3\">[3]<\/a><\/p>\n<p><img decoding=\"async\" src=\"https:\/\/www.memri.org\/sites\/default\/files\/new_images\/6717B.jpg\" alt=\"\" \/><\/p>\n<p><em>El tuit de Abu Bakr<\/em><\/p>\n<p>Seg\u00fan se inform\u00f3, la nueva entidad deb\u00eda declararse el 18 de diciembre, pero al momento de redactar este documento a\u00fan no hab\u00eda sucedido, indicando que los preparativos todav\u00eda est\u00e1n en curso. Tambi\u00e9n seg\u00fan algunos informes, algunas facciones est\u00e1n examinando la posibilidad de una sala de operaciones unificada supervisando los diversos frentes de batalla, as\u00ed como tambi\u00e9n la creaci\u00f3n de un aparato militar unido para las operaciones que conducen al establecimiento de la pol\u00edticamente unida entidad militar.<a href=\"#_edn4\" name=\"_ednref4\">[4]<\/a><\/p>\n<p><strong>La oposici\u00f3n moderada siria le teme a la islamizaci\u00f3n de la revoluci\u00f3n siria<\/strong><\/p>\n<p>La oposici\u00f3n moderada siria estaba dividida en esta nueva entidad emergente. Sus partidarios incluyeron a Abu Muhammad Al-&#8216;Asmi, del consejo de liderazgo del Ej\u00e9rcito de Liberaci\u00f3n Sirio, que lo llam\u00f3 \u00abun plan de rescate para la revoluci\u00f3n siria\u00bb y dijo: \u00abEste plan incluye la fusi\u00f3n de las facciones bajo un solo liderazgo, muy distante de esta ideolog\u00eda. Esto es a pesar de la naturaleza isl\u00e1mica de la mayor\u00eda de las facciones sirias, incluyendo las facciones de la FSA\u00bb. La entidad, a\u00f1adi\u00f3, ser\u00e1 \u00abuna facci\u00f3n puramente siria. Los elementos no sirios, si existen, no tomar\u00e1n posturas de liderazgo\u00bb.<a href=\"#_edn5\" name=\"_ednref5\">[5]<\/a><\/p>\n<p>Al-&#8216;Asmi, sin embargo, parece encontrarse en la minor\u00eda; La mayor\u00eda de las facciones opositoras militares y pol\u00edticas moderadas est\u00e1n en contra de la nueva entidad, temiendo que sea un intento por Al-Joulani de asumir el control de las otras facciones e islamizar totalmente a la revoluci\u00f3n siria. Por lo tanto, se inform\u00f3 que varias facciones opositoras, una parte de la FSA y algunos de ellos islamistas que se oponen a la entidad y se niegan a aceptar a Al-Joulani como l\u00edder, discut\u00edan su propia fusi\u00f3n, pero a\u00fan no han llegado a comprender su naturaleza sobre lo que ser\u00eda y si ser\u00eda \u00fanicamente militar o pol\u00edtico tambi\u00e9n.<a href=\"#_edn6\" name=\"_ednref6\">[6]<\/a><\/p>\n<p>Samir Al-Nashar, ex miembro de la Coalici\u00f3n Nacional para las Fuerzas Opositoras Revolucionarias Sirias, dijo que tem\u00eda que esta entidad isl\u00e1mica convirtiera a Idlib en \u00abKandahar 2\u00bb.<a href=\"#_edn7\" name=\"_ednref7\">[7]<\/a> Dijo que hab\u00eda enviado un mensaje claro a las facciones que al parecer ten\u00edan la intenci\u00f3n de unirse a Al-Joulani dici\u00e9ndoles que hab\u00edan sido enga\u00f1ados y que \u00abse enfrentar\u00e1n a un holocausto sin que nadie los proteja&#8230; Todas las facciones que son forzadas a unirse a Jabhat Fath Al-Sham sufrir\u00e1n un holocausto sin precedentes en t\u00e9rminos de v\u00edctimas y p\u00e9rdidas&#8230; No s\u00f3lo los pa\u00edses se opondr\u00e1n a esta entidad, sino tambi\u00e9n al pueblo sirio, que rechaza tales tendencias\u00bb.<a href=\"#_edn8\" name=\"_ednref8\">[8]<\/a><\/p>\n<p>Otros opositores advirtieron que la fusi\u00f3n \u00abproveer\u00e1 un pretexto a Rusia y al r\u00e9gimen para bombardear y destruir Idlib y sus \u00e1reas rurales, tal como lo hicieron en Alepo con el pretexto de combatir el terrorismo\u00bb.<a href=\"#_edn9\" name=\"_ednref9\">[9]<\/a><\/p>\n<p>Partidarios \u00e1rabes de opositores sirios tambi\u00e9n le temen a la fusi\u00f3n y su toma a trav\u00e9s de Jabhat Fath Al-Sham. El diario saudita londinense <em>Al-Sharq Al-Awsat<\/em> cit\u00f3 a &#8216;Abd Al-Rahman Al-Hajj, experto en organizaciones extremistas, quien dijo que la aparici\u00f3n de dicha entidad es \u00abla aparici\u00f3n de la cuarta generaci\u00f3n de Al-Qaeda\u00bb, y lo llam\u00f3 \u00abuna campana de alarma para la comunidad internacional, porque [esta entidad] est\u00e1 empujando hacia la direcci\u00f3n de una corriente extremista global y eliminar\u00e1 [cualquier posibilidad de] control al norte de Siria\u00bb. Tambi\u00e9n cit\u00f3 fuentes que comparan la fusi\u00f3n a \u00abcolocar todas las facciones dentro del uniforme de los condenados a muerte internacionalmente\u00bb, que suprimir\u00e1 el sue\u00f1o de los sirios por una revoluci\u00f3n\u00bb.<a href=\"#_edn10\" name=\"_ednref10\">[10]<\/a><\/p>\n<p><a href=\"#_ednref1\" name=\"_edn1\">[1]<\/a> <em>Al-Sharq Al-Awsat<\/em> (Londres), 19 de diciembre, 2016.<\/p>\n<p><a href=\"#_ednref2\" name=\"_edn2\">[2]<\/a> <em>Al-Sharq Al_Awsat<\/em> (Londres), 18 de diciembre, 2016.<\/p>\n<p><a href=\"#_ednref3\" name=\"_edn3\">[3]<\/a> Twitter.com\/BBakr70, 18 de diciembre, 2016.<\/p>\n<p><a href=\"#_ednref4\" name=\"_edn4\">[4]<\/a> Zamanalwsl.net, 19 de diciembre, 2016.<\/p>\n<p><a href=\"#_ednref5\" name=\"_edn5\">[5]<\/a> <em>Al-Sharq Al-Awsat<\/em> (Londres), 18 de diciembre, 2016.<\/p>\n<p><a href=\"#_ednref6\" name=\"_edn6\">[6]<\/a> Orient-news.net, 19 de diciembre, 2016.<\/p>\n<p><a href=\"#_ednref7\" name=\"_edn7\">[7]<\/a> Una referencia a la toma de Kandahar, Afganist\u00e1n por los talibanes, en la d\u00e9cada de los 90 y su transformaci\u00f3n en la capital Talib\u00e1n.<\/p>\n<p><a href=\"#_ednref8\" name=\"_edn8\">[8]<\/a> <em>Al-Sharq Al-Awsat<\/em>, (Londres), 18 de diciembre, 2016.<\/p>\n<p><a href=\"#_ednref9\" name=\"_edn9\">[9]<\/a> Elaph.com, 18 de diciembre, 2016.<\/p>\n<p><a href=\"#_ednref10\" name=\"_edn10\">[10]<\/a> <em>Al-Sharq Al-Awsat<\/em>, (Londres), 19 de diciembre, 2016.<\/p>\n<p>&nbsp;<\/p>\n","protected":false},"excerpt":{"rendered":"<p>Tras la ca\u00edda de Alepo al r\u00e9gimen sirio y el constatar de que la derrota de la oposici\u00f3n fue causada, al menos en parte, por las divisiones entre las distintas facciones combatientes, la prensa \u00e1rabe y los medios sociales \u00e1rabes han presentado en los \u00faltimos d\u00edas numerosos informes de que algunas de las principales facciones [&hellip;]<\/p>\n","protected":false},"author":1,"featured_media":22760,"comment_status":"open","ping_status":"open","sticky":false,"template":"","format":"standard","meta":{"footnotes":""},"categories":[4,6,18,26],"tags":[],"class_list":["post-22759","post","type-post","status-publish","format-standard","has-post-thumbnail","hentry","category-archivos","category-comunicados-especiales","category-paises","category-siria"],"_links":{"self":[{"href":"https:\/\/www2.memri.org\/espanol\/wp-json\/wp\/v2\/posts\/22759","targetHints":{"allow":["GET"]}}],"collection":[{"href":"https:\/\/www2.memri.org\/espanol\/wp-json\/wp\/v2\/posts"}],"about":[{"href":"https:\/\/www2.memri.org\/espanol\/wp-json\/wp\/v2\/types\/post"}],"author":[{"embeddable":true,"href":"https:\/\/www2.memri.org\/espanol\/wp-json\/wp\/v2\/users\/1"}],"replies":[{"embeddable":true,"href":"https:\/\/www2.memri.org\/espanol\/wp-json\/wp\/v2\/comments?post=22759"}],"version-history":[{"count":0,"href":"https:\/\/www2.memri.org\/espanol\/wp-json\/wp\/v2\/posts\/22759\/revisions"}],"wp:featuredmedia":[{"embeddable":true,"href":"https:\/\/www2.memri.org\/espanol\/wp-json\/wp\/v2\/media\/22760"}],"wp:attachment":[{"href":"https:\/\/www2.memri.org\/espanol\/wp-json\/wp\/v2\/media?parent=22759"}],"wp:term":[{"taxonomy":"category","embeddable":true,"href":"https:\/\/www2.memri.org\/espanol\/wp-json\/wp\/v2\/categories?post=22759"},{"taxonomy":"post_tag","embeddable":true,"href":"https:\/\/www2.memri.org\/espanol\/wp-json\/wp\/v2\/tags?post=22759"}],"curies":[{"name":"wp","href":"https:\/\/api.w.org\/{rel}","templated":true}]}}