{"id":2274,"date":"2008-05-15T00:00:00","date_gmt":"2008-05-15T00:00:00","guid":{"rendered":"http:\/\/www2.memri.org\/espanol\/2008\/05\/15\/resena-de-los-portales-de-memri-mayo-15-2008\/"},"modified":"2008-05-15T00:00:00","modified_gmt":"2008-05-15T00:00:00","slug":"resena-de-los-portales-de-memri-mayo-15-2008","status":"publish","type":"post","link":"https:\/\/www2.memri.org\/espanol\/resena-de-los-portales-de-memri-mayo-15-2008\/2274","title":{"rendered":"Rese\u00f1a de los Portales de MEMRI, Mayo 15, 2008"},"content":{"rendered":"<div class=\"bodytext c2\"><!--Document Body --><\/p>\n<div class=\"bodytext c2\"><!--Document Body --><\/p>\n<div class=\"bodytext c2\">\n<p><strong><u>MEMRI.ORG<\/u><\/strong><\/p>\n<p><u>Investigaci\u00f3n y An\u00e1lisis # 438<\/u><\/p>\n<p><strong>Pa\u00edses occidentales cancelan deuda iraqu\u00ed, los pa\u00edses del Golfo no<\/strong><br \/>Por el: Dr. Nimrod Raphaeli*<br \/>[<u>Fuente<\/u>: Irak, Club de Prensa de Paris, (Par\u00eds), 21 de noviembre, 2004]<\/p>\n<p>Durante los largos a\u00f1os del mandato de Saddam Hussein en Irak, la informaci\u00f3n econ\u00f3mica fue tratada como secreto nacional, y la revelaci\u00f3n de tales datos a personas no autorizadas podr\u00eda traer la pena de muerte. Por consiguiente, fue s\u00f3lo despu\u00e9s de la ca\u00edda del r\u00e9gimen que la magnitud de la enorme deuda soberana de Irak, estimada para el momento en m\u00e1s de $120 billones, se iba a convertir en historial p\u00fablico.<\/p>\n<p>Despu\u00e9s de la invasi\u00f3n de Irak en abril del 2003, se hizo evidente que el desarrollo econ\u00f3mico y social del pa\u00eds no pod\u00eda ser iniciado con tanta proyecci\u00f3n de la deuda externa, y el tema fue tomado por el Club de Par\u00eds.<\/p>\n<p><em>El art\u00edculo completo puede ser visto en el siguiente enlace<\/em>: <a href=\"http:\/\/www2.memri.org\/bin\/espanol\/ultimasnoticias.cgi?ID=IA43808\">http:\/\/www2.memri.org\/bin\/espanol\/ultimasnoticias.cgi?ID=IA43808<\/a><\/p>\n<p class=\"c1\">* * * * * * * *<\/p>\n<p><u>Despacho Especial # 1930<\/u><\/p>\n<p><strong>Presidente iran\u00ed Ahmadinejad &#8216;La desintegraci\u00f3n&#8217; de Israel es inminente; este le dice a Bush en referencia al L\u00edbano: Estas derrotado, confinado a la extinci\u00f3n<\/strong><br \/>[<u>Fuente<\/u>: IRINN 15 de mayo, 2008]<\/p>\n<p>En una alocuci\u00f3n p\u00fablica que fue presentada en el canal de noticias iran\u00ed IRINN el 15 de mayo del 2008, el Presidente iran\u00ed Mahmoud Ahmadinejad declar\u00f3 que la celebraci\u00f3n del aniversario numero 60 de Israel es una se\u00f1al de que Israel caer\u00e1 pronto. \u00c9l acus\u00f3 a Israel, a funcionarios norteamericanos y a elementos brit\u00e1nicos de planear y autorizar ataques terroristas en Ir\u00e1n\u00bb.<\/p>\n<p>Ahmadinejad tambi\u00e9n respondi\u00f3 a los comentarios de un entrevistador en c\u00f3mo el pueblo iran\u00ed espera que su gobierno cierre la Embajada brit\u00e1nica en Teher\u00e1n.<\/p>\n<p>El despacho presenta extractos de la alocuci\u00f3n:<\/p>\n<p>Para ver este clip de video en MEMRI TV, visite:<br \/><a href=\"http:\/\/www.memritv.org\/clip\/en\/1769.htm\">http:\/\/www.memritv.org\/clip\/en\/1769.htm<\/a>.<\/p>\n<p>Para ver la p\u00e1gina de MEMRI TV sobre Mahmoud Ahmadinejad, visite:<br \/><a href=\"http:\/\/www.memritv.org\/subject\/en\/358.htm\">http:\/\/www.memritv.org\/subject\/en\/358.htm<\/a>.<br \/><em><br \/>Este art\u00edculo puede ser visto en su totalidad en el siguiente enlace<\/em>:<br \/><a href=\"http:\/\/www2.memri.org\/bin\/espanol\/ultimasnoticias.cgi?ID=SD193008\">http:\/\/www2.memri.org\/bin\/espanol\/ultimasnoticias.cgi?ID=SD193008<\/a><\/p>\n<p class=\"c1\"><strong>* * * * * * *<\/strong><\/p>\n<p>Para entrar al portal MEMRI: <a href=\"http:\/\/www2.memri.org\">http:\/\/www2.memri.org<\/a><\/p>\n<p>_________________________________________________________<\/p>\n<p><u><strong>MEMRI TV<\/strong><\/u><\/p>\n<p><strong>Disertante de universidad jordana Ibrahim &#8216;Alloush sugiere enviar atacantes suicidas armados con \u00abpeque\u00f1as bombas nucleares\u00bb a Israel<\/strong><\/p>\n<p>Clip de Video #1770: <a href=\"http:\/\/www.memritv.org\/clip\/en\/1770.htm\">http:\/\/www.memritv.org\/clip\/en\/1770.htm<\/a><br \/>[<u>Fuente<\/u>: Al-Jazeera TV (Qatar) &#8211; 13 de mayo, 2008]<\/p>\n<p class=\"c1\">\n<p class=\"c1\">* * * * * * * *<\/p>\n<p>Para entrar al portal MEMRI TV: <u><a href=\"http:\/\/www.memritv.org\/\">http:\/\/www.memritv.org<\/a><\/u><\/p>\n<p><strong>_________________________________________________________<\/strong><\/p>\n<p><u><strong>BLOG MEMRI<\/strong><\/u><\/p>\n<p><strong>Nuevo en MEMRI TV: Presidente iran\u00ed Mahmoud Ahmadinejad: El Imam Oculto conduce todos los asuntos del mundo<\/strong><\/p>\n<p>Haga clic aqu\u00ed para ver este clip de video en MEMRI TV:<br \/><a href=\"http:\/\/www.memritv.org\/clip\/en\/1768.htm\">http:\/\/www.memritv.org\/clip\/en\/1768.htm<\/a><\/p>\n<p>(Tambi\u00e9n vea \u00abAhmadinejad: El Imam Oculto conduce el mundo\u00bb.)<br \/><a href=\"http:\/\/www.thememriblog.org\/iran\/blog_personal\/en\/7298.htm\">http:\/\/www.thememriblog.org\/iran\/blog_personal\/en\/7298.htm<\/a><\/p>\n<p><em>Para ver el video clip:<\/em> <a href=\"http:\/\/www.thememriblog.org\/blog_personal\/en\/7399.htm\">http:\/\/www.thememriblog.org\/blog_personal\/en\/7399.htm<\/a><\/p>\n<p class=\"c1\"><strong>* * * * * * * *<\/strong><\/p>\n<p><strong>Fuentes de seguridad sudanesas clausuran diario<\/strong><br \/>[<u>Fuente<\/u>: <em>Al-Ayam<\/em>, Sud\u00e1n, 15 de mayo, 2008]<\/p>\n<p>Los servicios de seguridad sudaneses cerraron ayer el diario Alwan, confiscaron los recursos de la compa\u00f1\u00eda que lo publicaba, y entregaron una demanda criminal en contra de su editor.<\/p>\n<p>Fuentes de seguridad dijeron que el diario public\u00f3 informaci\u00f3n que da\u00f1\u00f3 la seguridad del estado.<\/p>\n<p><em>Para ver el art\u00edculo:<\/em> <a href=\"http:\/\/www.thememriblog.org\/blog_personal\/en\/7397.htm\">http:\/\/www.thememriblog.org\/blog_personal\/en\/7397.htm<\/a><\/p>\n<p class=\"c1\"><strong>* * * * * * * *<\/strong><\/p>\n<p class=\"c1\">\n<p><strong>Presidente de Sud\u00e1n: Sud\u00e1n repeler\u00e1 cualquier invasor, quinta columna<\/strong><br \/>[<u>Fuente<\/u>: <em>Al-Ayyam<\/em>, Sud\u00e1n, 15 de mayo, 2008]<\/p>\n<p>En un discurso en la concentraci\u00f3n \u00abVictoria y Apoyo\u00bb celebrando el repele al ataque rebelde de Darfur en Khartoum, el Presidente de Sud\u00e1n Omar Al-Bashir dijo que los hijos de Sud\u00e1n estaban deseosos de repeler a cualquier traidor o quinta columna.<\/p>\n<p>\u00c9l atac\u00f3 severamente al l\u00edder rebelde Khalil Ibrahim, diciendo que se hab\u00eda vendido a si mismo a los sionistas y cruzados y que no ten\u00eda ninguna conexi\u00f3n con la desgracia del pueblo de Darfur.<\/p>\n<p><em>Para ver el art\u00edculo:<\/em> <a href=\"http:\/\/www.thememriblog.org\/blog_personal\/en\/7396.htm\">http:\/\/www.thememriblog.org\/blog_personal\/en\/7396.htm<\/a><\/p>\n<p class=\"c1\"><strong>* * * * * * * *<\/strong><\/p>\n<p><strong>Caudillo de Darfur: La batalla continuar\u00e1<\/strong><br \/>[<u>Fuente<\/u>: <em>Al-Sharq Al-Awsat<\/em>, Londres, 10 de mayo, 2008]<\/p>\n<p>Khalil Ibrahim, encabezado de la organizaci\u00f3n rebelde de Darfur Justicia y Movimiento de Igualdad (JMI), qui\u00e9n est\u00e1 siendo perseguido por las autoridades sudanesas como consecuencia al ataque del 10 de mayo a su organizaci\u00f3n en Khartoum, dice que est\u00e1 junto a sus soldados en un lugar seguro.<\/p>\n<p>\u00c9l declar\u00f3 que su organizaci\u00f3n estaba determinada a continuar la batalla dentro y fuera de Khartoum para asegurar los derechos del pueblo de Darfur y traer justicia a Sud\u00e1n.<\/p>\n<p><em>Para ver el art\u00edculo:<\/em> <a href=\"http:\/\/www.thememriblog.org\/blog_personal\/en\/7395.htm\">http:\/\/www.thememriblog.org\/blog_personal\/en\/7395.htm<\/a><\/p>\n<p class=\"c1\"><strong>* * * * * * *<\/strong><\/p>\n<p class=\"c1\">\n<p>Para mayor informaci\u00f3n: <a href=\"http:\/\/www.thememriblog.org\">http:\/\/www.thememriblog.org<\/a><\/p>\n<p><strong>_________________________________________________________<\/strong><\/p>\n<p><strong><u>PROYECTO SUPERVISI\u00d3N PORTALES ISLAMISTAS DE MEMRI<\/u><\/strong><\/p>\n<p class=\"c1\"><strong>* * * * * * * *<\/strong><\/p>\n<p>Para mayor informaci\u00f3n: <u><a href=\"http:\/\/www.memrijttm.org\">http:\/\/www.memrijttm.org<\/a><\/u><\/p>\n<p><strong>_________________________________________________________<\/strong><\/p>\n<p><strong><u>BLOG MEDI\u00c1TICO IR\u00c1N DE MEMRI<\/u><\/strong><\/p>\n<p><strong>C\u00edrculos religiosos iran\u00edes critican afirmaciones de Ahmadinejad a contacto con el Imam Oculto<\/strong><br \/>[<u>Fuente<\/u>: Aftab, Ir\u00e1n, 13 de mayo, 2008; <em>Jomhouri-e Eslami<\/em>, Ir\u00e1n, 12 de mayo, 2008]<\/p>\n<p>Un art\u00edculo en el diario iran\u00ed <em>Jomhouri-e Eslami<\/em>, el cual se identifica con los seminarios religiosos en Qom y con Hashemi Rafsanjani, llama en los cl\u00e9rigos a declarar que no apoyan las declaraciones del Presidente iran\u00ed Mahmoud Ahmadinejad respecto a sus conexiones con el Imam Oculto, el Mes\u00edas chi&#8217;ita, porque no es conocedor de la ley religiosa isl\u00e1mica.<\/p>\n<p>Tambi\u00e9n, el Ayatola Abo Al-Hassan Al\u00e1 Bedashti, experto en el Imam Oculto, ha llamado a la remoci\u00f3n de Ahmadinejad de su cargo. \u00c9l explic\u00f3 que la politizaci\u00f3n del Imam Oculto va en contra del chi&#8217;a, y advirti\u00f3 contra los mentirosos que aparecen y exigen tener contacto con \u00e9l, tal como est\u00e1 escrito en la tradici\u00f3n chi&#8217;ita.<\/p>\n<p><em>Para ver el art\u00edculo:<\/em> <a href=\"http:\/\/www.thememriblog.org\/iran\/blog_personal\/en\/7389.htm\">http:\/\/www.thememriblog.org\/iran\/blog_personal\/en\/7389.htm<\/a><\/p>\n<p class=\"c1\"><strong>* * * * * * * *<\/strong><\/p>\n<p>Para mayor informaci\u00f3n sobre Ir\u00e1n: <a href=\"http:\/\/www.thememriblog.org\/iran\">http:\/\/www.thememriblog.org\/iran<\/a><\/p>\n<p><strong>_________________________________________________________<\/strong><\/p>\n<p><strong><u>BLOG MEDI\u00c1TICO URDU-PASHTO DE MEMRI<\/u><\/strong><\/p>\n<p><strong>Grupo chiita: Israel es como una espada envenenada infectada para el Ummah musulm\u00e1n<\/strong><br \/>[<u>Fuente<\/u>: <em>Roznama Jang<\/em>, Pakist\u00e1n, 15 de mayo, 2008; <em>Roznama Mashriq<\/em>, Pakist\u00e1n, 15 de mayo, 2008]<\/p>\n<p>Un grupo de estudiantes chia de la <em>Organizaci\u00f3n<\/em> <em>de Estudiantes Jafria<\/em> con sede en Pakist\u00e1n ha marcado el 14 de mayo como el &lsquo;&lsquo;D\u00eda de la Muerte de Israel\u00bb. Seg\u00fan un informe en el diario en idioma urdu, la organizaci\u00f3n celebr\u00f3 una protesta delante del Club de Prensa Karachi d\u00f3nde sus miembros desplegaron pancartas con consignas contra Israel y los Estados Unidos.<\/p>\n<p>Seg\u00fan el informe, los l\u00edderes estudiantes se dirigieron a los manifestantes diciendo: &lsquo;&lsquo;La existencia de Israel es como una espada envenenada infectada para el Ummah musulm\u00e1n. El d\u00eda decimocuarto de mayo es el d\u00eda infortunado cuando los sionistas ilegalmente ocuparon la tierra palestina con la ayuda de los Estados Unidos y G. Breta\u00f1a\u00bb.<\/p>\n<p class=\"c1\">\n<p><em>Para ver el art\u00edculo:<\/em> <a href=\"http:\/\/www.thememriblog.org\/urdupashtu\/blog_personal\/en\/7404.htm\">http:\/\/www.thememriblog.org\/urdupashtu\/blog_personal\/en\/7404.htm<\/a><\/p>\n<p class=\"c1\"><strong>* * * * * * * *<\/strong><\/p>\n<p class=\"c1\">\n<p>Para mayor informaci\u00f3n sobre Pakist\u00e1n y Afganist\u00e1n: <u><a href=\"http:\/\/www.thememriblog.org\/urdupashtu\">http:\/\/www.thememriblog.org\/urdupashtu<\/a><\/u><\/p>\n<p><strong>_________________________________________________________<\/strong><\/p>\n<p><strong><u>BLOG MEDI\u00c1TICO TURQU\u00cdA DE MEMRI<\/u><\/strong><\/p>\n<p><strong>Diario islamista Yeni Safak: &ldquo;Ella se cubri\u00f3 la cabeza y escuch\u00f3 el Cor\u00e1n&rdquo;<\/strong><br \/>[<u>Fuente<\/u>: <em>Yeni Safak,<\/em> Turqu\u00eda, 15 de mayo, 2008]<\/p>\n<p>La Reina Elizabeth II visit\u00f3 la Mezquita y la Tumba [verde] Yesil, al noroeste de la ciudad de Bursa, ayer. All\u00ed, escuch\u00f3 el <em>sura &lsquo;Rahman&#8217;<\/em> del Cor\u00e1n recitado por el profesor de teolog\u00eda Mehmet Emin Ay. La Reina quien estaba acompa\u00f1ada por la Primera Dama de Turqu\u00eda Hayrunnisa Gul y la esposa del Ministro del Exterior Zeynep Babacan, se quito los zapatos y su sombrero y se cubri\u00f3 la cabeza con una bufanda antes de entrar en la mezquita. Un Cor\u00e1n en ingl\u00e9s fue presentado a la Reina como obsequio.<\/p>\n<p><em>Para ver el art\u00edculo completo:<\/em> <a href=\"http:\/\/www.thememriblog.org\/turkey\/blog_personal\/en\/7398.htm\">http:\/\/www.thememriblog.org\/turkey\/blog_personal\/en\/7398.htm<\/a><\/p>\n<p class=\"c1\">* * * * * * * *<\/p>\n<p>Para mayor informaci\u00f3n sobre Turqu\u00eda: <a href=\"http:\/\/www.thememriblog.org\/turkey\">http:\/\/www.thememriblog.org\/turkey<\/a><\/p>\n<p><strong>_________________________________________________________<\/strong><\/p>\n<p><strong><u>BLOG ECON\u00d3MICO DE MEMRI<\/u><\/strong><\/p>\n<p><strong>Pa\u00edses del CCG invierten fuertemente en Marruecos<\/strong><br \/>[<u>Fuente<\/u>: Times de Marruecos (Marruecos), 4 de abril, 2008]<\/p>\n<p>Los pa\u00edses del CCG est\u00e1n invirtiendo fuertemente en Marruecos, particularmente en turismo y bienes ra\u00edces. La construcci\u00f3n se evidencia por doquier. Estas inversiones reflejan las fuertes relaciones diplom\u00e1ticas entre Marruecos y los reg\u00edmenes en los pa\u00edses del Golfo. Algunos analistas agregar\u00edan la afinidad sunni como otro factor, pero ante todo, es la econom\u00eda liberada y las reformas econ\u00f3micas en Marruecos que parecen estar atrayendo a la mayor\u00eda de los inversionistas de la regi\u00f3n del Golfo.<\/p>\n<p class=\"c1\">\n<p><em>Para ver el art\u00edculo completo:<\/em> <a href=\"http:\/\/memrieconomicblog.org\/bin\/content.cgi?article=190\">http:\/\/memrieconomicblog.org\/bin\/content.cgi?article=190<\/a><\/p>\n<p class=\"c1\">* * * * * * * *<\/p>\n<p>Para m\u00e1s informaci\u00f3n sobre econ\u00f3mia: <a href=\"http:\/\/memrieconomicblog.org\">http:\/\/memrieconomicblog.org<\/a><\/p>\n<p><strong>_________________________________________________________<\/strong><\/p>\n<p><strong><u>BLOG CULTURA \u00c1RABE DE MEMRI<\/u><\/strong><\/p>\n<p><strong>Vida nocturna en Beirut<\/strong><\/p>\n<p><em>Para ver el video clip:<\/em> <a href=\"http:\/\/www.thememriblog.org\/arabculture\/blog_personal\/en\/7407.htm\">http:\/\/www.thememriblog.org\/arabculture\/blog_personal\/en\/7407.htm<\/a><\/p>\n<p class=\"c1\">* * * * * * * *<\/p>\n<p>Para mayor informaci\u00f3n sobre cultura \u00e1rabe: <a href=\"http:\/\/thememriblog.org\/arabculture\">http:\/\/thememriblog.org\/arabculture<\/a><\/p>\n<\/div>\n<\/div>\n<\/div>\n","protected":false},"excerpt":{"rendered":"<p>MEMRI.ORG Investigaci\u00f3n y An\u00e1lisis # 438 Pa\u00edses occidentales cancelan deuda iraqu\u00ed, los pa\u00edses del Golfo noPor el: Dr. Nimrod Raphaeli*[Fuente: Irak, Club de Prensa de Paris, (Par\u00eds), 21 de noviembre, 2004] Durante los largos a\u00f1os del mandato de Saddam Hussein en Irak, la informaci\u00f3n econ\u00f3mica fue tratada como secreto nacional, y la revelaci\u00f3n de tales [&hellip;]<\/p>\n","protected":false},"author":1,"featured_media":0,"comment_status":"open","ping_status":"open","sticky":false,"template":"","format":"standard","meta":{"footnotes":""},"categories":[32],"tags":[],"class_list":["post-2274","post","type-post","status-publish","format-standard","hentry","category-reportes-diarios"],"_links":{"self":[{"href":"https:\/\/www2.memri.org\/espanol\/wp-json\/wp\/v2\/posts\/2274","targetHints":{"allow":["GET"]}}],"collection":[{"href":"https:\/\/www2.memri.org\/espanol\/wp-json\/wp\/v2\/posts"}],"about":[{"href":"https:\/\/www2.memri.org\/espanol\/wp-json\/wp\/v2\/types\/post"}],"author":[{"embeddable":true,"href":"https:\/\/www2.memri.org\/espanol\/wp-json\/wp\/v2\/users\/1"}],"replies":[{"embeddable":true,"href":"https:\/\/www2.memri.org\/espanol\/wp-json\/wp\/v2\/comments?post=2274"}],"version-history":[{"count":0,"href":"https:\/\/www2.memri.org\/espanol\/wp-json\/wp\/v2\/posts\/2274\/revisions"}],"wp:attachment":[{"href":"https:\/\/www2.memri.org\/espanol\/wp-json\/wp\/v2\/media?parent=2274"}],"wp:term":[{"taxonomy":"category","embeddable":true,"href":"https:\/\/www2.memri.org\/espanol\/wp-json\/wp\/v2\/categories?post=2274"},{"taxonomy":"post_tag","embeddable":true,"href":"https:\/\/www2.memri.org\/espanol\/wp-json\/wp\/v2\/tags?post=2274"}],"curies":[{"name":"wp","href":"https:\/\/api.w.org\/{rel}","templated":true}]}}