{"id":22704,"date":"2016-11-28T18:32:33","date_gmt":"2016-11-28T23:02:33","guid":{"rendered":"http:\/\/www2.memri.org\/espanol\/?p=22704"},"modified":"2016-11-28T18:32:33","modified_gmt":"2016-11-28T23:02:33","slug":"respuestas-de-los-palestinos-y-arabes-en-los-medios-sociales-a-los-incendios-en-israel-expresiones-de-jubilo-junto-a-criticas-de-respuestas-alegres-y-ofrecimientos-de-ayuda-a-las-victimas-de-los-ince","status":"publish","type":"post","link":"https:\/\/www2.memri.org\/espanol\/respuestas-de-los-palestinos-y-arabes-en-los-medios-sociales-a-los-incendios-en-israel-expresiones-de-jubilo-junto-a-criticas-de-respuestas-alegres-y-ofrecimientos-de-ayuda-a-las-victimas-de-los-ince\/22704","title":{"rendered":"Respuestas de los palestinos y \u00e1rabes en los medios sociales a los incendios en Israel: Expresiones de j\u00fabilo junto a cr\u00edticas de respuestas alegres y ofrecimientos de ayuda a las v\u00edctimas de los incendios"},"content":{"rendered":"<p><em>Tras la ola de incendios forestales en Israel en los \u00faltimos d\u00edas, muchos palestinos, \u00e1rabes israel\u00edes y \u00e1rabes en otros pa\u00edses respondieron a los acontecimientos en las redes sociales. Muchas respuestas expresaron alegr\u00eda y jubilo por los incendios y los describieron como un castigo de Al\u00e1 por el trato de Israel hacia los palestinos, especialmente por su \u00abproyecto de ley muec\u00edn\u00bb teniendo como objetivo evitar que las mezquitas utilicen altavoces a fin de transmitir la convocatoria a los rezos. Al mismo tiempo, tambi\u00e9n hubo muchos \u00e1rabes israel\u00edes que condenaron estas expresiones de alegr\u00eda e incluso las calificaron de \u00abignorantes\u00bb y algunos funcionarios \u00e1rabes israel\u00edes e individuos ofrecieron asistir y acoger a los israel\u00edes, tanto jud\u00edos como \u00e1rabes, cuyos hogares fueron da\u00f1ados por el fuego.<\/em><\/p>\n<p><em>Lo siguiente es una muestra de estas respuestas en las redes sociales.<\/em><\/p>\n<p><strong>Expresiones de j\u00fabilo por los incendios, afirman que son \u00abun castigo de Al\u00e1\u00bb<\/strong><\/p>\n<p>Un publicado en la p\u00e1gina Facebook palestina \u00abEsta es Nablus\u00bb afirm\u00f3: \u00abAl\u00e9grense, Oh Inshirah,<a href=\"#_edn1\" name=\"_ednref1\">[1]<\/a> Israel se est\u00e1 incendiando, ja-ja-ja\u00bb, provocando expresiones de alegr\u00eda y regocijo de los lectores.<\/p>\n<p><img decoding=\"async\" src=\"http:\/\/www.memri.org\/image\/30811.png\" border=\"0\" \/><\/p>\n<p>Otro publicado en la misma p\u00e1gina dijo: \u00abLos vientos hicieron lo que el ummah isl\u00e1mico no pudo hacer para defender su religi\u00f3n. Los vientos son los soldados de Al\u00e1&#8230;\u00bb Un lector escribi\u00f3 en respuesta: \u00abAl\u00e1 maldice a los jud\u00edos, nuestro Dios puede [derrotarlos]\u00bb.<a href=\"#_edn2\" name=\"_ednref2\">[2]<\/a><\/p>\n<p>Un palestino que se hace llamar \u00abSham&#8217;at Tafaul\u00bb (\u00abLa Vela del Optimismo\u00bb) escribi\u00f3: \u00abPueda Al\u00e1 quemar a los jud\u00edos y proteger a los \u00e1rabes musulmanes y cristianos en Israel\u00bb.<a href=\"#_edn3\" name=\"_ednref3\">[3]<\/a><\/p>\n<p><img decoding=\"async\" src=\"http:\/\/www.memri.org\/image\/30812.png\" border=\"0\" \/><\/p>\n<p>Un palestino escribi\u00f3 en la p\u00e1gina Facebook afiliada a Hamas \u00abPalestina Ahora\u00bb: \u00abUn rezo colectivo: Oh Ala, te pedimos que dejes que los fuegos imperen al igual que las l\u00e1grimas musulmanas en Palestina fluyeron y los justos mientras cada gota de sangre pura fue derramada en crueldad y agresi\u00f3n y propio de las mezquitas y de los Cor\u00e1n que los indignos malhechores profanaron. Al\u00e1, no tengas piedad de ellos, al igual a ellos que no tienen misericordia por nuestros hermanos palestinos Amen! Mu\u00e9strales el Infierno en este mundo, oh grande y vengativo [Al\u00e1]. Am\u00e9n!\u00bb<a href=\"#_edn4\" name=\"_ednref4\">[4]<\/a><\/p>\n<p>Un publicado en una p\u00e1gina palestina en Facebook llamada \u00abNoticias de \u00daltimo Minuto desde Gaza\u00bb, dijo: \u00abCuando Abraha trat\u00f3 de destruir la Ka&#8217;aba, Al\u00e1 lo colm\u00f3 de bandadas de p\u00e1jaros,<a href=\"#_edn5\" name=\"_ednref5\">[5]<\/a> y cuando la ocupaci\u00f3n [israel\u00ed] trat\u00f3 de prohibir los altavoces de las mezquitas, Al\u00e1 agot\u00f3 a [los israel\u00edes] con incendios devastadores que no han disminuido en tres d\u00edas\u00bb.<a href=\"#_edn6\" name=\"_ednref6\">[6]<\/a><\/p>\n<p><img decoding=\"async\" src=\"http:\/\/www.memri.org\/image\/30813.png\" border=\"0\" \/><\/p>\n<p>Una respuesta an\u00f3nima a un publicado en la p\u00e1gina Facebook \u00abOjos sobre Haifa\u00bb declar\u00f3 por igual que los fuegos fueron un castigo de Al\u00e1 por el proyecto de ley muec\u00edn por parte de Israel. Este dijo: \u00abEse es un asentamiento israel\u00ed inciner\u00e1ndose. Eso es algo muy bueno, se lo merecen. Es un castigo de Al\u00e1 por prohibir la llamada a los rezos&#8230;\u00bb<a href=\"#_edn7\" name=\"_ednref7\">[7]<\/a><\/p>\n<p><img decoding=\"async\" src=\"http:\/\/www.memri.org\/image\/30814.png\" border=\"0\" \/><\/p>\n<p>Un usuario de Haifa respondi\u00f3 en la misma p\u00e1gina: \u00abPor supuesto que no me alegro por los incendios, porque yo vivo en Haifa, pero este es el castigo de Al\u00e1 por prohibir la llamada a los rezos&#8230; Espero que ning\u00fan \u00e1rabe sea lastimado&#8230; el fuego no distingue entre jud\u00edos y \u00e1rabes, [pero] Al\u00e1 distingue entre los opresores y los oprimidos&#8230;\u00bb<a href=\"#_edn8\" name=\"_ednref8\">[8]<\/a><\/p>\n<p>Un usuario \u00e1rabe de Nazaret escribi\u00f3 en la p\u00e1gina \u00e1rabe-israel\u00ed @we7di.48 en Facebook: \u00abAl\u00e1 Akbar, alabanzas a Al\u00e1&#8230; Sigan previniendo la llamada de las mezquitas a los rezos y vean lo que nuestro Al\u00e1 hace les [hace]&#8230;\u00bb<a href=\"#_edn9\" name=\"_ednref9\">[9]<\/a> Un \u00e1rabe israel\u00ed de Tamra escribi\u00f3 de manera similar: \u00abAl\u00e1 lo sabe todo. Es la ira de Al\u00e1 hacia el opresor&#8230; Alabado sea Al\u00e1&#8230;\u00bb<a href=\"#_edn10\" name=\"_ednref10\">[10]<\/a><\/p>\n<p>Un publicado en la p\u00e1gina palestina en Facebook Shu&#8217;afat Al-Quds afirm\u00f3 que Israel ment\u00eda cuando dijo que se hab\u00eda hallado evidencias a un intento de incendio intencional por palestinos: \u00abLas autoridades de la ocupaci\u00f3n afirman que encontraron un auto repleto de gas en uno de los bosques cercanos a un asentamiento jud\u00edo y que los palestinos lo hab\u00edan colocado all\u00ed para incendiarlo [e iniciar un incendio forestal] y repitieron esta mentira hasta que se la creyeron\u00bb. Un lector escribi\u00f3 en respuesta: \u00abMentirosos! Es igual a cuando sol\u00edan colocar cuchillos en los autos de los palestinos [para falsamente acusarlos de planear acuchillamientos]\u00bb.<a href=\"#_edn11\" name=\"_ednref11\">[11]<\/a><\/p>\n<p><img decoding=\"async\" src=\"http:\/\/www.memri.org\/image\/30815.png\" border=\"0\" \/><\/p>\n<p>Una respuesta en otra p\u00e1gina Facebook declar\u00f3 que los incendios eran un intento por parte de los israel\u00edes de incitar a los \u00e1rabes israel\u00edes. Este dijo: \u00abEstoy casi convencido de que todos estos incendios fueron deliberadamente iniciados por Israel. En mi opini\u00f3n y espero estar equivocado, este es uno de los pasos del plan para incitar a los \u00e1rabes israel\u00edes. Ellos han comenzado a llamarlo una intifada. No creo en casualidades, existe un truco aqu\u00ed\u00bb.<a href=\"#_edn12\" name=\"_ednref12\">[12]<\/a><\/p>\n<p><strong>Expresiones de j\u00fabilo de todo el mundo \u00e1rabe<\/strong><\/p>\n<p>Expresiones de alegr\u00eda y j\u00fabilo por los incendios en Israel tambi\u00e9n se expresaron alrededor del mundo \u00e1rabe. En un mensaje en su p\u00e1gina Facebook, el cl\u00e9rigo saudita Dr. Salman Al-&#8216;Odeh le dese\u00f3 a Israel los \u00abterribles tormentos del infierno\u00bb.<a href=\"#_edn13\" name=\"_ednref13\">[13]<\/a><\/p>\n<p><img decoding=\"async\" src=\"http:\/\/www.memri.org\/image\/30816.png\" border=\"0\" \/><\/p>\n<p>El poeta egipcio Amir Teima tuite\u00f3 bajo el hashtag \u00abIsrael se est\u00e1 Incendiando\u00bb: \u00abEs su derecho sentir que el regocijarse por los incendios en Israel es inhumano y es mi derecho esperar que el fuego destruya todo a su paso\u00bb.<a href=\"#_edn14\" name=\"_ednref14\">[14]<\/a><\/p>\n<p><img decoding=\"async\" src=\"http:\/\/www.memri.org\/image\/30817.png\" border=\"0\" \/><\/p>\n<p>El movimiento egipcio Ghalaba, opositor al r\u00e9gimen de Al-Sisi, public\u00f3 en su p\u00e1gina Facebook: \u00abAl\u00e1, derrama tu ira sobre ellos al igual que incineraron a nuestros hijos en Gaza&#8230; y haz que las llamas de sus fuegos alcancen a todos los traidores l\u00edderes \u00e1rabes que se aliaron con ellos\u00bb.<a href=\"#_edn15\" name=\"_ednref15\">[15]<\/a><\/p>\n<p>El Jeque Mashari Rashed Al-&#8216;Afasi, el imam de la Gran Mezquita en la Ciudad de Kuwait y predicador de un ministerio de dotaciones religiosas, estableci\u00f3 una conexi\u00f3n entre los incendios y la ley muec\u00edn. Este tuiteo: \u00abIsrael arde. Est\u00e1 perdiendo el control y pidiendo la ayuda de sus aliados, luego que prohibi\u00f3 la llamada a lis rezos en la Jerusal\u00e9n ocupada y en nuestros lugares sagrados robados\u00bb.<a href=\"#_edn16\" name=\"_ednref16\">[16]<\/a><\/p>\n<p><img decoding=\"async\" src=\"http:\/\/www.memri.org\/image\/30818.png\" border=\"0\" \/><\/p>\n<p>Dentro del marco del hashtag \u00abIsrael est\u00e1 ardiendo\u00bb, un usuario en Facebook llamado Ahmad Al-Nashar public\u00f3 una foto de Hitler con el texto \u00abS\u00ed, esto trae de vuelta algunos recuerdos. Mueran lentamente, jud\u00edos, mueran lentamente\u00bb.<a href=\"#_edn17\" name=\"_ednref17\">[17]<\/a><\/p>\n<p><img decoding=\"async\" src=\"http:\/\/www.memri.org\/image\/30820.png\" border=\"0\" \/><\/p>\n<p><strong>\u00c1rabes israel\u00edes condenan las expresiones de j\u00fabilo por los incendios y llaman a ayudar a los israel\u00edes evacuados de sus hogares<\/strong><\/p>\n<p>Un mensaje publicado en la p\u00e1gina Facebook \u00e1rabe-israel\u00ed @we7di.48 se\u00f1al\u00f3 que los incendios tambi\u00e9n amenazaban a las ciudades y pueblos \u00e1rabes: \u00abEl incendio ha alcanzado Baqa Al-Gharbiyya, Jabel Al-Qafza en Nazaret, Iksal y la aldea \u00e1rabe de Nahaf, est\u00e1 destruyendo todo y la gente est\u00e1 siendo evacuada de sus hogares. [Tambi\u00e9n ha alcanzado] los bosques de Tamra y Kabul, el de Barta&#8217;a en Jenin, el de Deir Sharaf en Nablus, el de Jibia en Ramala y ha alcanzado a Tulkarem y Qalqilya!! De que est\u00e1n felices ustedes? Oh fuego, convertido en granizo; [Yo espero] [que nuestro pueblo salga de esta situaci\u00f3n] sana y salva\u00bb<a href=\"#_edn18\" name=\"_ednref18\">[18]<\/a><\/p>\n<p><img decoding=\"async\" src=\"http:\/\/www.memri.org\/image\/30821.png\" border=\"0\" \/><\/p>\n<p>Otro publicado en esta p\u00e1gina critic\u00f3 los informes y las respuestas en el mundo musulm\u00e1n que expresaron su alegr\u00eda por la desgracia ocurrida en Israel y vincularon los incendios al proyecto de ley muec\u00edn. Este dijo: \u00ab&#8230; Israel arde varios d\u00edas despu\u00e9s de [debatir] el proyecto de ley del muec\u00edn y el regocijo se esparce llenando a los pa\u00edses musulmanes\u00bb. Al\u00e1 Akbar [Pero] son \u00e1rboles, monta\u00f1as y llanuras que arden, es decir la patria. Por eso es que no entiendo esa sensaci\u00f3n de triunfo de la gente \u00bfNos hemos vuelto tan d\u00e9biles que nos regocijamos por la quema de un \u00e1rbol? Todo lo que sucede es que no hay lluvia a la vista y los fuertes vientos abanican las llamas. Mantengan su falso sentido de victoria para ustedes mismos. Espero derrotemos [nuestra propia] ignorancia alg\u00fan d\u00eda\u00bb.<a href=\"#_edn19\" name=\"_ednref19\">[19]<\/a><\/p>\n<p><img decoding=\"async\" src=\"http:\/\/www.memri.org\/image\/30822.png\" border=\"0\" \/><\/p>\n<p>Un publicado en la p\u00e1gina en Facebook \u00abNazaret Here &#8211; Aqu\u00ed Nazaret\u00bb le rog\u00f3 a Al\u00e1 que cuidara los \u00e1rboles, las casas, los bosques y la gente.<a href=\"#_edn20\" name=\"_ednref20\">[20]<\/a><\/p>\n<p><img decoding=\"async\" src=\"http:\/\/www.memri.org\/image\/30823.png\" border=\"0\" \/><\/p>\n<p>La p\u00e1gina \u00e1rabe israel\u00ed en Facebook Alarab.net public\u00f3 una pancarta titulada \u00abNuestras Casas Est\u00e1n Abiertos a Todos\u00bb, que pidi\u00f3 a los \u00e1rabes en Galilea y el \u00e1rea del \u00abtri\u00e1ngulo\u00bb: \u00abAbramos nuestros hogares a todos los residentes de Haifa, jud\u00edos y \u00e1rabes, cuyas viviendas han sido da\u00f1adas por los incendios o que han abandonado sus hogares por temor a que las llamas pueden alcanzarles\u00bb.<a href=\"#_edn21\" name=\"_ednref21\">[21]<\/a><\/p>\n<p><img decoding=\"async\" src=\"http:\/\/www.memri.org\/image\/30824.png\" border=\"0\" \/><\/p>\n<p>Varios alcaldes \u00e1rabes y jefes de consejos locales expresaron su pesar por los da\u00f1os causados por los incendios y ofrecieron acoger a las familias jud\u00edas y \u00e1rabes evacuadas como un gesto humanitario. Las p\u00e1ginas en Facebook The Nazaret Here y @we7di.48 citaron al alcalde de Nazaret, &#8216;Ali Salem, quien describi\u00f3 los acontecimientos como \u00abmuy tristes\u00bb y anunci\u00f3: \u00abNazaret, sus instalaciones y sus hoteles est\u00e1n abiertos a ciudadanos que han sido heridos por los incendios, ambos \u00e1rabes y jud\u00edos\u00bb. Este agreg\u00f3: \u00abTodos somos humanos, independientemente de nuestra religi\u00f3n. Todos vivimos en el mismo pa\u00eds y debemos ser hermanos, tanto en tiempos de necesidad como en los momentos de felicidad\u00bb.<a href=\"#_edn22\" name=\"_ednref22\">[22]<\/a><\/p>\n<p><img decoding=\"async\" src=\"http:\/\/www.memri.org\/image\/30825.png\" border=\"0\" \/><\/p>\n<p>El municipio Baqa Al-Gharbiya tambi\u00e9n se ofreci\u00f3 para ayudar a los residentes de Haifa y acogerlos en la ciudad.<a href=\"#_edn23\" name=\"_ednref23\">[23]<\/a><\/p>\n<p><img decoding=\"async\" src=\"http:\/\/www.memri.org\/image\/30826.png\" border=\"0\" \/><\/p>\n<p>La p\u00e1gina Facebook @we7di.48 cit\u00f3 a los alcaldes de Kafar Qassem y de Rahat y el municipio de Kafara Bara, quienes ofrecieron su ayudar y acoger a las familias evacuadas.<a href=\"#_edn24\" name=\"_ednref24\">[24]<\/a> La p\u00e1gina Facebook del Movimiento Isl\u00e1mico &#8211; Secci\u00f3n Sur cit\u00f3 al encabezado del movimiento Mansour Kamal, diciendo que decenas de familias \u00e1rabes est\u00e1n dispuestas a acoger a cualquier familia que haya sido perjudicada por los incendios, independientemente de si son jud\u00edos o \u00e1rabes.<a href=\"#_edn25\" name=\"_ednref25\">[25]<\/a><\/p>\n<p><img decoding=\"async\" src=\"http:\/\/www.memri.org\/image\/30827.png\" border=\"0\" \/><\/p>\n<p>De igual manera muchos \u00e1rabes israel\u00edes se ofrecieron a alojar familias obligadas a abandonar sus hogares debido a los incendios.<a href=\"#_edn26\" name=\"_ednref26\">[26]<\/a><\/p>\n<p><a href=\"#_ednref1\" name=\"_edn1\">[1]<\/a> El nombre de una mujer que significa \u00abalegr\u00eda\u00bb de una conocida canci\u00f3n egipcia.<\/p>\n<p><a href=\"#_ednref2\" name=\"_edn2\">[2]<\/a> Facebook.com\/ 414842175305404, 24 de noviembre, 2016.<\/p>\n<p><a href=\"#_ednref3\" name=\"_edn3\">[3]<\/a> Facebook.com\/HereNazareth, 25 de noviembre, 2016.<\/p>\n<p><a href=\"#_ednref4\" name=\"_edn4\">[4]<\/a> Facebook.com\/paltimes.net, 24 de noviembre, 2016.<\/p>\n<p><a href=\"#_ednref5\" name=\"_edn5\">[5]<\/a> Abraha fue un militar et\u00edope que domin\u00f3 gran parte del actual Yemen y Hiyaz en el siglo VI. De acuerdo a comentarios sobre versos del Surat Al-Fil en el Cor\u00e1n, Abraha construy\u00f3 una catedral en Sana&#8217;a para rivalizar con la Ka&#8217;ba como destino de peregrinaci\u00f3n y en respuesta los mecanos profanaron la catedral. Abraha se puso en marcha con una fuerza de elefantes para destruir la Ka&#8217;aba, pero Al\u00e1 les envi\u00f3 aves que mataron a los elefantes arroj\u00e1ndoles piedras.<\/p>\n<p><a href=\"#_ednref6\" name=\"_edn6\">[6]<\/a> Facebook.com\/3ajel.pal, 24 de noviembre, 2016.<\/p>\n<p><a href=\"#_ednref7\" name=\"_edn7\">[7]<\/a> Facebook.com\/384834258390225, 24 de noviembre, 2016.<\/p>\n<p><a href=\"#_ednref8\" name=\"_edn8\">[8]<\/a> Facebook.com\/384834258390225, 24 de noviembre, 2016.<\/p>\n<p><a href=\"#_ednref9\" name=\"_edn9\">[9]<\/a> Facebook.com\/we7di.48, 24 de noviembre, 2016.<\/p>\n<p><a href=\"#_ednref10\" name=\"_edn10\">[10]<\/a> Facebook.com\/we7di.48, 22 de noviembre, 2016.<\/p>\n<p><a href=\"#_ednref11\" name=\"_edn11\">[11]<\/a> Facebook.com\/shufat.alquds, 25 de noviembre, 2016.<\/p>\n<p><a href=\"#_ednref12\" name=\"_edn12\">[12]<\/a> Facebook.com\/7sad.batof, 24 de noviembre, 2016.<\/p>\n<p><a href=\"#_ednref13\" name=\"_edn13\">[13]<\/a> Facebook.com\/SalmanAlodah, 24 de noviembre, 2016.<\/p>\n<p><a href=\"#_ednref14\" name=\"_edn14\">[14]<\/a> Twitter.com\/AmirTeima, 23 de noviembre, 2016.<\/p>\n<p><a href=\"#_ednref15\" name=\"_edn15\">[15]<\/a> Facebook.com\/ghalaba2016\/, 24 de noviembre, 2016.<\/p>\n<p><a href=\"#_ednref16\" name=\"_edn16\">[16]<\/a> Twitter.com\/Alafasy, 23 de noviembre, 2016.<\/p>\n<p><a href=\"#_ednref17\" name=\"_edn17\">[17]<\/a> Facebook.com\/hashtag\/%D8%A7%D8%B3%D8%B1%D8%A7%D9%8A%D9%8A%D9%84_%D8%AA%D8%AD%D8%AA%D8%B1%D9%82?source=feed_text&amp;story_id=1290143681037854, 24 de noviembre, 2016.<\/p>\n<p><a href=\"#_ednref18\" name=\"_edn18\">[18]<\/a> Facebook.com\/we7di.48, 25 de noviembre, 2016.<\/p>\n<p><a href=\"#_ednref19\" name=\"_edn19\">[19]<\/a> Facebook.com\/we7di.48, 25 de noviembre, 2016.<\/p>\n<p><a href=\"#_ednref20\" name=\"_edn20\">[20]<\/a> Facebook.com\/HereNazareth, 25 de noviembre, 2016.<\/p>\n<p><a href=\"#_ednref21\" name=\"_edn21\">[21]<\/a> Facebook.com\/www.alarab.net, 24 de noviembre, 2016.<\/p>\n<p><a href=\"#_ednref22\" name=\"_edn22\">[22]<\/a> Facebook.com\/we7di.48, Facebook.com\/HereNazareth, 24 de noviembre, 2016.<\/p>\n<p><a href=\"#_ednref23\" name=\"_edn23\">[23]<\/a> Facebook.com\/baqamuni, 25 de noviembre, 2016.<\/p>\n<p><a href=\"#_ednref24\" name=\"_edn24\">[24]<\/a> Facebook.com\/we7di.48, 24 de noviembre, 2016.<\/p>\n<p><a href=\"#_ednref25\" name=\"_edn25\">[25]<\/a> Facebook.com\/457530921023434, 24 de noviembre, 2016.<\/p>\n<p><a href=\"#_ednref26\" name=\"_edn26\">[26]<\/a> Facebook.com\/we7di.48\/, 24 de noviembre, 2016.<\/p>\n","protected":false},"excerpt":{"rendered":"<p>Tras la ola de incendios forestales en Israel en los \u00faltimos d\u00edas, muchos palestinos, \u00e1rabes israel\u00edes y \u00e1rabes en otros pa\u00edses respondieron a los acontecimientos en las redes sociales. Muchas respuestas expresaron alegr\u00eda y jubilo por los incendios y los describieron como un castigo de Al\u00e1 por el trato de Israel hacia los palestinos, especialmente [&hellip;]<\/p>\n","protected":false},"author":42,"featured_media":22705,"comment_status":"open","ping_status":"open","sticky":false,"template":"","format":"standard","meta":{"footnotes":""},"categories":[4,6,18,2,23],"tags":[],"class_list":["post-22704","post","type-post","status-publish","format-standard","has-post-thumbnail","hentry","category-archivos","category-comunicados-especiales","category-paises","category-featured","category-autoridad-palestina"],"_links":{"self":[{"href":"https:\/\/www2.memri.org\/espanol\/wp-json\/wp\/v2\/posts\/22704","targetHints":{"allow":["GET"]}}],"collection":[{"href":"https:\/\/www2.memri.org\/espanol\/wp-json\/wp\/v2\/posts"}],"about":[{"href":"https:\/\/www2.memri.org\/espanol\/wp-json\/wp\/v2\/types\/post"}],"author":[{"embeddable":true,"href":"https:\/\/www2.memri.org\/espanol\/wp-json\/wp\/v2\/users\/42"}],"replies":[{"embeddable":true,"href":"https:\/\/www2.memri.org\/espanol\/wp-json\/wp\/v2\/comments?post=22704"}],"version-history":[{"count":0,"href":"https:\/\/www2.memri.org\/espanol\/wp-json\/wp\/v2\/posts\/22704\/revisions"}],"wp:featuredmedia":[{"embeddable":true,"href":"https:\/\/www2.memri.org\/espanol\/wp-json\/wp\/v2\/media\/22705"}],"wp:attachment":[{"href":"https:\/\/www2.memri.org\/espanol\/wp-json\/wp\/v2\/media?parent=22704"}],"wp:term":[{"taxonomy":"category","embeddable":true,"href":"https:\/\/www2.memri.org\/espanol\/wp-json\/wp\/v2\/categories?post=22704"},{"taxonomy":"post_tag","embeddable":true,"href":"https:\/\/www2.memri.org\/espanol\/wp-json\/wp\/v2\/tags?post=22704"}],"curies":[{"name":"wp","href":"https:\/\/api.w.org\/{rel}","templated":true}]}}