{"id":22690,"date":"2016-11-18T17:40:04","date_gmt":"2016-11-18T22:10:04","guid":{"rendered":"http:\/\/www2.memri.org\/espanol\/?p=22690"},"modified":"2016-11-18T17:40:04","modified_gmt":"2016-11-18T22:10:04","slug":"prominente-disidente-irani-zibakalam-desafia-mision-del-regimen-irani-de-destruir-a-israel-y-se-niega-a-pisar-las-banderas-estadounidenses-e-israelies","status":"publish","type":"post","link":"https:\/\/www2.memri.org\/espanol\/prominente-disidente-irani-zibakalam-desafia-mision-del-regimen-irani-de-destruir-a-israel-y-se-niega-a-pisar-las-banderas-estadounidenses-e-israelies\/22690","title":{"rendered":"Prominente disidente iran\u00ed Zibakalam desaf\u00eda &#8216;misi\u00f3n&#8217; del r\u00e9gimen iran\u00ed de destruir a Israel y se niega a pisar las banderas estadounidenses e israel\u00edes"},"content":{"rendered":"<p>&nbsp;<\/p>\n<p><em>El prominente disidente iran\u00ed y profesor de la Universidad de Teher\u00e1n Sadegh Zibalakam, quien en el 2014 fue sentenciado a\u00a0\u00a0 18 meses de prisi\u00f3n por criticar la pol\u00edtica en materia nuclear del r\u00e9gimen y por sus opiniones reformistas y pro-estadounidenses, es una voz prominente en el conflicto en Ir\u00e1n entre el bando ideol\u00f3gico y el bando pragm\u00e1tico. MEMRI ha publicado numerosas traducciones de sus declaraciones.<a href=\"#_edn1\" name=\"_ednref1\"><strong>[1]<\/strong><\/a> Lo siguiente son dos de los \u00faltimos videos de MEMRI TV sobre las declaraciones de Zibakalam.<\/em><\/p>\n<p><strong>Zibakalam se niega a pisar banderas norteamericanas e israel\u00edes<\/strong><\/p>\n<p>El 5 de noviembre, 2016 se mostraron im\u00e1genes en la red donde Zibakalam se negaba a pisar las banderas estadounidenses e israel\u00edes y empujaba a estudiantes que trataban de forzarlo a hacerlo. El Prof. Zibakalam explic\u00f3 m\u00e1s tarde en un programa de televisi\u00f3n, el 10 de noviembre, que pisar la bandera de cualquier naci\u00f3n era una se\u00f1al de falta de respeto hacia esa naci\u00f3n. Las im\u00e1genes de estos incidentes y la entrevista fueron publicadas en la p\u00e1gina Facebook de Zibakalam en noviembre.<\/p>\n<p><strong><em>Para ver este video, haga clic aqu\u00ed o debajo<\/em><\/strong><\/p>\n<p>Zibakalam dijo en la entrevista: \u00abEs un error quemar la bandera de cualquier naci\u00f3n. Es una se\u00f1al de falta de respeto hacia esa naci\u00f3n\u00bb. Colocar la bandera de un pa\u00eds en el suelo y pisarla es un error, un signo de falta de respeto Hacia esa naci\u00f3n&#8230; Uno hace este tipo de cosas y luego alg\u00fan [iran\u00ed] en Londres se queja de que cuando viaja a Estados Unidos, le revisaron minuciosamente en el aeropuerto y hasta le escanearon los ojos. Esto es un acto de irrespeto\u00bb.<\/p>\n<p><img decoding=\"async\" src=\"http:\/\/www.memri.org\/image\/30718.jpg\" border=\"0\" \/><\/p>\n<p><strong>Zibakalam desaf\u00eda la \u00abmisi\u00f3n\u00bb del r\u00e9gimen iran\u00ed de destruir Israel<\/strong><\/p>\n<p>En una entrevista dirigida por el Ministerio de Cultura Isl\u00e1mica Iran\u00ed, Zibakalam critic\u00f3 al r\u00e9gimen iran\u00ed por su postura sobre Israel, diciendo que al promover llamados a la destrucci\u00f3n de Israel, Ir\u00e1n actuaba en violaci\u00f3n a la Carta de la ONU. Adem\u00e1s, critic\u00f3 la idea de un refer\u00e9ndum sobre el futuro de Israel por parte del L\u00edder Supremo iran\u00ed Ali Jamenei, diciendo que era irrealista y, adem\u00e1s, no era este problema de Ir\u00e1n y, se\u00f1alando que el compromiso de Ir\u00e1n de destruir a Israel era evidente en su desfile de misiles de largo alcance con consignas en hebreo pronunciando que \u00abIsrael debe ser destruido\u00bb. La entrevista fue publicada en la cuenta oficial YouTube del ministerio el 13 de noviembre, 2016.<\/p>\n<p><strong><em>Para ver este clip, haga clic aqu\u00ed o debajo<\/em><\/strong><\/p>\n<p>Lo siguiente es la transcripci\u00f3n de la entrevista:<\/p>\n<p><img decoding=\"async\" src=\"http:\/\/www.memri.org\/image\/30719.jpg\" border=\"0\" \/><\/p>\n<p><strong>Zibakalam<\/strong>: \u00abLa ONU reconoci\u00f3 oficialmente a Israel, e Ir\u00e1n es un estado miembro de acuerdo al art\u00edculo 1 de la Carta Magna de la ONU, los estados miembros de la ONU no pueden realizar actos de agresi\u00f3n contra otros, y no deben desearles muerte y destrucci\u00f3n a otra naci\u00f3n.<\/p>\n<p>[&#8230;]<\/p>\n<p>\u00abIr\u00e1n deber\u00eda primero retirarse de la ONU antes de que pueda vociferar su cantico de: &#8216;Muerte a Israel&#8217; e &#8216;Israel debe ser destruido&#8217;.<\/p>\n<p><img decoding=\"async\" src=\"http:\/\/www.memri.org\/image\/30720.jpg\" border=\"0\" \/><\/p>\n<p>[&#8230;]<\/p>\n<p>\u00ab\u00bfQu\u00e9 movimiento pol\u00edtico palestino pide la destrucci\u00f3n de Israel?\u00bb<\/p>\n<p><strong>Entrevistador<\/strong>: \u00abEl Yihad Isl\u00e1mico y Hamas&#8230;\u00bb<\/p>\n<p><strong>Zibakalam<\/strong>: \u00abAbsolutamente que no. Hamas pide por un estado palestino. \u00bfD\u00f3nde llama a la destrucci\u00f3n de Israel?<\/p>\n<p>[&#8230;]<\/p>\n<p>\u00abLa mayor\u00eda de los palestinos que se convirtieron en refugiados en 1948, hace casi 70 a\u00f1os, ya est\u00e1n muertos y algunos de ellos emigraron a Jordania, Armenia o Etiop\u00eda. Ya hay palestinos de segunda y tercera generaci\u00f3n. Esta usted realmente sugiriendo el celebrar un refer\u00e9ndum para determinar si deber\u00edan regresar a Palestina o no? \u00bfC\u00f3mo los identificar\u00edan?<\/p>\n<p>[&#8230;]<\/p>\n<p>\u00abDigamos que ma\u00f1ana se celebrar\u00e1 un refer\u00e9ndum y los jud\u00edos regresan a su lugar de residencia hace 70 a\u00f1os y los palestinos regresan a su lugar de origen hace 70 a\u00f1os&#8230; Supongamos que esto fuese posible\u00bb.<\/p>\n<p><img decoding=\"async\" src=\"http:\/\/www.memri.org\/image\/30721.jpg\" border=\"0\" \/><\/p>\n<p><strong>Entrevistador<\/strong>: \u00ab\u00bfQuiere usted decir que no deber\u00edamos preocuparnos de ello?\u00bb<\/p>\n<p><strong>Zibakalam<\/strong>: \u00abNo eso no es lo que estoy diciendo. Estoy hablando de la misi\u00f3n iran\u00ed de destruir a Israel y sobre nuestras declaraciones de que debemos destruir a Israel&#8230;\u00bb<\/p>\n<p><img decoding=\"async\" src=\"http:\/\/www.memri.org\/image\/30722.jpg\" border=\"0\" \/><\/p>\n<p><strong>Entrevistador<\/strong>: \u00abNo estamos hablando de destruir a Israel con una bomba at\u00f3mica&#8230;\u00bb<\/p>\n<p><img decoding=\"async\" src=\"http:\/\/www.memri.org\/image\/30723.jpg\" border=\"0\" \/><\/p>\n<p><strong>Zibakalam<\/strong>: \u00abSr. Dehbashi, no discuta conmigo. No diga: &#8216;Estamos hablando de un refer\u00e9ndum, no se trata de la destrucci\u00f3n [de Israel]. Cuando usted escribe en sus misiles &#8216;Israel debe ser destruido&#8217;, no es ninguna broma. Estos misiles tienen un alcance de 2.000-3.000 kil\u00f3metros, as\u00ed que si usted los lanza desde aqu\u00ed, definitivamente impactaran en Tel Aviv. Usted escribe &#8216;Israel debe ser destruido&#8217; sobre los misiles en hebreo, a fin de disipar cualquier duda (sobre sus intenciones) Es esto realmente hablar sobre derechos humanos? \u00bfQui\u00e9nes le confiaron a Ir\u00e1n esta misi\u00f3n? \u00bfLos \u00e1rabes? \u00bfDijeron los \u00e1rabes: &#8216;Oh, Ir\u00e1n, somos incapaces de destruir a Israel y, ustedes saben, nosotros los \u00e1rabes les amamos mucho, as\u00ed que por favor, vengan y hagan esto por nosotros&#8217;?! \u00bfFueron los palestinos que dijeron esto?, \u00bfFue Hamas?, \u00bfFue la OLP?, \u00bfFue el parlamento palestino en el exilio que dijo esto? \u00bfEst\u00e1 escrito esto en nuestra constituci\u00f3n? \u00bfSe realiz\u00f3 alguna encuesta en la que el pueblo iran\u00ed dijo que Israel deb\u00eda ser destruido? \u00bfDice el Islam esto? \u00bfQui\u00e9n dijo que debemos destruir a Israel?<\/p>\n<p>[&#8230;]<\/p>\n<p>\u00abExiste una raz\u00f3n pr\u00e1ctica por la cual no me arrestan. Ellos se dicen a s\u00ed mismos: \u00bfPor qu\u00e9 arrestarle? Podemos llamarle y decirle que se calle y este no pronunciar\u00e1 ninguna otra palabra.<\/p>\n<p>[&#8230;]<\/p>\n<p>\u00abEllos saben que si me preguntan, lo cumplir\u00e9 totalmente, as\u00ed que \u00bfqu\u00e9 sentido tiene detenerme? Despu\u00e9s de las manifestaciones del 18 de septiembre, 2009 me llamaron y me dijeron: &#8216;Sr. Zibakalam&#8217;&#8230; Eso fue cuando se lanz\u00f3 al aire la BBC en [farsi] \u00abNo hable m\u00e1s con la BBC\u00bb, dijeron. Yo dije: &#8216;Bien&#8217;. Ellos llamaron y dijeron: &#8216;Sr. Zibakalam, no hable con Radio Farda. Yo dije: &#8216;Bien&#8217;. Otra llamada telef\u00f3nica: \u00abNo hable con VOA. Yo dije: &#8216;Bien&#8217;. \u00bfPor qu\u00e9 arrestarlo si cumple cada vez que le decimos lo qu\u00e9 hacer?<\/p>\n<p>&nbsp;<\/p>\n<p>&nbsp;<\/p>\n","protected":false},"excerpt":{"rendered":"<p>&nbsp; El prominente disidente iran\u00ed y profesor de la Universidad de Teher\u00e1n Sadegh Zibalakam, quien en el 2014 fue sentenciado a\u00a0\u00a0 18 meses de prisi\u00f3n por criticar la pol\u00edtica en materia nuclear del r\u00e9gimen y por sus opiniones reformistas y pro-estadounidenses, es una voz prominente en el conflicto en Ir\u00e1n entre el bando ideol\u00f3gico y [&hellip;]<\/p>\n","protected":false},"author":42,"featured_media":22691,"comment_status":"open","ping_status":"open","sticky":false,"template":"","format":"standard","meta":{"footnotes":""},"categories":[4,6,20,18,2],"tags":[],"class_list":["post-22690","post","type-post","status-publish","format-standard","has-post-thumbnail","hentry","category-archivos","category-comunicados-especiales","category-iran","category-paises","category-featured"],"_links":{"self":[{"href":"https:\/\/www2.memri.org\/espanol\/wp-json\/wp\/v2\/posts\/22690","targetHints":{"allow":["GET"]}}],"collection":[{"href":"https:\/\/www2.memri.org\/espanol\/wp-json\/wp\/v2\/posts"}],"about":[{"href":"https:\/\/www2.memri.org\/espanol\/wp-json\/wp\/v2\/types\/post"}],"author":[{"embeddable":true,"href":"https:\/\/www2.memri.org\/espanol\/wp-json\/wp\/v2\/users\/42"}],"replies":[{"embeddable":true,"href":"https:\/\/www2.memri.org\/espanol\/wp-json\/wp\/v2\/comments?post=22690"}],"version-history":[{"count":0,"href":"https:\/\/www2.memri.org\/espanol\/wp-json\/wp\/v2\/posts\/22690\/revisions"}],"wp:featuredmedia":[{"embeddable":true,"href":"https:\/\/www2.memri.org\/espanol\/wp-json\/wp\/v2\/media\/22691"}],"wp:attachment":[{"href":"https:\/\/www2.memri.org\/espanol\/wp-json\/wp\/v2\/media?parent=22690"}],"wp:term":[{"taxonomy":"category","embeddable":true,"href":"https:\/\/www2.memri.org\/espanol\/wp-json\/wp\/v2\/categories?post=22690"},{"taxonomy":"post_tag","embeddable":true,"href":"https:\/\/www2.memri.org\/espanol\/wp-json\/wp\/v2\/tags?post=22690"}],"curies":[{"name":"wp","href":"https:\/\/api.w.org\/{rel}","templated":true}]}}