{"id":22651,"date":"2016-10-27T17:06:59","date_gmt":"2016-10-27T21:36:59","guid":{"rendered":"http:\/\/www2.memri.org\/espanol\/?p=22651"},"modified":"2017-01-10T16:12:39","modified_gmt":"2017-01-10T20:42:39","slug":"activista-sirio-en-alemania-malik-fndy-detenido-anteriormente-por-publicar-videos-pro-eiis-pide-a-activistas-afines-ir-a-los-medios-de-comunicacion-en-apoyo-del-eiis-en-mosul","status":"publish","type":"post","link":"https:\/\/www2.memri.org\/espanol\/activista-sirio-en-alemania-malik-fndy-detenido-anteriormente-por-publicar-videos-pro-eiis-pide-a-activistas-afines-ir-a-los-medios-de-comunicacion-en-apoyo-del-eiis-en-mosul\/22651","title":{"rendered":"Activista sirio en Alemania Malik Fndy, detenido anteriormente por publicar videos pro-EIIS, pide a activistas afines ir a los medios de comunicaci\u00f3n en apoyo del EIIS en Mosul"},"content":{"rendered":"<p>&nbsp;<\/p>\n<p><em>En un video publicado en YouTube el 19 de octubre, 2016, el activista sirio quien vive en Francfort Malik Fndy pidi\u00f3 a los partidarios del Estado Isl\u00e1mico (EIIS) a que se dirijan a los medios de comunicaci\u00f3n con el fin de apoyar a la organizaci\u00f3n. \u00abSabemos que la guerra ahora se est\u00e1 librando en los medios de comunicaci\u00f3n\u00bb, dijo Fndy, citando al Profeta Mahoma diciendo: \u00abLibren el yihad contra los polite\u00edstas con su dinero, sus vidas y sus lenguas\u00bb. Diciendo \u00abUstedes son muyahidines, oh pueblo de los medios de comunicaci\u00f3n, oh partidarios [del EIIS]\u00bb, este agreg\u00f3 que la recompensa de esto ser\u00eda \u00abel de un muyahid en el Para\u00edso\u00bb.<\/em><\/p>\n<p><em>Fndy nacido en Siria, quien es candidato Ph.D. en la Universidad T\u00e9cnica de Darmstadt, ha publicado varios videos en su cuenta privada en YouTube proclamando su apoyo al EIIS y tambi\u00e9n ha publicado numerosos mensajes a favor del EIIS en su cuenta Facebook. Fue detenido por la polic\u00eda alemana en febrero, 2016 despu\u00e9s que MEMRI TV publicara un video explicando el por qu\u00e9 apoya al EIIS y justificando el que este haya quemado vivo al piloto jordano Muath Al Kasasbeh, as\u00ed como tambi\u00e9n la pr\u00e1ctica de lapidaci\u00f3n de mujeres acusadas de adulterio.<a href=\"#_edn1\" name=\"_ednref1\"><strong>[1]<\/strong><\/a><\/em><\/p>\n<p><em>Tras las investigaciones iniciales, Fndy public\u00f3 otro v\u00eddeo en YouTube en el que se quej\u00f3 sobre \u00abuna campa\u00f1a de distorsi\u00f3n de algunos periodistas alemanes y norteamericanos\u00bb y agradeci\u00f3 a la polic\u00eda alemana por su \u00abtrato justo\u00bb hacia su persona. En ese momento, Fndy detuvo sus actividades en Facebook.<\/em><\/p>\n<p><em>A continuaci\u00f3n se presenta la traducci\u00f3n realizada por MEMRI TV de su video del 19 de octubre (haga clic aqu\u00ed o abajo para ver el video).<\/em><\/p>\n<p><img loading=\"lazy\" decoding=\"async\" class=\"alignnone size-full wp-image-22884\" src=\"http:\/\/www2.memri.org\/espanol\/wp-content\/uploads\/2017\/01\/30392.jpg\" width=\"575\" height=\"474\" srcset=\"https:\/\/www2.memri.org\/espanol\/wp-content\/uploads\/2017\/01\/30392.jpg 575w, https:\/\/www2.memri.org\/espanol\/wp-content\/uploads\/2017\/01\/30392-300x247.jpg 300w, https:\/\/www2.memri.org\/espanol\/wp-content\/uploads\/2017\/01\/30392-509x420.jpg 509w\" sizes=\"auto, (max-width: 575px) 100vw, 575px\" \/><\/p>\n<p><strong>Fndy<\/strong>: \u00abDirijo este mensaje a los partidarios del Estado Isl\u00e1mico. Yo les digo: La hora cero para la Batalla de Mosul ha sido declarada. Qui\u00e9n la declar\u00f3? Aparentemente, fue ese cerdo rafidita [el primer ministro iraqu\u00ed] Al-Abadi. Pero eso fue s\u00f3lo aparentemente, mis hermanos. La verdad es que [esta guerra] fue declarada por los soldados del Califato estado isl\u00e1mico en Mosul. Fue declarado por los musulmanes monote\u00edstas en Mosul. Desde los primeros minutos de esta campa\u00f1a de la cruzada-rafidita contra Mosul, esos rafiditas, esos infieles y esos kurdos ap\u00f3statas &#8211; pueda Al\u00e1 maldecirlos a todos ellos &#8211; no han probado nada m\u00e1s que muerte, nada m\u00e1s que cohetes y coches bomba del Estado Isl\u00e1mico, nada m\u00e1s que las operaciones martirio del Estado Isl\u00e1mico.<\/p>\n<p><img loading=\"lazy\" decoding=\"async\" class=\"alignnone size-full wp-image-22885\" src=\"http:\/\/www2.memri.org\/espanol\/wp-content\/uploads\/2017\/01\/30393.jpg\" width=\"737\" height=\"196\" srcset=\"https:\/\/www2.memri.org\/espanol\/wp-content\/uploads\/2017\/01\/30393.jpg 737w, https:\/\/www2.memri.org\/espanol\/wp-content\/uploads\/2017\/01\/30393-300x80.jpg 300w, https:\/\/www2.memri.org\/espanol\/wp-content\/uploads\/2017\/01\/30393-600x160.jpg 600w, https:\/\/www2.memri.org\/espanol\/wp-content\/uploads\/2017\/01\/30393-696x185.jpg 696w\" sizes=\"auto, (max-width: 737px) 100vw, 737px\" \/><\/p>\n<p>\u00abLes digo a todos ustedes:&#8230; Est\u00e9n orgullosos de su Estado [Isl\u00e1mico], Sabemos que la guerra est\u00e1 siendo librada en los medios de comunicaci\u00f3n. Su estado quiere que usted le apoye en los medios de comunicaci\u00f3n. Ustedes no pueden dar dinero ya y no pueden sacrificar sus vidas, pero pueden apoyar a este estado en los medios de comunicaci\u00f3n.<\/p>\n<p><img loading=\"lazy\" decoding=\"async\" class=\"alignnone size-full wp-image-22886\" src=\"http:\/\/www2.memri.org\/espanol\/wp-content\/uploads\/2017\/01\/30394.jpg\" width=\"575\" height=\"475\" srcset=\"https:\/\/www2.memri.org\/espanol\/wp-content\/uploads\/2017\/01\/30394.jpg 575w, https:\/\/www2.memri.org\/espanol\/wp-content\/uploads\/2017\/01\/30394-300x248.jpg 300w, https:\/\/www2.memri.org\/espanol\/wp-content\/uploads\/2017\/01\/30394-508x420.jpg 508w\" sizes=\"auto, (max-width: 575px) 100vw, 575px\" \/><\/p>\n<p>\u00abHermanos, deber\u00edan escribir y publicar y siempre presentar la verdad, a fin de exponer las mentiras sistem\u00e1ticas que por desgracia son propagadas por los que pretenden ser musulmanes, representados por los canales fornicadores tales como la red Al-Arabiya, pueda Al\u00e1 maldecirlos a todos.<\/p>\n<p><img loading=\"lazy\" decoding=\"async\" class=\"alignnone size-full wp-image-22887\" src=\"http:\/\/www2.memri.org\/espanol\/wp-content\/uploads\/2017\/01\/30395.jpg\" width=\"701\" height=\"575\" srcset=\"https:\/\/www2.memri.org\/espanol\/wp-content\/uploads\/2017\/01\/30395.jpg 701w, https:\/\/www2.memri.org\/espanol\/wp-content\/uploads\/2017\/01\/30395-300x246.jpg 300w, https:\/\/www2.memri.org\/espanol\/wp-content\/uploads\/2017\/01\/30395-600x492.jpg 600w, https:\/\/www2.memri.org\/espanol\/wp-content\/uploads\/2017\/01\/30395-696x571.jpg 696w, https:\/\/www2.memri.org\/espanol\/wp-content\/uploads\/2017\/01\/30395-512x420.jpg 512w\" sizes=\"auto, (max-width: 701px) 100vw, 701px\" \/><\/p>\n<p>\u00abPor Al\u00e1, hermanos, tengan la seguridad de que la victoria est\u00e1 cerca, Al\u00e1 que lega. Sepan que los <em>muyahidines<\/em> en \u00faltima instancia saldr\u00e1n victoriosos. \u00bfSaben c\u00f3mo? Ustedes saben c\u00f3mo. Si mueren, son m\u00e1rtires y si ganan, Al\u00e1 que lega, se expandir\u00e1n y a ustedes se les considera como muyahidines. El Profeta Mahoma dijo: \u00abLibren el yihad contra los polite\u00edstas con su dinero, sus vidas y sus lenguas\u00bb.<\/p>\n<p><img loading=\"lazy\" decoding=\"async\" class=\"alignnone size-full wp-image-22888\" src=\"http:\/\/www2.memri.org\/espanol\/wp-content\/uploads\/2017\/01\/30396.jpg\" width=\"577\" height=\"477\" srcset=\"https:\/\/www2.memri.org\/espanol\/wp-content\/uploads\/2017\/01\/30396.jpg 577w, https:\/\/www2.memri.org\/espanol\/wp-content\/uploads\/2017\/01\/30396-300x248.jpg 300w, https:\/\/www2.memri.org\/espanol\/wp-content\/uploads\/2017\/01\/30396-508x420.jpg 508w\" sizes=\"auto, (max-width: 577px) 100vw, 577px\" \/><\/p>\n<p>\u00abUstedes son <em>muyahidines<\/em>, oh pueblo de los medios de comunicaci\u00f3n, los partidarios del (EIIS). Sepan que su recompensa de parte de Al\u00e1 ser\u00e1 la de un muyahid\u00edn en el Para\u00edso, Al\u00e1 que lega.<\/p>\n<p>\u00abPara concluir, les digo que la victoria estar\u00e1 de nuestro lado, si Al\u00e1 desea Esas urracas criminales de entre los musulmanes que odian al Estado Isl\u00e1mico &#8211; hagan que se pongan de rodillas con su verdad. Nunca mientan. Digan siempre la verdad. Esta veracidad es lo que caracteriza al Estado Isl\u00e1mico y a todos sus seguidores\u00bb.<\/p>\n<p><a href=\"#_ednref1\" name=\"_edn1\">[1]<\/a> V\u00e9ase MEMRI TV Clip #5290 &#8211; Activista sirio en Francfort Dr. Malik Fndy: \u00abEste es el porque yo apoyo al Estado Isl\u00e1mico\u00bb 7 de enero, 2016.<\/p>\n","protected":false},"excerpt":{"rendered":"<p>&nbsp; En un video publicado en YouTube el 19 de octubre, 2016, el activista sirio quien vive en Francfort Malik Fndy pidi\u00f3 a los partidarios del Estado Isl\u00e1mico (EIIS) a que se dirijan a los medios de comunicaci\u00f3n con el fin de apoyar a la organizaci\u00f3n. \u00abSabemos que la guerra ahora se est\u00e1 librando en [&hellip;]<\/p>\n","protected":false},"author":42,"featured_media":22884,"comment_status":"open","ping_status":"open","sticky":false,"template":"","format":"standard","meta":{"footnotes":""},"categories":[4,6],"tags":[],"class_list":["post-22651","post","type-post","status-publish","format-standard","has-post-thumbnail","hentry","category-archivos","category-comunicados-especiales"],"_links":{"self":[{"href":"https:\/\/www2.memri.org\/espanol\/wp-json\/wp\/v2\/posts\/22651","targetHints":{"allow":["GET"]}}],"collection":[{"href":"https:\/\/www2.memri.org\/espanol\/wp-json\/wp\/v2\/posts"}],"about":[{"href":"https:\/\/www2.memri.org\/espanol\/wp-json\/wp\/v2\/types\/post"}],"author":[{"embeddable":true,"href":"https:\/\/www2.memri.org\/espanol\/wp-json\/wp\/v2\/users\/42"}],"replies":[{"embeddable":true,"href":"https:\/\/www2.memri.org\/espanol\/wp-json\/wp\/v2\/comments?post=22651"}],"version-history":[{"count":0,"href":"https:\/\/www2.memri.org\/espanol\/wp-json\/wp\/v2\/posts\/22651\/revisions"}],"wp:featuredmedia":[{"embeddable":true,"href":"https:\/\/www2.memri.org\/espanol\/wp-json\/wp\/v2\/media\/22884"}],"wp:attachment":[{"href":"https:\/\/www2.memri.org\/espanol\/wp-json\/wp\/v2\/media?parent=22651"}],"wp:term":[{"taxonomy":"category","embeddable":true,"href":"https:\/\/www2.memri.org\/espanol\/wp-json\/wp\/v2\/categories?post=22651"},{"taxonomy":"post_tag","embeddable":true,"href":"https:\/\/www2.memri.org\/espanol\/wp-json\/wp\/v2\/tags?post=22651"}],"curies":[{"name":"wp","href":"https:\/\/api.w.org\/{rel}","templated":true}]}}