{"id":22413,"date":"2016-07-12T15:42:00","date_gmt":"2016-07-12T20:12:00","guid":{"rendered":"http:\/\/www2.memri.org\/espanol\/?p=22413"},"modified":"2016-07-13T17:50:46","modified_gmt":"2016-07-13T22:20:46","slug":"antisemitismo-un-tema-in-crescendo-por-el-dia-de-qods-2016-en-iran","status":"publish","type":"post","link":"https:\/\/www2.memri.org\/espanol\/antisemitismo-un-tema-in-crescendo-por-el-dia-de-qods-2016-en-iran\/22413","title":{"rendered":"Antisemitismo &#8211; Un tema in crescendo por el D\u00eda de Qods 2016 en Ir\u00e1n"},"content":{"rendered":"<p><em>El 1 de julio, 2016 el r\u00e9gimen iran\u00ed celebr\u00f3 el 37\u00ba D\u00eda de Qods (Jerusal\u00e9n), como lo ha hecho siempre desde que el Ayatol\u00e1 Ruhollah Jomeini, fundador de la Revoluci\u00f3n Isl\u00e1mica en Ir\u00e1n, lo formul\u00f3 el \u00faltimo viernes de Ramad\u00e1n. Adem\u00e1s de los habituales mensajes del r\u00e9gimen haciendo hincapi\u00e9 en la necesidad a la aniquilaci\u00f3n del Estado de Israel, este a\u00f1o los mensajes antisemitas se destacaron en las declaraciones de altos funcionarios iran\u00edes en diarios tales como el vocero del r\u00e9gimen Kayhan y en los carteles y pancartas en las marchas organizadas por el r\u00e9gimen.<\/em><\/p>\n<p><em>Este informe se centrar\u00e1 en estos mensajes antisemitas:<\/em><\/p>\n<p><strong>&#8216;Kayhan&#8217;: El car\u00e1cter de los jud\u00edos y el mito del Holocausto<\/strong><\/p>\n<p>En su editorial del 30 de junio, la v\u00edspera del D\u00eda de Qods, <em>Kayhan<\/em>, el diario afiliado al L\u00edder Supremo de Ir\u00e1n Ali Jamenei, discuti\u00f3 las circunstancias que condujeron al estado de la jud\u00edos, Israel, represent\u00e1ndolos a estos como enga\u00f1osos, astutos, subversivos, racistas, saqueadores y sat\u00e1nicos y como los que se aprovechan del \u00abmito del Holocausto\u00bb con el fin de robarse las tierras isl\u00e1micas. El diario indic\u00f3 que los enemigos del Islam hab\u00edan inventado una entidad de gentuza y grupos \u00e9tnicos bajo tutela de la religi\u00f3n jud\u00eda, para que los jud\u00edos pudieran esclavizar al mundo. Este argument\u00f3 que los estados europeos, encabezados por Inglaterra y Estados Unidos, le han dado el visto bueno al complot jud\u00edo no s\u00f3lo porque quer\u00edan expulsar a sus propios ciudadanos jud\u00edos, quienes eran elementos para la subversi\u00f3n y el espionaje, pero tambi\u00e9n porque quer\u00edan utilizarlos como un impedimento perpetuo al surgimiento del Islam.<\/p>\n<p>Lo siguiente son los principales puntos del editorial, \u00abUn Parche [tambi\u00e9n en referencia al parche amarillo] Que no Pertenece\u00bb, utilizando como sin\u00f3nimo Mohammad Hadi Saharai:<\/p>\n<p>\u00abHace unos 70 a\u00f1os, algunos de los pa\u00edses, principalmente los europeos, con el apoyo de la entonces joven Estados Unidos, hablaron y abogaron por el establecimiento de un estado [para los jud\u00edos], e incluso lo ratificaron, mientras la comunidad internacional no entend\u00eda aun que es lo que estaba a punto de suceder.<\/p>\n<p>\u00abEl establecimiento de un estado jud\u00edo para los jud\u00edos del mundo implic\u00f3 una letan\u00eda de mentiras [una referencia a la afirmaci\u00f3n de que el Holocausto fue un mito], que con \u00e9xito enga\u00f1\u00f3 a [los pa\u00edses que sufragaron en favor del voto de la ONU] y condujeron al establecimiento de un estado que llevar\u00eda a los jud\u00edos de una vida desgraciada a una vida a\u00fan m\u00e1s miserable. Pero la realidad era m\u00e1s peligrosa de lo que parec\u00eda y es imposible permanecer en silencio sobre este tema.<\/p>\n<p>\u00abTal vez una de las preguntas que preocuparon al Imam [Ayatola] Jomeini y al m\u00e1rtir Ayatol\u00e1 [Morteza] Motahari, porque tuvieron m\u00e1s visi\u00f3n que otros, era: \u00bfC\u00f3mo es que los europeos, que para ese momento estaban enfadados y hab\u00edan acosado a los jud\u00edos y les consideraban par\u00e1sitos, piensan ahora establecer un estado para ellos y se preocupan por su existencia? Pa\u00edses que durante a\u00f1os se cansaron de la subversi\u00f3n de los jud\u00edos y de sus actividades clandestinas y que a veces los atacaron sobre diversos pretextos y que ahora incluso les llaman y los representan en su simbolismo, como ratones, ya que son astutos y diab\u00f3licos, de repente vieron ventajas en ayudarlos. \u00bfC\u00f3mo fue que se lleg\u00f3 a esto?<\/p>\n<p>\u00abEl mito del Holocausto, aunque es una invenci\u00f3n de la imaginaci\u00f3n de los historiadores jud\u00edos, creci\u00f3 en parte de las ra\u00edces de la realidad social. Aunque los crematorios de Auschwitz y el resto son un invento de la imaginaci\u00f3n de los jud\u00edos, esta gran mentira surgi\u00f3 del odio de los europeos hacia los jud\u00edos. Sin este tipo de pensamiento negativo y puntos de vista respecto a este pueblo, esto hubiese sido inconcebible y habr\u00eda sido imposible mentir tan descaradamente.<\/p>\n<p>\u00abEste escritor cree que en cada pueblo existe lo bueno y lo malo, pero todav\u00eda cree que existen pueblos con ciertos rasgos pronunciados. La corroboraci\u00f3n de esta [postura] puede ser encontrada tambi\u00e9n en el Cor\u00e1n, que describe la ira de los \u00e1rabes <em>Hijaz <\/em>antes de la aparici\u00f3n del Islam como una se\u00f1al de que este rasgo fue encontrado en la mayor\u00eda de ellos. O, por ejemplo, el [rasgo de] dureza cervical de los jud\u00edos &#8211; [de hecho], el Cor\u00e1n declara, en diversas ocasiones [en referencia a los jud\u00edos] de que una marca de verg\u00fcenza los acompa\u00f1a y que la ira de Al\u00e1 est\u00e1 sobre ellos.<\/p>\n<p>\u00abLa pregunta es: \u00bfHa cambiado la religi\u00f3n jud\u00eda, o ha cambiado la naturaleza de los jud\u00edos, por lo que los europeos comenzaron a pensar en el [beneficio de] sus enemigos? Por otro lado, es inconcebible que la pol\u00edtica de los pa\u00edses poderosos del mundo haya cambiado. Entonces, \u00bfcu\u00e1l es la historia [detr\u00e1s de] su voto por establecer este estado jud\u00edo, cuando Gran Breta\u00f1a se abstuvo en el voto de [1947] de establecer esta entidad [Israel]? En efecto, esta es la pol\u00edtica del &#8216;Viejo Zorro&#8217; [es decir, Gran Breta\u00f1a], cuya pol\u00edtica siempre es esparcir discordia [con el fin de continuar gobernando]&#8230;<\/p>\n<p>\u00abEl establecimiento del r\u00e9gimen sionista [solo a] tres a\u00f1os despu\u00e9s de las exitosas operaciones con ojivas nucleares por Estados Unidos y despu\u00e9s del ataque nuclear de ese pa\u00eds a Hiroshima y Nagasaki es otro punto que debe ser considerado &#8211; puede haber sido el poder\u00edo estadounidense que oblig\u00f3 a los pa\u00edses a votar en favor de Israel. [Es este] poder que hizo posible que una daga llamada Israel penetrara en el mundo isl\u00e1mico e hiciera que su cuerpo [sufriera] 70 a\u00f1os de dolor.<\/p>\n<p>\u00ab[Este] estado comprend\u00eda a un peque\u00f1o grupo de jud\u00edos que fueron durante largo tiempo [residentes que se originaron a partir] de los territorios [ahora-ocupados], junto a muchos inmigrantes de Inglaterra, Estados Unidos, la Uni\u00f3n Sovi\u00e9tica, Polonia y otros lugares, quienes se esforzaron por presentar una patria debido a su codicia por un estado hebreo mayor, su deseo de escapar de la miseria y su desdicha y humillaci\u00f3n bajo el dominio de otros y que [por lo tanto] emigraron hacia el espejismo de este pa\u00eds. Esta inmigraci\u00f3n condujo al robo de la tierra de los palestinos y al establecimiento del estado abiertamente terrorista de los Hijos de Israel. Los cr\u00edmenes de Sabra y Shatila, el de Qana y el de Deir Yassin, el de la guerra de los 22 d\u00edas [2008-9] en Gaza y los 33 d\u00edas de la guerra del [L\u00edbano 2006] &#8211; todos estos comprenden cap\u00edtulos en los anales de los cr\u00edmenes del instigador, virulento y criminal pueblo [jud\u00edo].<\/p>\n<p>\u00abLos enemigos del Islam condujeron a los jud\u00edos hacia Palestina desde cualquier lugar en el mundo y apuntalaron a diversos grupos \u00e9tnicos con diferentes idiomas y costumbres, que s\u00f3lo pose\u00edan en com\u00fan la religi\u00f3n de los jud\u00edos, para que pudieran entremezclarse &#8211; y pudieran, de esta manera, esclavizar al mundo mucho m\u00e1s que en el pasado.<\/p>\n<p>\u00abCrearon una historia para este pueblo errante y fabricaron h\u00e9roes. Distorsionaron y falsificaron la realidad que no pod\u00edan erradicar &#8211; esta es su \u00e1rea de especialidad. [Los enemigos del Islam] diseminaron todo este enga\u00f1o a trav\u00e9s de puntos estrat\u00e9gicos tales como Hollywood, los canales v\u00eda sat\u00e9lite, revistas, etc. y se lo hicieron comer a [todos] los p\u00fablicos. Estos volvieron a narrar la mentira con tal entusiasmo que incluso aquellos a quienes se les minti\u00f3 se lo creen. Ellos crearon el mito del Holocausto con el fin de atraer la inversi\u00f3n econ\u00f3mica y conquistaron tierras isl\u00e1micas utilizando las mismas mentiras que dicen acerca de los cristianos europeos, hasta el d\u00eda de hoy, extorsionan una paga de estos pa\u00edses europeos como Alemania, Inglaterra y Polonia y as\u00ed sucesivamente y a cada a\u00f1o les exigen reparaciones.<\/p>\n<p>\u00abA pesar que la raz\u00f3n principal tras el apoyo de Europa y de Estados Unidos al establecimiento de Israel radica en su deseo de deshacerse de la subversi\u00f3n de [los jud\u00edos] a trav\u00e9s del comercio, espionaje, comercio de antig\u00fcedades, la alteraci\u00f3n de las normas y la usura, la raz\u00f3n m\u00e1s importante de todas fue [el deseo] de crear una base dogm\u00e1tica, cruel, racista, rapaz y astuta en las tierras isl\u00e1micas, llamada Israel, que constituir\u00eda una disuasi\u00f3n en el mundo con el fin de hacer frente a un Islam cada vez mayor y de modo que pudieran hacer que los musulmanes le temieran perpetuamente a este perro sat\u00e1nico.<\/p>\n<p>\u00abEsta medida, a pesar de que lleg\u00f3&#8230; unas pocas d\u00e9cadas despu\u00e9s del acuerdo Sykes-Picot que desmantel\u00f3 el poder del mundo isl\u00e1mico, sin embargo, da fe a la conexi\u00f3n entre los eventos, debido al poder de los actores permanentes [es decir, las grandes potencias] que han estado operando desde entonces el acuerdo [Sykes-Picot].<\/p>\n<p>\u00abEstas pol\u00edticas, conocidas por ser sucias, son pol\u00edticas inglesas, cuyas fuentes han sido extra\u00eddas de la sangre de los inocentes y oprimidos&#8230; y basadas en la doctrina de Satan\u00e1s. La misma pol\u00edtica que arranca de ra\u00edz a gente a fin de aplicar una determinada pol\u00edtica&#8230; degrada a pueblos con el fin de instaurar a un pueblo [jud\u00edo] tirano, ejecuta a un sinn\u00famero de ni\u00f1os y captura a muchas mujeres a fin de eliminar una molestia para un pueblo invasor. Los cr\u00edmenes de Israel, Estados Unidos e Inglaterra son demasiado numerosos de contar. Pocos acontecimientos en el mundo isl\u00e1mico no portan las huellas dactilares de los tres [miembros] de [este] eje del mal. Este eje del mal est\u00e1 tambi\u00e9n ligado al arresto del jeque chiita Zakzaky&#8230; en Nigeria, la ejecuci\u00f3n del Jeque Nimr [por el r\u00e9gimen] en Arabia Saudita, el arresto del Jeque Ali Salman y, luego, el revocarle la ciudadan\u00eda [bahrein\u00ed] al Ayatol\u00e1 Isa Qassim [por las autoridades all\u00ed].<\/p>\n<p>\u00abQu\u00e9 maravilloso es que hace 37 a\u00f1os, el Imam Jomeini denomin\u00f3 el \u00faltimo viernes de Ramad\u00e1n el D\u00eda de Qods [Jerusal\u00e9n], para que los m\u00e1s valientes de todo el mundo puedan, en ayunas, pedirle a Al\u00e1 la muerte de estos tres Satenes y gritar y exigir la eliminaci\u00f3n de este parche que no nos pertenece, que constituye un c\u00e1ncer en crecimiento y la arteria de vida de Satan\u00e1s &#8211; es decir, Israel &#8211; con el fin de salvar a la humanidad de esta\u00bb.<a href=\"#_edn1\" name=\"_ednref1\">[1]<\/a><\/p>\n<p><em>Para ver el despacho en su totalidad en ingl\u00e9s junto a las im\u00e1genes copie por favor el siguiente enlace en su ordenador<\/em>:<\/p>\n<p><a href=\"http:\/\/www.memri.org\/report\/en\/0\/0\/0\/0\/0\/0\/9317.htm\">http:\/\/www.memri.org\/report\/en\/0\/0\/0\/0\/0\/0\/9317.htm<\/a><\/p>\n<p><strong>Im\u00e1genes de marchas en el D\u00eda de Qods en Ir\u00e1n<\/strong><\/p>\n<p><img decoding=\"async\" src=\"http:\/\/www.memri.org\/image\/29021.jpg\" border=\"0\" \/><\/p>\n<p><em>El Presidente de Ir\u00e1n Hassan Rohani en marcha al d\u00eda de Qods. Carteles en el fondo destacan esv\u00e1sticas incorporadas en la palabra \u00abIsrael\u00bb (Fars, Ir\u00e1n 1 de julio, 2016)<\/em><\/p>\n<p><i><img loading=\"lazy\" decoding=\"async\" src=\"http:\/\/www.memri.org\/image\/29024.jpg\" width=\"800\" height=\"556\" border=\"0\" \/><\/i><\/p>\n<p><em>Efigie de la Estatua de la Libertad con una Estrella de David coronada en una marcha (Tasnim, Ir\u00e1n 1 de julio, 2016)<\/em><\/p>\n<p><img loading=\"lazy\" decoding=\"async\" src=\"http:\/\/www.memri.org\/image\/29022.jpg\" width=\"1200\" height=\"829\" border=\"0\" \/><\/p>\n<p><em>El Rey saudita Salman, el L\u00edder del EIIS Abu Bakr Al-Baghdadi, el Presidente Obama y el Primer Ministro israel\u00ed Netanyahu ahorcados en efigie (IRNA, Ir\u00e1n 1 de julio, 2016)<\/em><\/p>\n<p><img decoding=\"async\" src=\"http:\/\/www.memri.org\/image\/29025.JPG\" border=\"0\" \/><\/p>\n<p><em>Quema de banderas israel\u00edes y estadounidenses, junto a im\u00e1genes del Presidente Obama, el Rey saudita Salman y el Primer Ministro israel\u00ed Netanyahu (ISNA, Tasnim, Ir\u00e1n 1 de julio, 2016)<\/em><\/p>\n<p><img loading=\"lazy\" decoding=\"async\" src=\"http:\/\/www.memri.org\/image\/29026.jpg\" width=\"800\" height=\"556\" border=\"0\" \/><\/p>\n<p><em>Quema de un ata\u00fad cubierto por la bandera israel\u00ed que destaca im\u00e1genes del Rey saudita Salman con colmillos de vampiro (TASNIM, Ir\u00e1n, 1 de julio, 2016)<\/em><\/p>\n<p><a href=\"#_ednref1\" name=\"_edn1\">[1]<\/a> <em>Kayhan<\/em> (Ir\u00e1n), 30 de Junio 2016.<\/p>\n","protected":false},"excerpt":{"rendered":"<p>El 1 de julio, 2016 el r\u00e9gimen iran\u00ed celebr\u00f3 el 37\u00ba D\u00eda de Qods (Jerusal\u00e9n), como lo ha hecho siempre desde que el Ayatol\u00e1 Ruhollah Jomeini, fundador de la Revoluci\u00f3n Isl\u00e1mica en Ir\u00e1n, lo formul\u00f3 el \u00faltimo viernes de Ramad\u00e1n. Adem\u00e1s de los habituales mensajes del r\u00e9gimen haciendo hincapi\u00e9 en la necesidad a la aniquilaci\u00f3n [&hellip;]<\/p>\n","protected":false},"author":42,"featured_media":22430,"comment_status":"open","ping_status":"open","sticky":false,"template":"","format":"standard","meta":{"footnotes":""},"categories":[4,6,20,18,2],"tags":[],"class_list":["post-22413","post","type-post","status-publish","format-standard","has-post-thumbnail","hentry","category-archivos","category-comunicados-especiales","category-iran","category-paises","category-featured"],"_links":{"self":[{"href":"https:\/\/www2.memri.org\/espanol\/wp-json\/wp\/v2\/posts\/22413","targetHints":{"allow":["GET"]}}],"collection":[{"href":"https:\/\/www2.memri.org\/espanol\/wp-json\/wp\/v2\/posts"}],"about":[{"href":"https:\/\/www2.memri.org\/espanol\/wp-json\/wp\/v2\/types\/post"}],"author":[{"embeddable":true,"href":"https:\/\/www2.memri.org\/espanol\/wp-json\/wp\/v2\/users\/42"}],"replies":[{"embeddable":true,"href":"https:\/\/www2.memri.org\/espanol\/wp-json\/wp\/v2\/comments?post=22413"}],"version-history":[{"count":0,"href":"https:\/\/www2.memri.org\/espanol\/wp-json\/wp\/v2\/posts\/22413\/revisions"}],"wp:featuredmedia":[{"embeddable":true,"href":"https:\/\/www2.memri.org\/espanol\/wp-json\/wp\/v2\/media\/22430"}],"wp:attachment":[{"href":"https:\/\/www2.memri.org\/espanol\/wp-json\/wp\/v2\/media?parent=22413"}],"wp:term":[{"taxonomy":"category","embeddable":true,"href":"https:\/\/www2.memri.org\/espanol\/wp-json\/wp\/v2\/categories?post=22413"},{"taxonomy":"post_tag","embeddable":true,"href":"https:\/\/www2.memri.org\/espanol\/wp-json\/wp\/v2\/tags?post=22413"}],"curies":[{"name":"wp","href":"https:\/\/api.w.org\/{rel}","templated":true}]}}