{"id":224,"date":"2001-10-12T00:00:00","date_gmt":"2001-10-12T00:00:00","guid":{"rendered":"http:\/\/www2.memri.org\/espanol\/2001\/10\/12\/terror-en-estados-unidos-16-un-lector-sudans-nosotros-no-estados-unidos-somos-los-padres-legales-de-bin-laden\/"},"modified":"2001-10-12T00:00:00","modified_gmt":"2001-10-12T00:00:00","slug":"terror-en-estados-unidos-16-un-lector-sudans-nosotros-no-estados-unidos-somos-los-padres-legales-de-bin-laden","status":"publish","type":"post","link":"https:\/\/www2.memri.org\/espanol\/terror-en-estados-unidos-16-un-lector-sudans-nosotros-no-estados-unidos-somos-los-padres-legales-de-bin-laden\/224","title":{"rendered":"Terror en Estados Unidos (16): Un Lector Sudan&eacute;s: Nosotros, no Estados Unidos, Somos los Padres Legales de bin Laden"},"content":{"rendered":"<div class=\"bodytext c2\">\n<p><em>El diario londinense en \u00e1rabe, <strong>Al-Hayat<\/strong> escribi\u00f3 un recuento de los seis egipcios que est\u00e1n en la lista norteamericana de los 27 individuos y organizaciones isl\u00e1micas involucradas en los ataques del 11 de Septiembre.<\/em><\/p>\n<p><strong><em>Hashem Hassan, quien se identifica como pan-\u00e1rabe,<\/em><\/strong> <em>envi\u00f3 una carta titulada \u00abNosotros, no Estados Unidos, somos los padres legales de bin Laden\u00bb al editor del <strong>diario londinense en \u00e1rabe Al-Quds Al-Arabi,<\/strong> en la que escribi\u00f3:<\/em><\/p>\n<p>\u00abLa mayor\u00eda de los art\u00edculos publicados en la prensa \u00e1rabe acerca de la Operaci\u00f3n Nueva York-Washington, no son mas que s\u00edntomas de una enfermedad mental que hemos sufrido desde que Israel nos derrot\u00f3 en 1948. Esta enfermedad se manifiesta culpando a otros por todo lo que tiene que ver con nuestras calamidades y errores, sin importar que tan grandes sean. Hasta los art\u00edculos de los intelectuales que respeto y que tienen alguna influencia en m\u00ed, como el editor de Al-Quds Al-Arabi, Abed Al-Bari &#8216;Atwan, el periodista sirio que reside en Londres Sub\u00ed Hadidi, y el periodista egipcio que vive en Londres Mamad Abed Al-Hakim Diyab est\u00e1n incluidos en esta categor\u00eda.\u00bb<\/p>\n<p>\u00ab\u00bfQu\u00e9 mensaje est\u00e1n tratando de transmitir estos respetables periodistas y otros como ellos al reiterar incesantemente la responsabilidad de Estados Unidos, Israel y el Occidente por el desarrollo del fen\u00f3meno de Osama bin Laden, y record\u00e1ndonos su terrible historia en otros tiempos y lugares? \u00bfEs Estados Unidos responsable tambi\u00e9n de nuestra incapacidad de manejar esta pol\u00edtica de negaci\u00f3n por cerca de medio siglo, durante el cual perdimos a Palestina y casi perdimos a Irak y seguramente perderemos otras tierras en el futuro? No estoy hablando de gobiernos, porque se conoce su historia y ellos tambi\u00e9n se han convertido en un pretexto que nos permite evadir nuestra responsabilidad &ndash; como si nuestros gobernantes hubieran llegado de otro lugar y otro tiempo y no fueran carne de nuestra carne, parte de nuestra mentalidad y de nuestra forma de vida&#8230;\u00bb<\/p>\n<p>\u00abEstoy hablando de la elite y de los l\u00edderes educados de todos los \u00e1mbitos que han surgido en el mundo \u00e1rabe. Cada uno de estos \u00e1mbitos gan\u00f3 poder en un estado \u00e1rabe en un momento dado, y tuvieron una gran influencia entre la opini\u00f3n p\u00fablica \u00e1rabe. Nosotros, los \u00e1rabes, somos un pueblo de adultos que llegaron a la mayor\u00eda de edad y se independizaron de Gran Breta\u00f1a, Francia y Estados Unidos hace muchas d\u00e9cadas. Miren lo que hemos hecho con nuestra libertad. Nos perdimos en un laberinto de corrupci\u00f3n, retraso econ\u00f3mico y guerras civiles el d\u00eda que perdimos nuestra democracia y el derecho de libertad de nuestro pueblo.<\/p>\n<p>\u00abBin Laden y sus secuaces, su ceguera pol\u00edtica y su radicalismo demente y est\u00fapido, son un producto local \u00e1rabe, o por lo menos 70% local&#8230; Debemos dejar de presentarlo como un hijastro de Estados Unidos y de la hegemon\u00eda Occidental; \u00e9l es hijo leg\u00edtimo de la impotencia \u00e1rabe-musulmana. \u00c9l es un hijo totalmente leg\u00edtimo, a quien dimos a luz con nuestra rigidez &ndash; nosotros, los seguidores del pan-arabismo, ustedes los marxistas, los islamistas y ustedes, los otros individuos educados. Limitamos a nuestra a patria y a nuestro pueblo hasta el punto de convertirlos en presa f\u00e1cil de los intereses de Estados Unidos, Israel y otros.\u00bb<\/p>\n<p>\u00abEl presentar al occidente como diab\u00f3lico, sirve de propaganda para las ideas que han transformado a nuestras juventudes isl\u00e1micas fan\u00e1ticas en m\u00edsiles humanos, asesinando intencionalmente a civiles fuera del campo de batalla, hasta que nos hemos convertido exactamente como los israel\u00edes &ndash; v\u00edctimas que se convirtieron en verdugos. \u00bfQu\u00e9 diferencia hay entre lo que los norteamericanos hicieron en el refugio de Al-&#8216;Amariya en Irak y lo que Atta y sus amigos hicieron en el World Trade Center?\u00bb<\/p>\n<p>\u00abQueremos tanto a nuestro hijo leg\u00edtimo que tratamos de exonerarlo&hellip; por haber cometido un crimen terrible repitiendo constantemente que no hay pruebas de que \u00e9l lo haya hecho, intensificando as\u00ed el temor y el odio que el occidente siente hacia el Islam y los musulmanes. \u00bfNo sabemos lo que estos extremistas religiosos y radicales, le hacen a las mujeres, los ni\u00f1os y los granjeros de su propio pueblo, en Algeria, delante de todo el mundo? \u00bfNo nos acordamos de lo que hicieron antes de eso en Egipto y otros pa\u00edses? Hasta en el Sud\u00e1n, la tierra de la tolerancia, realizaron una masacre masiva de creyentes en una mezquita, un acto sin precedentes a excepci\u00f3n del crimen de la Cueva de los Patriarcas cometido por un extremista jud\u00edo. Si hay alguien entre nosotros que odia tanto a los \u00e1rabes, los musulmanes, su cultura y su forma de vida y est\u00e1 dispuesto a realizar una masacre masiva b\u00e1rbara, \u00bfpor qu\u00e9 nos sorprendemos de que los cristianos nos odien y nos consideren b\u00e1rbaros?\u00bb<\/p>\n<p>\u00abRenunciar a estos hijos pr\u00f3digos y tratar de darlos en adopci\u00f3n al occidente es rehuir a nuestra responsabilidad. Ser\u00eda mejor admitir nuestra paternidad y que nuestro error en la educaci\u00f3n que les dimos es lo que les ha cerrado las puertas de la libertad y el conocimiento a nuestras sociedades, nuestras escuelas y nuestros medios de comunicaci\u00f3n. Debemos de aprender de nuestros errores. Una vez, lo hicimos en nombre de la ley religiosa isl\u00e1mica, otra vez lo hicimos en nombre del progreso y la lucha en contra del imperialismo. Solo cuando seamos capaces de reconocer esto podremos enfrentarnos al enemigo, por mas grande sea.\u00bb \u00abLo que me extra\u00f1a es que solo unos cuantos de nosotros &ndash;de ustedes- insistan en crear mas bin Ladens de la manera m\u00e1s efectiva posible: preservando la pol\u00edtica de odio a la democracia o evitando la democracia poniendo como pretexto &ndash; antes que nada, la guerra en contra de Norteam\u00e9rica.\u00bb<a class=\"c1\" href=\"http:\/\/www2.memri.org\/bin\/test\/articles_admin.cgi#_edn1\" name=\"_ednref1\">[1]<\/a><\/p>\n<\/div>\n<hr noshade=\"noshade\" \/><!-- footnotes --><\/p>\n<div class=\"bodynews c3\">\n<p><a href=\"#_ednref1\" name=\"_edn1\">[1]<\/a>Al-Quds Al-Arabi (Londres), Octubre 7, 2001.<\/p>\n<\/div>\n","protected":false},"excerpt":{"rendered":"<p>El diario londinense en \u00e1rabe, Al-Hayat escribi\u00f3 un recuento de los seis egipcios que est\u00e1n en la lista norteamericana de los 27 individuos y organizaciones isl\u00e1micas involucradas en los ataques del 11 de Septiembre. Hashem Hassan, quien se identifica como pan-\u00e1rabe, envi\u00f3 una carta titulada \u00abNosotros, no Estados Unidos, somos los padres legales de bin [&hellip;]<\/p>\n","protected":false},"author":1,"featured_media":0,"comment_status":"open","ping_status":"open","sticky":false,"template":"","format":"standard","meta":{"footnotes":""},"categories":[10,6,11,12],"tags":[],"class_list":["post-224","post","type-post","status-publish","format-standard","hentry","category-estudios-sobre-terrorismo-y-yihad","category-comunicados-especiales","category-e-u-a-y-el-medio-oriente","category-reforma-en-el-mundo-arabe-y-musulman"],"_links":{"self":[{"href":"https:\/\/www2.memri.org\/espanol\/wp-json\/wp\/v2\/posts\/224","targetHints":{"allow":["GET"]}}],"collection":[{"href":"https:\/\/www2.memri.org\/espanol\/wp-json\/wp\/v2\/posts"}],"about":[{"href":"https:\/\/www2.memri.org\/espanol\/wp-json\/wp\/v2\/types\/post"}],"author":[{"embeddable":true,"href":"https:\/\/www2.memri.org\/espanol\/wp-json\/wp\/v2\/users\/1"}],"replies":[{"embeddable":true,"href":"https:\/\/www2.memri.org\/espanol\/wp-json\/wp\/v2\/comments?post=224"}],"version-history":[{"count":0,"href":"https:\/\/www2.memri.org\/espanol\/wp-json\/wp\/v2\/posts\/224\/revisions"}],"wp:attachment":[{"href":"https:\/\/www2.memri.org\/espanol\/wp-json\/wp\/v2\/media?parent=224"}],"wp:term":[{"taxonomy":"category","embeddable":true,"href":"https:\/\/www2.memri.org\/espanol\/wp-json\/wp\/v2\/categories?post=224"},{"taxonomy":"post_tag","embeddable":true,"href":"https:\/\/www2.memri.org\/espanol\/wp-json\/wp\/v2\/tags?post=224"}],"curies":[{"name":"wp","href":"https:\/\/api.w.org\/{rel}","templated":true}]}}