{"id":22393,"date":"2016-07-10T13:50:25","date_gmt":"2016-07-10T18:20:25","guid":{"rendered":"http:\/\/www2.memri.org\/espanol\/?p=22393"},"modified":"2017-01-10T17:40:03","modified_gmt":"2017-01-10T22:10:03","slug":"diario-paquistani-en-urdu-tras-el-ataque-en-medina-el-intento-de-atacar-el-masjid-e-nabwi-puede-ser-descrito-claramente-como-parte-del-plan-elaborado-por-el-estado-sionista-de-israel","status":"publish","type":"post","link":"https:\/\/www2.memri.org\/espanol\/diario-paquistani-en-urdu-tras-el-ataque-en-medina-el-intento-de-atacar-el-masjid-e-nabwi-puede-ser-descrito-claramente-como-parte-del-plan-elaborado-por-el-estado-sionista-de-israel\/22393","title":{"rendered":"Diario paquistan\u00ed en urdu tras el ataque en Medina: &#8216;El intento de atacar el Masjid-e-Nabwi puede ser descrito claramente como parte del plan elaborado por el estado sionista de Israel&#8217;"},"content":{"rendered":"<p><img loading=\"lazy\" decoding=\"async\" class=\"alignnone size-full wp-image-22918\" src=\"http:\/\/www2.memri.org\/espanol\/wp-content\/uploads\/2017\/01\/28955.jpg\" width=\"421\" height=\"307\" srcset=\"https:\/\/www2.memri.org\/espanol\/wp-content\/uploads\/2017\/01\/28955.jpg 421w, https:\/\/www2.memri.org\/espanol\/wp-content\/uploads\/2017\/01\/28955-300x219.jpg 300w, https:\/\/www2.memri.org\/espanol\/wp-content\/uploads\/2017\/01\/28955-324x235.jpg 324w\" sizes=\"auto, (max-width: 421px) 100vw, 421px\" \/><\/p>\n<p><em>En la noche del 4 de julio, un atacante suicida atent\u00f3 contra el Masjid-e-Nabwi (la mezquita del Profeta Mahoma) en Medina, Arabia Saudita, matando a cuatro guardias de seguridad e hiriendo a varios otros. Masjid-e-Nabwi es el segundo lugar m\u00e1s sagrado del Islam despu\u00e9s de la Ka&#8217;aba en Meca.<\/em><\/p>\n<p><em>Adicionalmente varios ataques terroristas tuvieron lugar en Arabia Saudita el 4 de julio, donde dos atacantes suicidas atentaron contra una mezquita chiita en la ciudad de Qatif, y un cuarto atacante suicida se inmol\u00f3 frente al consulado estadounidense en la ciudad de Jeddah. El Ramad\u00e1n de este a\u00f1o ha visto ataques terroristas como los de Orlando, Estambul, Bagdad, Kabul y Dacca entre otros.<\/em><\/p>\n<p><em>Sin embargo, el ataque suicida en Masjid-e-Nabwi ha conmocionado a todo el mundo musulm\u00e1n, debido a la santidad del lugar. El principal diario pakistan\u00ed en urdu Roznama Ummat, siendo este un diario pro-islamista y pro-yihadista, public\u00f3 un editorial culpando a Israel por el ataque.<\/em><em>\u00a0<\/em><\/p>\n<p><em>Lo siguiente son extractos del editorial:<\/em><\/p>\n<p>\u00abEl da\u00f1o a la vida y a la propiedad ha sido causado en cuatro pa\u00edses musulmanes el mes pasado en ataques suicidas llevados a cabo por diferentes organizaciones extremistas y terroristas, especialmente el Estado Isl\u00e1mico [EIIS]. Ahora, sus ojos sat\u00e1nicos se centran en Harmain Sharifain [las mezquitas sagradas en Meca y Medina].<\/p>\n<p>\u00abEl intento de apuntar al Masjid-e-Nabwi puede ser claramente descrito como parte del plan en el que el estado sionista de Israel ha estado trabajando en nombre del Gran Israel&#8230; [los planes que posee Israel] para incluir a Medina en este estado mayor de Israel. Deber\u00eda tenerse en cuenta que durante las \u00faltimas semanas, Turqu\u00eda fue el primer objetivo de estos ataques terroristas. Luego de eso, se hicieron intentos por esparcir la destrucci\u00f3n en Irak, Dhaka y Kabul.<\/p>\n<p>\u00abDesafortunadamente, al utilizar nombres tales como el EIIS y Al-Qaeda, daba la impresi\u00f3n que el Islam y sus seguidores, los musulmanes, son los que difunden el terrorismo alrededor del mundo. Mientras los estudiosos e int\u00e9rpretes musulmanes veteranos dicen un\u00e1nimemente que ning\u00fan musulm\u00e1n puede ser terrorista; el Islam es una religi\u00f3n de paz y unidad. [En el Islam], el asesino de un solo ser humano es culpable de asesinar a toda la especie humana y se le castiga siendo enviado al infierno por toda la eternidad. No existe discriminaci\u00f3n en esto en cuanto a si la v\u00edctima es musulm\u00e1n o no musulm\u00e1n. Del mismo modo, si el asesino es musulm\u00e1n, su residencia permanente ser\u00e1 el infierno.<\/p>\n<p>\u00abRespecto a los musulmanes, el terrorismo, que el mundo ve actualmente como responsabilidad de los musulmanes, porque el mundo no musulm\u00e1n se ha postrado a su oposici\u00f3n, tiene dos aspectos que presentar: Uno, seg\u00fan su educaci\u00f3n religiosa, un musulm\u00e1n no puede ser culpable de asesinar a un ser humano sin raz\u00f3n alguna. Este es instruido [por el sharia] a acoplarse a una buena conducta, incluso con animales y plantas; dos, en casi todas las actividades terroristas, m\u00e1s que nadie, son principalmente los musulmanes que est\u00e1n siendo martirizados. Por lo tanto, \u00bfc\u00f3mo es posible que alguien que los asesine est\u00e9 conectado al Islam?<\/p>\n<p>\u00abEn lo que respecta a los nombres isl\u00e1micos y formas de los asesinos y terroristas, \u00e9stos pueden ser adquiridos por cualquiera [por ejemplo, los no-musulmanes]. Por lo tanto, llamar a alguien musulm\u00e1n basado de esta identificaci\u00f3n es totalmente err\u00f3neo. Incluso si uno de ellos es musulm\u00e1n por nacimiento o por\u00a0 reivindicaci\u00f3n, entonces todo el mundo musulm\u00e1n, expresando su sentimiento de resignaci\u00f3n, lo condena y p\u00fablicamente lo declara propenso de irse al Infierno. Por lo tanto, la propaganda que afirma que los musulmanes son terroristas deber\u00eda terminar. Mientras la propaganda negativa de los no-musulm\u00e1nes hacia los [musulmanes] contin\u00fae, habr\u00e1 reacciones entre los musulmanes, llev\u00e1ndolos a simpatizar con terroristas, aunque sea de mala gana&#8230;<\/p>\n<p>\u00abEs responsabilidad de los gobernantes musulmanes, intelectuales, acad\u00e9micos religiosos, m\u00edsticos y reformistas descubrir la realidad respecto a los extremistas y terroristas que act\u00faan en nombre de los musulmanes y adoptar una estrategia unificada en su contra. Aquellos [musulmanes] que denominan s\u00f3lo a su propia secta doctrinal la correcta y consideran <em>kafir<\/em> [infieles] y <em>mushrik<\/em> [id\u00f3latras] a otros musulmanes, son totalmente inconscientes de la realidad del Islam. No importa cu\u00e1ntos t\u00edtulos acad\u00e9micos tengan con sus nombres, todos ellos son enemigos del Islam y de los musulmanes.<\/p>\n<p>\u00abUna persona dedicada a la ense\u00f1anza y predica del odio [bajo motivos doctrinales] no puede ser musulm\u00e1n. Y no existe beneficio alguno al Islam y a los musulmanes al hablar exclusivamente contra los no musulmanes; al contrario, causara da\u00f1os inversos. Los musulmanes del mundo, en especial aquellos relacionados con los c\u00edrculos religiosos, deber\u00edan perseguir a los enemigos del Islam presentes entre s\u00ed y cortarles sus fortalezas. Si no prestasen atenci\u00f3n incluso ahora, entonces, tengan en cuenta que su motivaci\u00f3n ha crecido hasta el punto que incluso tienen como objetivo el Masjid-e-Nabwi. Bajo nuestra manera de pensar, esta es la \u00faltima advertencia. No somos dignos de ser llamados musulmanes si no podemos salvar a nuestro querido Profeta, a sus compa\u00f1eros m\u00e1s queridos, a su mezquita y su ciudad de la maldad y el satanismo del enemigo&#8230;\u00bb<a href=\"#_edn1\" name=\"_ednref1\">[1]<\/a><\/p>\n<p><a href=\"#_ednref1\" name=\"_edn1\">[1]<\/a> <em>Roznama Ummat<\/em> (Pakist\u00e1n) 6 de julio, 2016.<\/p>\n","protected":false},"excerpt":{"rendered":"<p>En la noche del 4 de julio, un atacante suicida atent\u00f3 contra el Masjid-e-Nabwi (la mezquita del Profeta Mahoma) en Medina, Arabia Saudita, matando a cuatro guardias de seguridad e hiriendo a varios otros. Masjid-e-Nabwi es el segundo lugar m\u00e1s sagrado del Islam despu\u00e9s de la Ka&#8217;aba en Meca. Adicionalmente varios ataques terroristas tuvieron lugar [&hellip;]<\/p>\n","protected":false},"author":42,"featured_media":22918,"comment_status":"open","ping_status":"open","sticky":false,"template":"","format":"standard","meta":{"footnotes":""},"categories":[4,6],"tags":[],"class_list":["post-22393","post","type-post","status-publish","format-standard","has-post-thumbnail","hentry","category-archivos","category-comunicados-especiales"],"_links":{"self":[{"href":"https:\/\/www2.memri.org\/espanol\/wp-json\/wp\/v2\/posts\/22393","targetHints":{"allow":["GET"]}}],"collection":[{"href":"https:\/\/www2.memri.org\/espanol\/wp-json\/wp\/v2\/posts"}],"about":[{"href":"https:\/\/www2.memri.org\/espanol\/wp-json\/wp\/v2\/types\/post"}],"author":[{"embeddable":true,"href":"https:\/\/www2.memri.org\/espanol\/wp-json\/wp\/v2\/users\/42"}],"replies":[{"embeddable":true,"href":"https:\/\/www2.memri.org\/espanol\/wp-json\/wp\/v2\/comments?post=22393"}],"version-history":[{"count":0,"href":"https:\/\/www2.memri.org\/espanol\/wp-json\/wp\/v2\/posts\/22393\/revisions"}],"wp:featuredmedia":[{"embeddable":true,"href":"https:\/\/www2.memri.org\/espanol\/wp-json\/wp\/v2\/media\/22918"}],"wp:attachment":[{"href":"https:\/\/www2.memri.org\/espanol\/wp-json\/wp\/v2\/media?parent=22393"}],"wp:term":[{"taxonomy":"category","embeddable":true,"href":"https:\/\/www2.memri.org\/espanol\/wp-json\/wp\/v2\/categories?post=22393"},{"taxonomy":"post_tag","embeddable":true,"href":"https:\/\/www2.memri.org\/espanol\/wp-json\/wp\/v2\/tags?post=22393"}],"curies":[{"name":"wp","href":"https:\/\/api.w.org\/{rel}","templated":true}]}}