{"id":22391,"date":"2016-07-07T13:51:43","date_gmt":"2016-07-07T18:21:43","guid":{"rendered":"http:\/\/www2.memri.org\/espanol\/?p=22391"},"modified":"2016-07-08T13:54:32","modified_gmt":"2016-07-08T18:24:32","slug":"columnista-arabe-debemos-purgar-nuestras-fuentes-de-extremismo-islamico-al-igual-que-la-alemania-post-segunda-guerra-mundial-purgo-sus-fuentes-de-nazismo","status":"publish","type":"post","link":"https:\/\/www2.memri.org\/espanol\/columnista-arabe-debemos-purgar-nuestras-fuentes-de-extremismo-islamico-al-igual-que-la-alemania-post-segunda-guerra-mundial-purgo-sus-fuentes-de-nazismo\/22391","title":{"rendered":"Columnista \u00e1rabe: Debemos purgar nuestras fuentes de extremismo isl\u00e1mico al igual que la Alemania post-Segunda Guerra Mundial purg\u00f3 sus fuentes de nazismo"},"content":{"rendered":"<p>&nbsp;<\/p>\n<p><em>En su columna el 5 de julio, 2016 para el diario saudita en Londres Al-Sharq Al-Awsat, bajo el t\u00edtulo \u00abDesarraigando el Extremismo\u00bb, Hussein Shobokshi pidi\u00f3 al mundo musulm\u00e1n para hacer lo que Alemania hizo para luchar contra el nazismo despu\u00e9s de la Segunda Guerra Mundial, con el prop\u00f3sito de purgarse a s\u00ed misma de sus propias fuentes de extremismo.<\/em><\/p>\n<p><em>A continuaci\u00f3n se presentan extractos de su columna:<a href=\"#_edn1\" name=\"_ednref1\"><strong>[1]<\/strong><\/a><\/em><\/p>\n<p>\u00abCuando el r\u00e9gimen nazi cay\u00f3, y Adolf Hitler fue derrotado al final de la Segunda Guerra Mundial&#8230; Alemania decidi\u00f3 exhaustiva, profunda y seriamente poner su casa en orden. Esta se examin\u00f3 a s\u00ed misma en profundidad, de manera objetiva y seriamente y encontr\u00f3 que la principal soluci\u00f3n a su problema era desarraigar la ideolog\u00eda nazi.<\/p>\n<p>\u00abComenz\u00f3 as\u00ed una campa\u00f1a decisiva para arrancar de ra\u00edz la influencia directa e indirecta de la ideolog\u00eda nazi en todo lo relacionado con el patrimonio, cultura, ideolog\u00eda, artes y pol\u00edtica de Alemania. Estos cavaron a trav\u00e9s de las ideas de Goethe, Nietzsche y Kant, tamizando a trav\u00e9s de sus escritos con un peine de dientes finos, por temor a haber jugado un papel importante en influenciar a otros y por pavimentar un camino claro hacia el extremismo y, luego, al nazismo. Por otra parte, tambi\u00e9n se volvieron contra el patrimonio musical [de Alemania] y prohibieron presentar m\u00fasica del reconocido m\u00fasico y compositor alem\u00e1n Wagner, al que Hitler escuchaba con regularidad. Prohibieron su m\u00fasica, por temor a que fuese un factor influyente en la ideolog\u00eda del pueblo y fomente el extremismo.<a href=\"#_edn2\" name=\"_ednref2\">[2]<\/a><\/p>\n<p>\u00abAlemania se dio cuenta de que se enfrentaba a un reto fundamental que obligar\u00eda a decidir, con toda seriedad, si ser o no ser. Ante la gravedad de esta situaci\u00f3n, tuvo que enfrentar los complejos problemas del nazismo sin contemplaciones y con un pu\u00f1o de hierro.<\/p>\n<p>\u00abEsta es precisamente la crisis que el mundo musulm\u00e1n enfrenta &#8211; su capacidad de enfrentar el extremismo oculto en las p\u00e1ginas de algunos escritores, que son utilizados por los extremistas para legitimar y arraigar sus posturas, actos y cr\u00edmenes.<\/p>\n<p>\u00abHoy d\u00eda somos testigos de los repetidos asesinatos y [ataques] terroristas por las organizaciones de sangre y muerte, tales como Al-Qaeda, Hezbol\u00e1, y el EIIS; Estos asesinan y destruyen basados en fatuas que van [contra] las opiniones occidentales. Mientras este asunto sea presentado y manejado con guantes de seda, nunca obtendremos resultados que sean serios, serviciales, influyentes, o vitales. Debemos darnos cuenta plenamente de que tenemos que tomar una serie de medidas para erradicar la ideolog\u00eda del terrorismo y que el camino ser\u00e1 fatigoso. Debemos estar convencidos de que no estamos haciendo esto con el fin de complacer a Occidente o a cualquier otra persona, sino que m\u00e1s bien es para proteger la religi\u00f3n y las sociedades isl\u00e1micas en contra de este peligro, ya que sufrir\u00e1n da\u00f1os m\u00e1s fuertes y habr\u00e1 m\u00e1s v\u00edctimas.<\/p>\n<p>\u00abEste tema es crucial y muy grave. Ramad\u00e1n ha pasado; los ataques de las organizaciones terroristas no han cesado, y la sangre corre por las calles en casi todos los pa\u00edses isl\u00e1micos. Es nuestro deber purgar y purificar las fuentes del extremismo &#8211; y si no lo hacemos, no habr\u00e1, por desgracia, fin a la dura prueba del derramamiento de sangre&#8230;<\/p>\n<p><em>\u00abLos ojos lloran ante las im\u00e1genes de asesinato y sangre\u00bb.<\/em><\/p>\n<p><a href=\"#_ednref1\" name=\"_edn1\">[1]<\/a> <em>Al-Sharq Al-Awsat<\/em> (Londres) 5 de julio, 2016.<\/p>\n<p><a href=\"#_ednref2\" name=\"_edn2\">[2]<\/a> El autor puede haber fusionado la paralizaci\u00f3n temporal del Festival de Bayreuth, cuando Alemania estaba bajo ocupaci\u00f3n y Bayreuth se encontraba en la zona estadounidense. En cualquier caso, el festival Wagner en Bayreuth se reanud\u00f3 en 1951 y Wagner es escuchado a trav\u00e9s de toda Alemania.<\/p>\n","protected":false},"excerpt":{"rendered":"<p>&nbsp; En su columna el 5 de julio, 2016 para el diario saudita en Londres Al-Sharq Al-Awsat, bajo el t\u00edtulo \u00abDesarraigando el Extremismo\u00bb, Hussein Shobokshi pidi\u00f3 al mundo musulm\u00e1n para hacer lo que Alemania hizo para luchar contra el nazismo despu\u00e9s de la Segunda Guerra Mundial, con el prop\u00f3sito de purgarse a s\u00ed misma de [&hellip;]<\/p>\n","protected":false},"author":42,"featured_media":0,"comment_status":"open","ping_status":"open","sticky":false,"template":"","format":"standard","meta":{"footnotes":""},"categories":[4,6,9,12],"tags":[],"class_list":["post-22391","post","type-post","status-publish","format-standard","hentry","category-archivos","category-comunicados-especiales","category-temas","category-reforma-en-el-mundo-arabe-y-musulman"],"_links":{"self":[{"href":"https:\/\/www2.memri.org\/espanol\/wp-json\/wp\/v2\/posts\/22391","targetHints":{"allow":["GET"]}}],"collection":[{"href":"https:\/\/www2.memri.org\/espanol\/wp-json\/wp\/v2\/posts"}],"about":[{"href":"https:\/\/www2.memri.org\/espanol\/wp-json\/wp\/v2\/types\/post"}],"author":[{"embeddable":true,"href":"https:\/\/www2.memri.org\/espanol\/wp-json\/wp\/v2\/users\/42"}],"replies":[{"embeddable":true,"href":"https:\/\/www2.memri.org\/espanol\/wp-json\/wp\/v2\/comments?post=22391"}],"version-history":[{"count":0,"href":"https:\/\/www2.memri.org\/espanol\/wp-json\/wp\/v2\/posts\/22391\/revisions"}],"wp:attachment":[{"href":"https:\/\/www2.memri.org\/espanol\/wp-json\/wp\/v2\/media?parent=22391"}],"wp:term":[{"taxonomy":"category","embeddable":true,"href":"https:\/\/www2.memri.org\/espanol\/wp-json\/wp\/v2\/categories?post=22391"},{"taxonomy":"post_tag","embeddable":true,"href":"https:\/\/www2.memri.org\/espanol\/wp-json\/wp\/v2\/tags?post=22391"}],"curies":[{"name":"wp","href":"https:\/\/api.w.org\/{rel}","templated":true}]}}