{"id":22373,"date":"2016-07-03T13:51:19","date_gmt":"2016-07-03T18:21:19","guid":{"rendered":"http:\/\/www2.memri.org\/espanol\/?p=22373"},"modified":"2016-07-04T13:54:10","modified_gmt":"2016-07-04T18:24:10","slug":"el-mayor-diario-de-pakistan-en-urdu-culpa-a-occidente-por-los-ataques-en-estambul-y-afirma-que-el-secretario-general-de-la-otan-declaro-al-islam-como-proximo-objetivo-tras-la-derrota-del-comunismo","status":"publish","type":"post","link":"https:\/\/www2.memri.org\/espanol\/el-mayor-diario-de-pakistan-en-urdu-culpa-a-occidente-por-los-ataques-en-estambul-y-afirma-que-el-secretario-general-de-la-otan-declaro-al-islam-como-proximo-objetivo-tras-la-derrota-del-comunismo\/22373","title":{"rendered":"El mayor diario de Pakist\u00e1n en urdu culpa a Occidente por los ataques en Estambul y afirma que el secretario general de la OTAN declar\u00f3 al Islam como pr\u00f3ximo objetivo tras la derrota del comunismo"},"content":{"rendered":"<p><img loading=\"lazy\" decoding=\"async\" class=\"alignnone size-full wp-image-22375\" src=\"http:\/\/www2.memri.org\/espanol\/wp-content\/uploads\/2016\/07\/28880-1.jpg\" width=\"628\" height=\"459\" srcset=\"https:\/\/www2.memri.org\/espanol\/wp-content\/uploads\/2016\/07\/28880-1.jpg 628w, https:\/\/www2.memri.org\/espanol\/wp-content\/uploads\/2016\/07\/28880-1-300x219.jpg 300w, https:\/\/www2.memri.org\/espanol\/wp-content\/uploads\/2016\/07\/28880-1-600x439.jpg 600w, https:\/\/www2.memri.org\/espanol\/wp-content\/uploads\/2016\/07\/28880-1-575x420.jpg 575w\" sizes=\"auto, (max-width: 628px) 100vw, 628px\" \/><\/p>\n<p><em>Tras el triple atentado suicida en el Aeropuerto Ataturk en Estambul el 28 de junio, que acab\u00f3 con la vida de 41 personas e hiri\u00f3 a m\u00e1s de 200, el mayor diario en urdu de Pakist\u00e1n Roznama Jang public\u00f3 un editorial titulado \u00abAtaques Turcos: \u00c9poca de Alarma para el Mundo del Islam!\u00bb<\/em><\/p>\n<p><em>En el editorial, el diario insinu\u00f3 que estos ataques, as\u00ed como tambi\u00e9n los incidentes similares que han ocurrido desde el 11 de Septiembre, son parte de una conspiraci\u00f3n de los pa\u00edses occidentales. El editorial afirma que despu\u00e9s de la derrota de la Uni\u00f3n Sovi\u00e9tica en Afganist\u00e1n, el entonces secretario general de la OTAN (cuyo nombre no es dado) emiti\u00f3 un comunicado de principio y acci\u00f3n diciendo que despu\u00e9s del comunismo, ahora le tocaba al Islam ser derrotado.<\/em><\/p>\n<p><em>A continuaci\u00f3n se presentan extractos del editorial:<\/em><\/p>\n<p>\u00abLos recientes ataques suicidas que ocurrieron en el aeropuerto Ataturk en la ciudad de Estambul, Turqu\u00eda constituyen un motivo de preocupaci\u00f3n y angustia para todo el mundo del Islam. Esto se debe a que la mayor parte de los desgraciados incidentes que ocurren en cualquier parte del mundo desde el 11 de Septiembre est\u00e1n conectados de una manera u otra a los musulmanes, al mundo del Islam, o Pakist\u00e1n, el cual se conoce como la fortaleza del mundo musulm\u00e1n. Despu\u00e9s del 11 de Septiembre, la forma en que la mayor\u00eda de los incidentes han sido vinculados al Islam, los musulmanes y el mundo musulm\u00e1n es un tema de estupor y asombro.<\/p>\n<p>\u00abEn los pa\u00edses occidentales, incluso antes del 11 de Septiembre, han habido incidentes de ataques indiscriminados en lugares p\u00fablicos por parte de algunos individuos o [incidentes] de suicidios colectivos en nombre de diferentes filosof\u00edas por algunos grupos, que fueron descritos como incidentes aislados. La triste realidad del hecho es que si un vinculo remoto entre un musulm\u00e1n y cualquier incidente surgiera, esto conduc\u00eda a una serie [de intentos] de conectar el Islam con el terrorismo; [intentos] que son vistos con un incremento de sospecha, incluso por la clase educada en Occidente.<\/p>\n<p>\u00abAlgunos que estudian historia dicen que luego de la desintegraci\u00f3n de la Uni\u00f3n Sovi\u00e9tica, el entonces secretario general de la OTAN emiti\u00f3 una declaraci\u00f3n de principio y acci\u00f3n declarando el Islam como su pr\u00f3ximo enemigo despu\u00e9s de la derrota del comunismo. Posteriormente, signos sorprendentemente claros de sectarismo y diferencias basadas en idiomas y razas surgieron en los pa\u00edses musulmanes. Situaciones que incluyen corrupci\u00f3n, mala administraci\u00f3n, ilegalidad, la creciente brecha entre los ricos y pobres, la escasez de energ\u00eda y la escasez en la producci\u00f3n agr\u00edcola e industrial surgieron, llevando a la p\u00e9rdida de confianza del p\u00fablico en el sistema en la mayor\u00eda de los pa\u00edses musulmanes.<\/p>\n<p>\u00abEn las zonas norte de Pakist\u00e1n, en especial la Agencia Swat y Malakand, esfuerzos por convertir las privaciones del pueblo en consignas religiosas y en un extremismo religioso salieron a relucir. A trav\u00e9s de individuos armados [es decir, terroristas] procedentes o tra\u00eddos desde Afganist\u00e1n, se hicieron intentos una vez m\u00e1s para debilitar el control de Pakist\u00e1n en estas zonas. A pesar de que el orden y la paz fueron establecidos en Swat a trav\u00e9s de operaciones militares, las actividades anti-Pakist\u00e1n del jefe de [Tehrik-e-Taliban Pakistan] Fazlullah, el rebelde disfrutando de una segura hospitalidad en Afganist\u00e1n, a\u00fan contin\u00faan.<\/p>\n<p>\u00abEl punto m\u00e1s curioso es que, por un lado, las antiguas y nuevas organizaciones terroristas gastan toda su energ\u00eda causando mucho da\u00f1o a los pa\u00edses musulmanes en todos los sentidos; pero por otro lado, la culpa del terrorismo tambi\u00e9n recae sobre los pa\u00edses musulmanes. De acuerdo a informes preliminares, los tres ataques suicidas nocturnos entre el martes y mi\u00e9rcoles en el aeropuerto de Estambul mataron a 36 personas e hirieron a 150 y estas cifras se espera que aumenten.<\/p>\n<p>\u00abSolo el martes, los informes dicen: 14 fieles fueron asesinados luego de los [rezos nocturnos de Tahayyud Ramad\u00e1n] en una mezquita en Zayd\u00e1n cerca de la capital iraqu\u00ed de Bagdad; 11 combatientes kurdos y tres [combatientes] [iran\u00edes] Pasdaran-e-Inquilab murieron durante los enfrentamientos en la provincia iran\u00ed de Kurdist\u00e1n, cerca de la frontera con Irak; 25 rebeldes fueron asesinados en ataques a\u00e9reos por los aliados sauditas en Yemen, 40 individuos murieron durante los enfrentamientos entre los rebeldes y las fuerzas del gobierno en Sud\u00e1n del sur.<\/p>\n<p>\u00abLos pa\u00edses de la comunidad musulmana &#8211; la mayor\u00eda de los cuales fueron interceptados en las cadenas de la esclavitud a principios del siglo 20 &#8211; est\u00e1n divididos en trozos hoy a pesar de ser independientes y aut\u00f3nomos y est\u00e1n pasando las circunstancias m\u00e1s dif\u00edciles. Es responsabilidad de los gobernantes musulmanes, los estudiosos isl\u00e1micos, fil\u00f3sofos y reformistas el dejar de lado su vida personal, familiar y los intereses grupales y organizar y unirse a fin de sostener la libertad de los pa\u00edses musulmanes y salvar al mundo de una nueva guerra&#8230;\u00bb<a href=\"#_edn1\" name=\"_ednref1\">[1]<\/a><\/p>\n<p><a href=\"#_ednref1\" name=\"_edn1\">[1]<\/a> <em>Roznama Jang<\/em> (Pakist\u00e1n), 30 de junio, 2016.<\/p>\n","protected":false},"excerpt":{"rendered":"<p>Tras el triple atentado suicida en el Aeropuerto Ataturk en Estambul el 28 de junio, que acab\u00f3 con la vida de 41 personas e hiri\u00f3 a m\u00e1s de 200, el mayor diario en urdu de Pakist\u00e1n Roznama Jang public\u00f3 un editorial titulado \u00abAtaques Turcos: \u00c9poca de Alarma para el Mundo del Islam!\u00bb En el editorial, [&hellip;]<\/p>\n","protected":false},"author":42,"featured_media":22374,"comment_status":"open","ping_status":"open","sticky":false,"template":"","format":"standard","meta":{"footnotes":""},"categories":[4,6,2],"tags":[],"class_list":["post-22373","post","type-post","status-publish","format-standard","has-post-thumbnail","hentry","category-archivos","category-comunicados-especiales","category-featured"],"_links":{"self":[{"href":"https:\/\/www2.memri.org\/espanol\/wp-json\/wp\/v2\/posts\/22373","targetHints":{"allow":["GET"]}}],"collection":[{"href":"https:\/\/www2.memri.org\/espanol\/wp-json\/wp\/v2\/posts"}],"about":[{"href":"https:\/\/www2.memri.org\/espanol\/wp-json\/wp\/v2\/types\/post"}],"author":[{"embeddable":true,"href":"https:\/\/www2.memri.org\/espanol\/wp-json\/wp\/v2\/users\/42"}],"replies":[{"embeddable":true,"href":"https:\/\/www2.memri.org\/espanol\/wp-json\/wp\/v2\/comments?post=22373"}],"version-history":[{"count":0,"href":"https:\/\/www2.memri.org\/espanol\/wp-json\/wp\/v2\/posts\/22373\/revisions"}],"wp:featuredmedia":[{"embeddable":true,"href":"https:\/\/www2.memri.org\/espanol\/wp-json\/wp\/v2\/media\/22374"}],"wp:attachment":[{"href":"https:\/\/www2.memri.org\/espanol\/wp-json\/wp\/v2\/media?parent=22373"}],"wp:term":[{"taxonomy":"category","embeddable":true,"href":"https:\/\/www2.memri.org\/espanol\/wp-json\/wp\/v2\/categories?post=22373"},{"taxonomy":"post_tag","embeddable":true,"href":"https:\/\/www2.memri.org\/espanol\/wp-json\/wp\/v2\/tags?post=22373"}],"curies":[{"name":"wp","href":"https:\/\/api.w.org\/{rel}","templated":true}]}}