{"id":22367,"date":"2016-06-30T13:52:08","date_gmt":"2016-06-30T18:22:08","guid":{"rendered":"http:\/\/www2.memri.org\/espanol\/?p=22367"},"modified":"2016-07-01T13:55:12","modified_gmt":"2016-07-01T18:25:12","slug":"estados-unidos-legitima-presencia-y-actividades-de-iran-en-irak","status":"publish","type":"post","link":"https:\/\/www2.memri.org\/espanol\/estados-unidos-legitima-presencia-y-actividades-de-iran-en-irak\/22367","title":{"rendered":"Estados Unidos legitima presencia y actividades de Ir\u00e1n en Irak"},"content":{"rendered":"<p>Por: Y. Carmon y A. Savyon*<\/p>\n<p>En un discurso el 28 de junio, 2016 en el Festival de Ideas en Aspen Colorado, Estados Unidos al Secretario de Estado estadounidense John Kerry se le pregunt\u00f3 si la influencia de Ir\u00e1n en Irak era \u00abm\u00e1s \u00fatil o m\u00e1s perjudicial\u00bb. Este respondi\u00f3: \u00abMire, como todo el mundo sabe, tenemos desaf\u00edos con Ir\u00e1n y estamos trabajando sobre estos retos, pero le puedo decir que Ir\u00e1n en Irak ha sido, de cierta manera, \u00fatil y evidentemente est\u00e1n enfocados en el EIIS &#8211; Daesh y por eso tenemos realmente un inter\u00e9s com\u00fan\u00bb.<a href=\"#_edn1\" name=\"_ednref1\">[1]<\/a><\/p>\n<p>Esta declaraci\u00f3n le otorga legitimidad a Estados Unidos por la presencia y actividades militares de Ir\u00e1n en suelo iraqu\u00ed, basados en la afirmaci\u00f3n de que Ir\u00e1n y los Estados Unidos poseen intereses comunes en la lucha contra el Estado Isl\u00e1mico (EIIS) y que \u00abIr\u00e1n es un elemento \u00fatil\u00bb. Adem\u00e1s, Kerry afirma que el enfoque de Ir\u00e1n en Irak es la guerra contra el EIIS.<\/p>\n<p>De acuerdo a esta declaraci\u00f3n, Kerry hace caso omiso de las actividades por parte de Ir\u00e1n y las milicias chiitas que operan en Irak en contra la poblaci\u00f3n local sunita, as\u00ed como tambi\u00e9n informes sobre limpieza \u00e9tnica y los ataques contra civiles no chiitas en el pa\u00eds.<a href=\"#_edn2\" name=\"_ednref2\">[2]<\/a><\/p>\n<p>Del mismo modo, en conceder esta legitimidad, este no ha establecido condiciones o restricciones, dando con ello un sello de aprobaci\u00f3n por parte de Estados Unidos a la ambici\u00f3n hist\u00f3rica del r\u00e9gimen iran\u00ed de tener a Irak bajo su control y dividirlo en secciones chiitas y sunitas.<a href=\"#_edn3\" name=\"_ednref3\">[3]<\/a><\/p>\n<p>Cabe se\u00f1alar que en los \u00faltimos dos a\u00f1os, Ir\u00e1n ha estado operando militarmente en Irak a trav\u00e9s de las milicias chiitas que este estableci\u00f3 bajo el mando del comandante de las Fuerzas Qods del Cuerpo de la Guardia Revolucionaria Isl\u00e1mica (CGRI) Qassem Suleimani y tambi\u00e9n, recientemente, con la participaci\u00f3n directa de las tropas iran\u00edes. Un informe completo sobre este tema ser\u00e1 pr\u00f3ximamente publicado.<\/p>\n<p>La p\u00e1gina Facebook \u00abEjercito de Ir\u00e1n\u00bb, afiliada al CGRI, public\u00f3 una imagen de soldados armados iran\u00edes e iraqu\u00edes juntos en Irak.<\/p>\n<p><img loading=\"lazy\" decoding=\"async\" class=\"alignnone size-full wp-image-22369\" src=\"http:\/\/www2.memri.org\/espanol\/wp-content\/uploads\/2016\/07\/28851-1.jpg\" width=\"480\" height=\"480\" srcset=\"https:\/\/www2.memri.org\/espanol\/wp-content\/uploads\/2016\/07\/28851-1.jpg 480w, https:\/\/www2.memri.org\/espanol\/wp-content\/uploads\/2016\/07\/28851-1-150x150.jpg 150w, https:\/\/www2.memri.org\/espanol\/wp-content\/uploads\/2016\/07\/28851-1-300x300.jpg 300w, https:\/\/www2.memri.org\/espanol\/wp-content\/uploads\/2016\/07\/28851-1-420x420.jpg 420w, https:\/\/www2.memri.org\/espanol\/wp-content\/uploads\/2016\/07\/28851-1-32x32.jpg 32w, https:\/\/www2.memri.org\/espanol\/wp-content\/uploads\/2016\/07\/28851-1-64x64.jpg 64w, https:\/\/www2.memri.org\/espanol\/wp-content\/uploads\/2016\/07\/28851-1-96x96.jpg 96w, https:\/\/www2.memri.org\/espanol\/wp-content\/uploads\/2016\/07\/28851-1-128x128.jpg 128w\" sizes=\"auto, (max-width: 480px) 100vw, 480px\" \/><\/p>\n<p><em>Soldados armados iran\u00edes e iraqu\u00edes en Irak (Facebook.com\/Iran.Military 27 de junio, 2016)<\/em><\/p>\n<p>Esta legitimaci\u00f3n por la administraci\u00f3n estadounidense presenta tambi\u00e9n ideas sobre su afinidad en apoyar a la chiita Ir\u00e1n contra el mundo sunita, que tambi\u00e9n se manifest\u00f3 en las concesiones a largo plazo hechas a Ir\u00e1n en el PIDAC. Esta afinidad es parte de punto de vista pol\u00edtico-ideol\u00f3gico del Presidente Obama, que este ha expresado en entrevistas con los medios de comunicaci\u00f3n que discuten la necesidad de crear un equilibrio chiita-sunita en la regi\u00f3n.<a href=\"#_edn4\" name=\"_ednref4\">[4]<\/a> Con este fin, Obama inst\u00f3 incluso a los saud\u00edes a que acepten el estatus geopol\u00edtico actualizado de Ir\u00e1n y la degradaci\u00f3n de la situaci\u00f3n geopol\u00edtica del mundo sunita. Cabe mencionar que los musulmanes chiitas son s\u00f3lo el 10% de la poblaci\u00f3n musulmana global y por lo tanto el plan estadounidense para fortalecer a los chiitas a expensas de los sunitas es opuesto vehementemente en los pa\u00edses sunitas.<\/p>\n<p>Tambi\u00e9n cabe mencionar que este apoyo estadounidense a una presencia iran\u00ed en Irak es interpretada como, y en la actualidad constituye, un apoyo a todo el eje de la resistencia Ir\u00e1n-Siria-Hezbol\u00e1-Yemen e Irak y no s\u00f3lo para Ir\u00e1n &#8211; por lo tanto, incrementando m\u00e1s la oposici\u00f3n del mundo sunita a la pol\u00edtica estadounidense en la regi\u00f3n.<\/p>\n<p><em>*Y. Carmon es Presidente de MEMRI; A. Savyon es Director del Proyecto de Medios de Comunicaci\u00f3n de Ir\u00e1n en MEMRI.<\/em><\/p>\n<p><a href=\"#_ednref1\" name=\"_edn1\">[1]<\/a> State.gov\/secretary\/remarks\/2016\/06\/259165.htm 28 de junio, 2016.<\/p>\n<p><a href=\"#_ednref2\" name=\"_edn2\">[2]<\/a> Pol\u00edtica Exterior, 19 de febrero y 28 de marzo, 2015.<\/p>\n<p><a href=\"#_ednref3\" name=\"_edn3\">[3]<\/a> Deber\u00eda mencionarse que Ir\u00e1n tambi\u00e9n est\u00e1 combatiendo contra los kurdos al norte de Irak. De acuerdo a informes en las \u00faltimas dos semanas en la prensa iran\u00ed y \u00e1rabe, fuerzas del CGRI bombardearon a soldados kurdos en la frontera entre Ir\u00e1n e Irak. Tasnim (Ir\u00e1n), 28 de junio, 2016; Orient-news.net 28 de junio, 2016.<\/p>\n<p><a href=\"#_ednref4\" name=\"_edn4\">[4]<\/a> V\u00e9ase el Informe Diario de MEMRI No. 51, La estrategia de equilibrio de Obama, 5 de agosto, 2016.<\/p>\n","protected":false},"excerpt":{"rendered":"<p>Por: Y. Carmon y A. Savyon* En un discurso el 28 de junio, 2016 en el Festival de Ideas en Aspen Colorado, Estados Unidos al Secretario de Estado estadounidense John Kerry se le pregunt\u00f3 si la influencia de Ir\u00e1n en Irak era \u00abm\u00e1s \u00fatil o m\u00e1s perjudicial\u00bb. Este respondi\u00f3: \u00abMire, como todo el mundo sabe, [&hellip;]<\/p>\n","protected":false},"author":42,"featured_media":22368,"comment_status":"open","ping_status":"open","sticky":false,"template":"","format":"standard","meta":{"footnotes":""},"categories":[4,20,18,8],"tags":[],"class_list":["post-22367","post","type-post","status-publish","format-standard","has-post-thumbnail","hentry","category-archivos","category-iran","category-paises","category-alertas-especiales"],"_links":{"self":[{"href":"https:\/\/www2.memri.org\/espanol\/wp-json\/wp\/v2\/posts\/22367","targetHints":{"allow":["GET"]}}],"collection":[{"href":"https:\/\/www2.memri.org\/espanol\/wp-json\/wp\/v2\/posts"}],"about":[{"href":"https:\/\/www2.memri.org\/espanol\/wp-json\/wp\/v2\/types\/post"}],"author":[{"embeddable":true,"href":"https:\/\/www2.memri.org\/espanol\/wp-json\/wp\/v2\/users\/42"}],"replies":[{"embeddable":true,"href":"https:\/\/www2.memri.org\/espanol\/wp-json\/wp\/v2\/comments?post=22367"}],"version-history":[{"count":0,"href":"https:\/\/www2.memri.org\/espanol\/wp-json\/wp\/v2\/posts\/22367\/revisions"}],"wp:featuredmedia":[{"embeddable":true,"href":"https:\/\/www2.memri.org\/espanol\/wp-json\/wp\/v2\/media\/22368"}],"wp:attachment":[{"href":"https:\/\/www2.memri.org\/espanol\/wp-json\/wp\/v2\/media?parent=22367"}],"wp:term":[{"taxonomy":"category","embeddable":true,"href":"https:\/\/www2.memri.org\/espanol\/wp-json\/wp\/v2\/categories?post=22367"},{"taxonomy":"post_tag","embeddable":true,"href":"https:\/\/www2.memri.org\/espanol\/wp-json\/wp\/v2\/tags?post=22367"}],"curies":[{"name":"wp","href":"https:\/\/api.w.org\/{rel}","templated":true}]}}