{"id":2236,"date":"2008-04-30T00:00:00","date_gmt":"2008-04-30T00:00:00","guid":{"rendered":"http:\/\/www2.memri.org\/espanol\/2008\/04\/30\/resena-de-los-portales-de-memri-abril-30-2008\/"},"modified":"2008-04-30T00:00:00","modified_gmt":"2008-04-30T00:00:00","slug":"resena-de-los-portales-de-memri-abril-30-2008","status":"publish","type":"post","link":"https:\/\/www2.memri.org\/espanol\/resena-de-los-portales-de-memri-abril-30-2008\/2236","title":{"rendered":"Rese\u00f1a de los Portales de MEMRI, Abril 30, 2008"},"content":{"rendered":"<div class=\"bodytext c2\"><!--Document Body --><\/p>\n<div class=\"bodytext c2\"><!--Document Body --><\/p>\n<div class=\"bodytext c2\">\n<p><strong><u>MEMRI.ORG<\/u><\/strong><\/p>\n<p><u>Despacho Especial # 1912<\/u><\/p>\n<p><strong>Ministro de Cultura sirio justifica persecuci\u00f3n de intelectuales sirios, dice estar optimista de que Israel llegar\u00e1 a su final dentro de 10 a\u00f1os<\/strong><br \/>[<u>Fuente<\/u>: Al-Hiwar TV, 19 de abril, 2008]<\/p>\n<p>El despacho destaca extractos de una entrevista con el Ministro de Cultura sirio Riyad Na&#8217;san Al-Agha, que fue puesta al aire en Al-Hiwar TV el 19 de abril, 2008.<\/p>\n<p>Para ver este clip de video en MEMRI TV, por favor visite <a href=\"http:\/\/www.memritv.org\/clip\/en\/1749.htm\">http:\/\/www.memritv.org\/clip\/en\/1749.htm<\/a><\/p>\n<p><em>El art\u00edculo completo puede ser visto en el siguiente enlace<\/em>: <a href=\"http:\/\/www2.memri.org\/bin\/espanol\/ultimasnoticias.cgi?ID=SD191208\">http:\/\/www2.memri.org\/bin\/espanol\/ultimasnoticias.cgi?ID=SD191208<\/a><\/p>\n<p class=\"c1\">* * * * * * * *<\/p>\n<p>Para entrar al portal MEMRI: <a href=\"http:\/\/www2.memri.org\">http:\/\/www2.memri.org<\/a><\/p>\n<p>_________________________________________________________<\/p>\n<p><u><strong>MEMRI TV<\/strong><\/u><\/p>\n<p><strong>Cl\u00e9rigo hind\u00fa: Todo musulm\u00e1n debe ser un terrorista contra elementos anti-sociales en la sociedad<\/strong><\/p>\n<p>Clip de Video #1751: <a href=\"http:\/\/www.memritv.org\/clip\/en\/1751.htm\">http:\/\/www.memritv.org\/clip\/en\/1751.htm<\/a><br \/>[<u>Fuente<\/u>: Peace TV (Paz TV) (India) &#8211; 22 de abril, 2008]<\/p>\n<p class=\"c1\">* * * * * * * *<\/p>\n<p>Para entrar al portal MEMRI TV: <u><a href=\"http:\/\/www.memritv.org\/\">http:\/\/www.memritv.org<\/a><\/u><\/p>\n<p><strong>_________________________________________________________<\/strong><\/p>\n<p><u><strong>BLOG MEMRI<\/strong><\/u><\/p>\n<p><strong>Concejos de Despertar en Irak advierten a Ir\u00e1n<\/strong><br \/>[<u>Fuente<\/u>: <em>Al-Sharq Al-Awsat,<\/em> Londres, 30 de abril, 2008]<\/p>\n<p>Ali Hatem, jefe de los Concejos del Despertar en Irak, ha advertido a los iran\u00edes y a sus partidarios en Irak contra el atacar a ciudadanos iraqu\u00edes, particularmente a los miembros tribales en Irak.<\/p>\n<p>Hatem amenaz\u00f3 con expulsar al embajador iran\u00ed de Irak si Ir\u00e1n contin\u00faa interfiriendo en sus asuntos.<\/p>\n<p><em>Para ver el art\u00edculo:<\/em> <a href=\"http:\/\/www.thememriblog.org\/blog_personal\/en\/7107.htm\">http:\/\/www.thememriblog.org\/blog_personal\/en\/7107.htm<\/a><\/p>\n<p class=\"c1\"><strong>* * * * * * * *<\/strong><\/p>\n<p><strong>Algo nuevo en Arabia Saudita: Ciudad industrial gerenciada por mujeres<\/strong><br \/>[<u>Fuente<\/u>: <em>Al-Watan,<\/em> Arabia Saudita, 30 de abril, 2008]<\/p>\n<p>El presidente del Concejo Administrativo de la Oficina de Comercio e Industria en la regi\u00f3n Al-Qasim en Arabia Saudita ha informado sobre el establecimiento de una ciudad industrial gerenciada por mujeres.<\/p>\n<p class=\"c1\">\n<p><em>Para ver el art\u00edculo:<\/em> <a href=\"http:\/\/www.thememriblog.org\/blog_personal\/en\/7105.htm\">http:\/\/www.thememriblog.org\/blog_personal\/en\/7105.htm<\/a><\/p>\n<p class=\"c1\"><strong>* * * * * * * *<\/strong><\/p>\n<p><strong>Activista de derechos humanos saudita al Rey: Prot\u00e9jame a m\u00ed y a mi familia de las amenazas<\/strong><br \/>[<u>Fuente<\/u>: <a href=\"http:\/\/www.Aafaq.org\">www.<em>Aafaq.org<\/em><\/a>, 30 de abril, 2008]<\/p>\n<p>Abd Al-Karim Al-Khader, el activista de los derechos humanos saudita y conferencista en ley isl\u00e1mica en la facultad del <em>shari&#8217;a<\/em> de la Universidad Al-Qasim, ha publicado un comunicado que llama en el Rey Abdallah a protegerlo a \u00e9l y a su familia de las amenazas contra su vida debido a su activismo en defensa de los derechos humanos en Arabia Saudita.<\/p>\n<p class=\"c1\">\n<p><em>Para ver el art\u00edculo:<\/em> <a href=\"http:\/\/www.thememriblog.org\/blog_personal\/en\/7106.htm\">http:\/\/www.thememriblog.org\/blog_personal\/en\/7106.htm<\/a><\/p>\n<p class=\"c1\"><strong>* * * * * * * *<\/strong><\/p>\n<p><strong>Hamas: Israel pagar\u00e1 caro si rechaza el &#8216;tahdia&#8217;<\/strong><br \/>[<u>Fuente<\/u>: <em>Al-Hayat,<\/em> Londres, 30 de abril, 2008]<\/p>\n<p>Antiguo funcionario de Hamas Muhammad Al-Zahhar advirti\u00f3 que si Israel rechaza la propuesta del <em>tahdia<\/em> (calma), pagar\u00e1 un precio muy alto.<\/p>\n<p>\u00c9l agreg\u00f3, \u00abIsrael tiene 200 ojivas nucleares, y los palestinos tienen 200,000 cabezas de gente que quiere dar sus vidas y volarse a si mismos dentro de Israel\u00bb.<\/p>\n<p><em>Para ver el art\u00edculo:<\/em> <a href=\"http:\/\/www.thememriblog.org\/blog_personal\/en\/7103.htm\">http:\/\/www.thememriblog.org\/blog_personal\/en\/7103.htm<\/a><\/p>\n<p class=\"c1\"><strong>* * * * * * * *<\/strong><\/p>\n<p class=\"c1\">\n<p>Para mayor informaci\u00f3n: <a href=\"http:\/\/www.thememriblog.org\">http:\/\/www.thememriblog.org<\/a><\/p>\n<p><strong>_________________________________________________________<\/strong><\/p>\n<p><strong><u>PROYECTO SUPERVISI\u00d3N PORTALES ISLAMISTAS DE MEMRI<\/u><\/strong><\/p>\n<p class=\"c1\"><strong>* * * * * * * *<\/strong><\/p>\n<p>Para mayor informaci\u00f3n: <u><a href=\"http:\/\/www.memrijttm.org\">http:\/\/www.memrijttm.org<\/a><\/u><\/p>\n<p><strong>_________________________________________________________<\/strong><\/p>\n<p><strong><u>BLOG MEDI\u00c1TICO IR\u00c1N DE MEMRI<\/u><\/strong><\/p>\n<p><strong>Ir\u00e1n, India y Pakist\u00e1n discuten precios del gas en trato con gasoducto<\/strong><br \/>[<u>Fuente<\/u>: IRNA, Ir\u00e1n, 29 y 30 de abril, 2008]<\/p>\n<p>El Presidente iran\u00ed Mahmoud Ahmadinejad visit\u00f3 India y Pakist\u00e1n este mes para promover un trato de $7 millones para construir un gasoducto natural desde Ir\u00e1n a India y Pakist\u00e1n.<\/p>\n<p>La visita fue parte de la estrategia de Ir\u00e1n \u00abCara hacia Oriente\u00bb.<\/p>\n<p class=\"c1\">\n<p><em>Para ver el art\u00edculo:<\/em> <a href=\"http:\/\/www.thememriblog.org\/iran\/blog_personal\/en\/7101.htm\">http:\/\/www.thememriblog.org\/iran\/blog_personal\/en\/7101.htm<\/a><\/p>\n<p class=\"c1\"><strong>* * * * * * * *<\/strong><\/p>\n<p>Para mayor informaci\u00f3n sobre Ir\u00e1n: <a href=\"http:\/\/www.thememriblog.org\/iran\">http:\/\/www.thememriblog.org\/iran<\/a><\/p>\n<p><strong>_________________________________________________________<\/strong><\/p>\n<p><strong><u>BLOG MEDI\u00c1TICO URDU-PASHTO DE MEMRI<\/u><\/strong><\/p>\n<p><strong>Pakist\u00e1n otorga compensaci\u00f3n en efectivo al taliban<\/strong><br \/>[<u>Fuente<\/u>: <em>Roznama Jasarat,<\/em> Pakist\u00e1n, 30 de abril, 2008]<\/p>\n<p>El gobierno de Pakist\u00e1n ha otorgado una compensaci\u00f3n en dinero efectivo a m\u00e1s de 500 personas para los combatientes del taliban muertos o heridos durante la operaci\u00f3n militar en el distrito tribal del sur de Waziristan. La operaci\u00f3n militar fue lanzada en el 2004. El diario en idioma urdu <em>Roznama Jasarat<\/em> inform\u00f3 que se les dio a m\u00e1s de 500 individuos aproximadamente 200 millones de rupias paquistan\u00edes.<\/p>\n<p class=\"c1\">\n<p><em>Para ver el art\u00edculo:<\/em> <a href=\"http:\/\/www.thememriblog.org\/urdupashtu\/blog_personal\/en\/7099.htm\">http:\/\/www.thememriblog.org\/urdupashtu\/blog_personal\/en\/7099.htm<\/a><\/p>\n<p class=\"c1\"><strong>* * * * * * * *<\/strong><\/p>\n<p class=\"c1\">\n<p>Para mayor informaci\u00f3n sobre Pakist\u00e1n y Afganist\u00e1n: <u><a href=\"http:\/\/www.thememriblog.org\/urdupashtu\">http:\/\/www.thememriblog.org\/urdupashtu<\/a><\/u><\/p>\n<p><strong>_________________________________________________________<\/strong><\/p>\n<p><strong><u>BLOG MEDI\u00c1TICO TURQU\u00cdA DE MEMRI<\/u><\/strong><\/p>\n<p><strong>Sindicatos obreros modifican planes; m\u00e1s de 100 MPs turcos estar\u00e1n en Taksim para celebrar el d\u00eda internacional de los trabajadores<\/strong><br \/>[<u>Fuente<\/u>: <em>Milliyet, Vatan,<\/em> Turqu\u00eda, 30 de abril, 2008]<\/p>\n<p>Seguido a la negativa del gobierno del PAK en permitirles a los obreros celebrar el d\u00eda internacional del Trabajador el 1 de Mayo en la mayor plaza de Estambul, los l\u00edderes de tres importantes organizaciones obreras, Turk-Is, DISK y KESK se reunieron hoy para redise\u00f1ar sus planes para ma\u00f1ana ante extraordinarias medidas de seguridad siendo implementadas por las autoridades. Su plan inicial era que los tres mayores sindicatos marchar\u00e1n hacia la plaza Taksim desde tres direcciones diferentes, cada grupo portando sus propias banderas y estandartes con su propia identificaci\u00f3n.<\/p>\n<p><em>Para ver el art\u00edculo:<\/em> <a href=\"http:\/\/www.thememriblog.org\/urdupashtu\/blog_personal\/en\/7114.htm\">http:\/\/www.thememriblog.org\/urdupashtu\/blog_personal\/en\/7114.htm<\/a><\/p>\n<p class=\"c1\">* * * * * * * *<\/p>\n<p>Para mayor informaci\u00f3n sobre Turqu\u00eda: <a href=\"http:\/\/www.thememriblog.org\/turkey\">http:\/\/www.thememriblog.org\/turkey<\/a><\/p>\n<p><strong>_________________________________________________________<\/strong><\/p>\n<p><strong><u>BLOG ECON\u00d3MICO DE MEMRI<\/u><\/strong><\/p>\n<p><strong>Punto de vista en la posici\u00f3n econ\u00f3mica de Irak<\/strong><br \/>[<u>Fuente<\/u>: <em>al-Mada,<\/em> Irak, 28 de abril, 2008]<\/p>\n<p>Cuando se menciona la expresi\u00f3n (pa\u00edses econ\u00f3micamente avanzados), se refiere a la existencia de material y riqueza humana. No existe ninguna duda de que tal riqueza est\u00e1 disponible en Irak, ya que el pa\u00eds posee la segunda mayor reserva probada de petr\u00f3leo del mundo, un bien que perpet\u00faa el dinamismo del progreso industrial y agr\u00edcola en el mundo, y los extensos servicios p\u00fablicos para todos los sectores de la sociedad, particularmente en la educaci\u00f3n y la salud.<\/p>\n<p>La riqueza de Irak es caracterizada en los logros de su alta clasificaci\u00f3n jer\u00e1rquica basados en los campos cient\u00edficos y de conocimiento.<\/p>\n<p>Sin embargo, Irak todav\u00eda es considerada &#8211; y quiz\u00e1s ser\u00e1 durante d\u00e9cadas &#8211; entre los pa\u00edses subdesarrollados, particularmente en comparaci\u00f3n con las naciones industrializadas. Sin embargo, el progreso no es medido solo por la industria, sino tambi\u00e9n requiere del progreso a nivel social que deber\u00eda venir de la mano con la industria.<\/p>\n<p class=\"c1\">\n<p><em>Para ver el art\u00edculo completo:<\/em> <a href=\"http:\/\/memrieconomicblog.org\/bin\/content.cgi?article=179\">http:\/\/memrieconomicblog.org\/bin\/content.cgi?article=179<\/a><\/p>\n<p class=\"c1\">* * * * * * * *<\/p>\n<p>Para m\u00e1s informaci\u00f3n sobre econ\u00f3mia: <a href=\"http:\/\/memrieconomicblog.org\">http:\/\/memrieconomicblog.org<\/a><\/p>\n<p><strong>_________________________________________________________<\/strong><\/p>\n<p><strong><u>BLOG CULTURA \u00c1RABE DE MEMRI<\/u><\/strong><\/p>\n<p><strong>Restaurante Charmiz en Teher\u00e1n<\/strong><br \/>[<u>Fuente<\/u>: <a href=\"http:\/\/www.Tehranavenue.com\">www.Tehranavenue.com<\/a> (Ir\u00e1n)]<\/p>\n<p>\u00abCharmiz es un peque\u00f1o lugar de comida que abri\u00f3 en marzo del 2008 en la esquina de Hafez y la calle Argentina. La due\u00f1a-cocinera-moza es Rezvaneh y sirve pastas vegetarianas a sus clientes. El espacio del restaurante es diminuto con cuatro mesas peque\u00f1as y taburetes. Junto con el color azul profundo de las paredes, el dise\u00f1o interior se regocija con un sentimiento de simplicidad e intimidad.<\/p>\n<p><em>Para ver el art\u00edculo y las fotograf\u00edas que lo acompa\u00f1an:<br \/><\/em> <a href=\"http:\/\/www.thememriblog.org\/arabculture\/blog_personal\/en\/7111.htm\">http:\/\/www.thememriblog.org\/arabculture\/blog_personal\/en\/7111.htm<\/a><\/p>\n<p class=\"c1\">* * * * * * * *<\/p>\n<p>Para mayor informaci\u00f3n sobre cultura \u00e1rabe: <a href=\"http:\/\/thememriblog.org\/arabculture\">http:\/\/thememriblog.org\/arabculture<\/a><\/p>\n<\/div>\n<\/div>\n<\/div>\n","protected":false},"excerpt":{"rendered":"<p>MEMRI.ORG Despacho Especial # 1912 Ministro de Cultura sirio justifica persecuci\u00f3n de intelectuales sirios, dice estar optimista de que Israel llegar\u00e1 a su final dentro de 10 a\u00f1os[Fuente: Al-Hiwar TV, 19 de abril, 2008] El despacho destaca extractos de una entrevista con el Ministro de Cultura sirio Riyad Na&#8217;san Al-Agha, que fue puesta al aire [&hellip;]<\/p>\n","protected":false},"author":1,"featured_media":0,"comment_status":"open","ping_status":"open","sticky":false,"template":"","format":"standard","meta":{"footnotes":""},"categories":[32],"tags":[],"class_list":["post-2236","post","type-post","status-publish","format-standard","hentry","category-reportes-diarios"],"_links":{"self":[{"href":"https:\/\/www2.memri.org\/espanol\/wp-json\/wp\/v2\/posts\/2236","targetHints":{"allow":["GET"]}}],"collection":[{"href":"https:\/\/www2.memri.org\/espanol\/wp-json\/wp\/v2\/posts"}],"about":[{"href":"https:\/\/www2.memri.org\/espanol\/wp-json\/wp\/v2\/types\/post"}],"author":[{"embeddable":true,"href":"https:\/\/www2.memri.org\/espanol\/wp-json\/wp\/v2\/users\/1"}],"replies":[{"embeddable":true,"href":"https:\/\/www2.memri.org\/espanol\/wp-json\/wp\/v2\/comments?post=2236"}],"version-history":[{"count":0,"href":"https:\/\/www2.memri.org\/espanol\/wp-json\/wp\/v2\/posts\/2236\/revisions"}],"wp:attachment":[{"href":"https:\/\/www2.memri.org\/espanol\/wp-json\/wp\/v2\/media?parent=2236"}],"wp:term":[{"taxonomy":"category","embeddable":true,"href":"https:\/\/www2.memri.org\/espanol\/wp-json\/wp\/v2\/categories?post=2236"},{"taxonomy":"post_tag","embeddable":true,"href":"https:\/\/www2.memri.org\/espanol\/wp-json\/wp\/v2\/tags?post=2236"}],"curies":[{"name":"wp","href":"https:\/\/api.w.org\/{rel}","templated":true}]}}