{"id":2229,"date":"2008-04-24T00:00:00","date_gmt":"2008-04-24T00:00:00","guid":{"rendered":"http:\/\/www2.memri.org\/espanol\/2008\/04\/24\/resena-de-los-portales-de-memri-abril-24-2008\/"},"modified":"2008-04-24T00:00:00","modified_gmt":"2008-04-24T00:00:00","slug":"resena-de-los-portales-de-memri-abril-24-2008","status":"publish","type":"post","link":"https:\/\/www2.memri.org\/espanol\/resena-de-los-portales-de-memri-abril-24-2008\/2229","title":{"rendered":"Rese\u00f1a de los Portales de MEMRI, Abril 24 2008"},"content":{"rendered":"<div class=\"bodytext c2\"><!--Document Body --><\/p>\n<div class=\"bodytext c2\">\n<p><strong><u>MEMRI.ORG<\/u><\/strong><\/p>\n<p><u>Despacho Especial # 1908<\/u><\/p>\n<p><strong>Cl\u00e9rigo saudita Muhammad Al-Munajid advierte: La libertad de expresi\u00f3n pudiera llevar a la libertad de creencia<\/strong><br \/>[<u>Fuente<\/u>: Al-Majd TV el 30 de marzo, 2008]<\/p>\n<p>El despacho presenta extractos de una entrevista con el cl\u00e9rigo saudita Muhammad Al-Munajid. La entrevista fue presentada en Al-Majd TV el 30 de marzo, 2008.<\/p>\n<p>Para ver este clip de video, visite <a href=\"http:\/\/www.memritv.org\/clip\/en\/1734.htm\">http:\/\/www.memritv.org\/clip\/en\/1734.htm<\/a>.<br \/>Para ver la p\u00e1gina de Muhammad Al-Munajid en MEMRI TV, visite <a href=\"http:\/\/www.memritv.org\/subject\/en\/517.htm\">http:\/\/www.memritv.org\/subject\/en\/517.htm<\/a>.<br \/><em>El art\u00edculo completo puede ser visto en el siguiente enlace<\/em>: <a href=\"http:\/\/www2.memri.org\/bin\/espanol\/ultimasnoticias.cgi?ID=SD190808\">http:\/\/www2.memri.org\/bin\/espanol\/ultimasnoticias.cgi?ID=SD190808<\/a><\/p>\n<p class=\"c1\">* * * * * * * *<\/p>\n<p>Para entrar al portal MEMRI: <a href=\"http:\/\/www2.memri.org\">http:\/\/www2.memri.org<\/a><\/p>\n<p>_________________________________________________________<\/p>\n<p><u><strong>MEMRI TV<\/strong><\/u><\/p>\n<p class=\"c1\">* * * * * * * *<\/p>\n<p>Para entrar al portal MEMRI TV: <u><a href=\"http:\/\/www.memritv.org\/\">http:\/\/www.memritv.org<\/a><\/u><\/p>\n<p><strong>_________________________________________________________<\/strong><\/p>\n<p><u><strong>BLOG MEMRI<\/strong><\/u><\/p>\n<p><strong>Cl\u00e9rigos argelinos protestan pautas para sacar tarjetas de identidad<\/strong><br \/>[<u>Fuente<\/u>: <em>Al-Quds Al-Arabi<\/em>, Londres, 24 de abril, 2008]<\/p>\n<p>La Asociaci\u00f3n de Cl\u00e9rigos Musulmana en Argelia ha anunciado que la decisi\u00f3n del Ministerio del Interior argelino de que las mujeres deben quitarse el velo y los hombres estar bien afeitados para sus fotograf\u00edas en las tarjetas de identidad es nulo e inconstitucional.<\/p>\n<p>Esto, dijo, era porque la ley religiosa musulmana proh\u00edbe a las mujeres exponer sus rostros, y porque una barba es parte de la tradici\u00f3n musulmana.<\/p>\n<p><em>Para ver el art\u00edculo:<\/em> <a href=\"http:\/\/www.thememriblog.org\/blog_personal\/en\/6990.htm\">http:\/\/www.thememriblog.org\/blog_personal\/en\/6990.htm<\/a><\/p>\n<p class=\"c1\"><strong>* * * * * * * *<\/strong><\/p>\n<p><strong>Al-Gama&#8217;a Al-Islamiyya: Enmiendas a la protecci\u00f3n del menor egipcio van en contra del shari&#8217;a<\/strong><br \/>[<u>Fuente<\/u>: <em>Al-Sharq Al-Awsat,<\/em> Londres; <em>Al-Gumhouriyya<\/em>, Egipto, 24 de abril, 2008]<\/p>\n<p>El parlamento egipcio aprob\u00f3 ayer, por una decisiva mayor\u00eda, las enmiendas a la Ley del Menor, ante los argumentos de los grupos isl\u00e1micos, encabezados por Al-Gama&#8217;a Al-Islamiyya, de que la ley iba en contra del <em>shari&#8217;a<\/em>.<\/p>\n<p>Las enmendaduras incluyeron: criminalizar la circuncisi\u00f3n femenina, prohibir a los padres golpear a sus hijos, y permitir a menores de edad estar registrados bajo los nombres de sus madres.<\/p>\n<p class=\"c1\">\n<p><em>Para ver el art\u00edculo:<\/em> <a href=\"http:\/\/www.thememriblog.org\/blog_personal\/en\/6998.htm\">http:\/\/www.thememriblog.org\/blog_personal\/en\/6998.htm<\/a><\/p>\n<p class=\"c1\"><strong>* * * * * * * *<\/strong><\/p>\n<p><strong>ME iraqu\u00ed expulsa a periodista de Bahrein de conferencia de prensa<\/strong><br \/>[<u>Fuente<\/u>: <em>Al-Quds Al-Arabi,<\/em> Londres, 24 de abril, 2008]<\/p>\n<p>El Ministro del Exterior iraqu\u00ed Hushyar Zebari orden\u00f3 echar fuera a un corresponsal del diario de Bahrein Akhbar Al-Khaleej de una conferencia de prensa, diciendo que el diario era anti-Irak y que no estaba interesado en cooperar con este.<\/p>\n<p>La conferencia de prensa tuvo lugar el 21 de abril en la capital de Bahrein Manama.<\/p>\n<p class=\"c1\">\n<p><em>Para ver el art\u00edculo:<\/em> <a href=\"http:\/\/www.thememriblog.org\/blog_personal\/en\/6982.htm\">http:\/\/www.thememriblog.org\/blog_personal\/en\/6982.htm<\/a><\/p>\n<p class=\"c1\"><strong>* * * * * * * *<\/strong><\/p>\n<p><strong>Tensi\u00f3n entre UNRWA y los campamentos de refugiados<\/strong><br \/>[<u>Fuente<\/u>: <em>Al-Hayat Al-Jadida,<\/em> Autoridad Palestina, 23 de abril, 2008]<\/p>\n<p>UNRWA cerrar\u00e1 sus oficinas en las \u00e1reas palestinas durante tres d\u00edas, para protestar contra una decisi\u00f3n de los comit\u00e9s de campamentos de refugiados palestinos con el prop\u00f3sito de detener a la organizaci\u00f3n de distribuir alimento a los refugiados que residen fuera de los campamentos.<\/p>\n<p>El cierre tambi\u00e9n es para protestar contra las continuas amenazas a los empleados de UNRWA.<\/p>\n<p><em>Para ver el art\u00edculo:<\/em> <a href=\"http:\/\/www.thememriblog.org\/blog_personal\/en\/6981.htm\">http:\/\/www.thememriblog.org\/blog_personal\/en\/6981.htm<\/a><\/p>\n<p class=\"c1\"><strong>* * * * * * * *<\/strong><\/p>\n<p><strong>Presidente de la Autoridad Palestina: Negociaciones secretas israel\u00edes-palestinas en camino<\/strong><br \/>[<u>Fuente<\/u>: <em>Al-Quds Al-Arabi<\/em>, Londres, 24 de abril, 2008]<\/p>\n<p>El Presidente de la Autoridad Palestina Mahmoud Abbas ha revelado que negociaciones secretas est\u00e1n en camino entre Israel y los palestinos, y que su resultado se har\u00e1 p\u00fablico as\u00ed estas sean exitosas o no.<\/p>\n<p><em>Para ver el art\u00edculo:<\/em> <a href=\"http:\/\/www.thememriblog.org\/blog_personal\/en\/6979.htm\">http:\/\/www.thememriblog.org\/blog_personal\/en\/6979.htm<\/a><\/p>\n<p class=\"c1\"><strong>* * * * * * * *<\/strong><\/p>\n<p class=\"c1\">\n<p>Para mayor informaci\u00f3n: <a href=\"http:\/\/www.thememriblog.org\">http:\/\/www.thememriblog.org<\/a><\/p>\n<p><strong>_________________________________________________________<\/strong><\/p>\n<p><strong><u>PROYECTO SUPERVISI\u00d3N PORTALES ISLAMISTAS DE MEMRI<\/u><\/strong><\/p>\n<p class=\"c1\"><strong>* * * * * * * *<\/strong><\/p>\n<p>Para mayor informaci\u00f3n: <u><a href=\"http:\/\/www.memrijttm.org\">http:\/\/www.memrijttm.org<\/a><\/u><\/p>\n<p><strong>_________________________________________________________<\/strong><\/p>\n<p><strong><u>BLOG MEDI\u00c1TICO IR\u00c1N DE MEMRI<\/u><\/strong><\/p>\n<p><strong>Ahmadinejad: Estados Unidos al borde del colapso debido a problemas econ\u00f3micos<\/strong><br \/>[<u>Fuente<\/u>: IRNA, Ir\u00e1n, el 24 de abril de 2008]<\/p>\n<p>Durante una reuni\u00f3n en Ir\u00e1n con el Ministro del Exterior sirio Walid Mu&#8217;alem, el Presidente iran\u00ed Mahmoud Ahmadinejad advirti\u00f3 que cualquiera que se una a los americanos ser\u00eda temporalmente, como ellos,: \u00abLa verdad es que los americanos son temporales [en la regi\u00f3n], y cualquiera que est\u00e9 con ellos tambi\u00e9n se ir\u00e1\u00bb.<\/p>\n<p>Ayer, 23 de abril, Ahmadinejad declar\u00f3 en un discurso en Hamadan que los Estados Unidos estaban al borde del colapso debido a sus problemas econ\u00f3micos, y que despu\u00e9s de eso perder\u00e1 su hegemon\u00eda en el mundo.<\/p>\n<p class=\"c1\">\n<p><em>Para ver el art\u00edculo:<\/em> <a href=\"http:\/\/www.thememriblog.org\/iran\/blog_personal\/en\/6986.htm\">http:\/\/www.thememriblog.org\/iran\/blog_personal\/en\/6986.htm<\/a><\/p>\n<p class=\"c1\"><strong>* * * * * * * *<\/strong><\/p>\n<p>Para mayor informaci\u00f3n sobre Ir\u00e1n: <a href=\"http:\/\/www.thememriblog.org\/iran\">http:\/\/www.thememriblog.org\/iran<\/a><\/p>\n<p><strong>_________________________________________________________<\/strong><\/p>\n<p><strong><u>BLOG MEDI\u00c1TICO URDU-PASHTO DE MEMRI<\/u><\/strong><\/p>\n<p><strong>India: Militantes con sede en Pakist\u00e1n operan a trav\u00e9s de Nepal y Bangladesh<\/strong><br \/>[<u>Fuente<\/u>: <em>Roznama Siasat,<\/em> Hyderabad (India), 23 de abril, 2008<em>; Roznama Munsif,<\/em> Hyderabad (India), 24 de abril, 2008]<\/p>\n<p>El Ministerio de India en Asuntos Internos ha dicho que un n\u00famero de grupos militantes con sede en Pakist\u00e1n han fortalecido sus ra\u00edces en el pa\u00eds. Seg\u00fan el diario en idioma urdu <em>Roznama Siasat<\/em>, el Informe Anual del Ministerio (2007-08) denot\u00f3 que Lashkar-e-Taiba con sede en Pakist\u00e1n y Jaish-e-Muhammad, y Harkat al-Jihad Islami con sede en Bangladesh &lsquo;&lsquo;est\u00e1n conectados a los servicios de inteligencia de [Pakist\u00e1n]\u00bb.<\/p>\n<p class=\"c1\">\n<p><em>Para ver el art\u00edculo:<\/em> <a href=\"http:\/\/www.thememriblog.org\/urdupashtu\/blog_personal\/en\/6985.htm\">http:\/\/www.thememriblog.org\/urdupashtu\/blog_personal\/en\/6985.htm<\/a><\/p>\n<p class=\"c1\"><strong>* * * * * * * *<\/strong><\/p>\n<p class=\"c1\">\n<p>Para mayor informaci\u00f3n sobre Pakist\u00e1n y Afganist\u00e1n: <u><a href=\"http:\/\/www.thememriblog.org\/urdupashtu\">http:\/\/www.thememriblog.org\/urdupashtu<\/a><\/u><\/p>\n<p><strong>_________________________________________________________<\/strong><\/p>\n<p><strong><u>BLOG MEDI\u00c1TICO TURQU\u00cdA DE MEMRI<\/u><\/strong><\/p>\n<p><strong>Empresario turco-jud\u00edo: &ldquo;Turqu\u00eda perdi\u00f3 cuando los empresarios jud\u00edos y armenios fueron perseguidos y se les oblig\u00f3 salir del pa\u00eds&rdquo;<\/strong><br \/>[<u>Fuente<\/u>: <em>Referans<\/em>, <em>Vatan<\/em>, Turqu\u00eda, 23 de abril, 2008]<\/p>\n<p>En una carta al jefe de redacci\u00f3n del diario turco <em>Referans<\/em>, propietario de Alarko Holding Izak Alaton reaccion\u00f3 a una reciente decisi\u00f3n de la corte suprema en Turqu\u00eda que prohibi\u00f3 la venta de bienes ra\u00edces a los extranjeros. Alaton escribi\u00f3 sobre el c\u00f3mo en los a\u00f1os cuarenta empresarios armenios y jud\u00edos fueron perseguidos y obligados a salir del pa\u00eds &#8211; con p\u00e9rdidas para Turqu\u00eda &#8211; y m\u00e1s recientemente en el c\u00f3mo inversionistas deseosos de invertir en Turqu\u00eda fueron rechazados simplemente porque eran jud\u00edos &#8211; como en el caso del empresario israel\u00ed Sammy Ofer quien invertir\u00eda un bill\u00f3n de d\u00f3lares para desarrollar un puerto en Estambul. Alaton dijo que la burocracia y los medios de comunicaci\u00f3n hab\u00edan unido fuerzas para detener el proyecto.<\/p>\n<p><em>Para ver el art\u00edculo:<\/em> <a href=\"http:\/\/www.thememriblog.org\/urdupashtu\/blog_personal\/en\/6976.htm\">http:\/\/www.thememriblog.org\/urdupashtu\/blog_personal\/en\/6976.htm<\/a><\/p>\n<p class=\"c1\">* * * * * * * *<\/p>\n<p>Para mayor informaci\u00f3n sobre Turqu\u00eda: <a href=\"http:\/\/www.thememriblog.org\/turkey\">http:\/\/www.thememriblog.org\/turkey<\/a><\/p>\n<p><strong>_________________________________________________________<\/strong><\/p>\n<p><strong><u>BLOG ECON\u00d3MICO DE MEMRI<\/u><\/strong><\/p>\n<p><strong>Importante estudio muestra c\u00f3mo el mundo \u00e1rabe procede en su b\u00fasqueda de la felicidad<br \/><\/strong>Por Moussa Ahmad<br \/>[<u>Fuente<\/u>: <em>BusinessIntelligence Medio Oriente,<\/em> 22 de abril, 2008]<\/p>\n<p>El primer Estudio Maktoob sobre &#8216;Investigaci\u00f3n en Felicidad&rsquo; ha revelado que la gente que reside en Om\u00e1n y Arabia Saudita son los m\u00e1s felices en el Medio Oriente.<\/p>\n<p>El estudio fue conducido del 11 al 17 de marzo entre 7,434 residentes de nacionalidades diversas a trav\u00e9s de once pa\u00edses en el CCG, Levant y la regi\u00f3n de \u00c1frica del Norte.<\/p>\n<p>Om\u00e1n tiene el porcentaje m\u00e1s alto de gente feliz, con el 61% (bastante feliz o muy feliz), seguido por Arabia Saudita (57%), Qatar (56%), Bahrein (54%), Kuwait (53%), EAU (52%), Jordania (47%), Egipto (46%), Siria (46%), Marruecos (44%) y el L\u00edbano (35%).<\/p>\n<p class=\"c1\">\n<p><em>Para ver el art\u00edculo completo:<\/em> <a href=\"http:\/\/memrieconomicblog.org\/bin\/content.cgi?article=172\">http:\/\/memrieconomicblog.org\/bin\/content.cgi?article=172<\/a><\/p>\n<p class=\"c1\">* * * * * * * *<\/p>\n<p>Para m\u00e1s informaci\u00f3n sobre econ\u00f3mia: <a href=\"http:\/\/memrieconomicblog.org\">http:\/\/memrieconomicblog.org<\/a><\/p>\n<p><strong>_________________________________________________________<\/strong><\/p>\n<p><strong><u>BLOG CULTURA \u00c1RABE DE MEMRI<\/u><\/strong><\/p>\n<p><strong>Senador de Pakist\u00e1n realiza pel\u00edcula musulmana que refuta a Fitna<\/strong><br \/>[<u>Fuente<\/u>: <em>Alarabiya<\/em> (de propiedad saudita, con sede en Dubai), 24 de abril, 2008]<\/p>\n<p>\u00abUn legislador paquistan\u00ed har\u00e1 una pel\u00edcula para refutar la pel\u00edcula anti-Cor\u00e1n del legislador holand\u00e9s Geert Wilders \u00abFitna\u00bb la cual ha sido condenada por el mundo isl\u00e1mico, dijeron recientes informes de la prensa. [&#8230;]\u00bb.<\/p>\n<p><em>Para ver el art\u00edculo:<\/em> <a href=\"http:\/\/www.thememriblog.org\/arabculture\/blog_personal\/en\/6992.htm\">http:\/\/www.thememriblog.org\/arabculture\/blog_personal\/en\/6992.htm<\/a><\/p>\n<p class=\"c1\">* * * * * * * *<\/p>\n<p>Para mayor informaci\u00f3n sobre cultura \u00e1rabe: <a href=\"http:\/\/thememriblog.org\/arabculture\">http:\/\/thememriblog.org\/arabculture<\/a><\/p>\n<\/div>\n<\/div>\n","protected":false},"excerpt":{"rendered":"<p>MEMRI.ORG Despacho Especial # 1908 Cl\u00e9rigo saudita Muhammad Al-Munajid advierte: La libertad de expresi\u00f3n pudiera llevar a la libertad de creencia[Fuente: Al-Majd TV el 30 de marzo, 2008] El despacho presenta extractos de una entrevista con el cl\u00e9rigo saudita Muhammad Al-Munajid. La entrevista fue presentada en Al-Majd TV el 30 de marzo, 2008. Para ver [&hellip;]<\/p>\n","protected":false},"author":1,"featured_media":0,"comment_status":"open","ping_status":"open","sticky":false,"template":"","format":"standard","meta":{"footnotes":""},"categories":[32],"tags":[],"class_list":["post-2229","post","type-post","status-publish","format-standard","hentry","category-reportes-diarios"],"_links":{"self":[{"href":"https:\/\/www2.memri.org\/espanol\/wp-json\/wp\/v2\/posts\/2229","targetHints":{"allow":["GET"]}}],"collection":[{"href":"https:\/\/www2.memri.org\/espanol\/wp-json\/wp\/v2\/posts"}],"about":[{"href":"https:\/\/www2.memri.org\/espanol\/wp-json\/wp\/v2\/types\/post"}],"author":[{"embeddable":true,"href":"https:\/\/www2.memri.org\/espanol\/wp-json\/wp\/v2\/users\/1"}],"replies":[{"embeddable":true,"href":"https:\/\/www2.memri.org\/espanol\/wp-json\/wp\/v2\/comments?post=2229"}],"version-history":[{"count":0,"href":"https:\/\/www2.memri.org\/espanol\/wp-json\/wp\/v2\/posts\/2229\/revisions"}],"wp:attachment":[{"href":"https:\/\/www2.memri.org\/espanol\/wp-json\/wp\/v2\/media?parent=2229"}],"wp:term":[{"taxonomy":"category","embeddable":true,"href":"https:\/\/www2.memri.org\/espanol\/wp-json\/wp\/v2\/categories?post=2229"},{"taxonomy":"post_tag","embeddable":true,"href":"https:\/\/www2.memri.org\/espanol\/wp-json\/wp\/v2\/tags?post=2229"}],"curies":[{"name":"wp","href":"https:\/\/api.w.org\/{rel}","templated":true}]}}