{"id":2196,"date":"2008-04-11T00:00:00","date_gmt":"2008-04-11T00:00:00","guid":{"rendered":"http:\/\/www2.memri.org\/espanol\/2008\/04\/11\/resena-de-los-portales-de-memri-abril-11-2008\/"},"modified":"2008-04-11T00:00:00","modified_gmt":"2008-04-11T00:00:00","slug":"resena-de-los-portales-de-memri-abril-11-2008","status":"publish","type":"post","link":"https:\/\/www2.memri.org\/espanol\/resena-de-los-portales-de-memri-abril-11-2008\/2196","title":{"rendered":"Rese\u00f1a de los Portales de MEMRI, Abril 11 2008"},"content":{"rendered":"<div class=\"bodytext c2\">\n<p><strong><u>MEMRI.ORG<\/u><\/strong><\/p>\n<p><u>Despacho Especial # 1894<\/u><\/p>\n<p><strong>\u00c1rabes liberales discuten quinto aniversario de Operaci\u00f3n Libertad Iraqu\u00ed<\/strong><br \/>[<u>Fuente<\/u>: Elaph, 9 de abril del 2008]<\/p>\n<p>En los d\u00edas que preceden al quinto aniversario de la Operaci\u00f3n Libertad Iraqu\u00ed, 9 de abril del 2008, el diario liberal \u00e1rabe en Internet Elaph public\u00f3 varios art\u00edculos y entrevistas con importantes \u00e1rabes liberales sobre la guerra en Irak y sus consecuencias.<\/p>\n<p><em>Para ver el art\u00edculo completo haga clic en el siguiente enlace<\/em>: <a href=\"http:\/\/www2.memri.org\/bin\/espanol\/ultimasnoticias.cgi?ID=SD189408\">http:\/\/www2.memri.org\/bin\/espanol\/ultimasnoticias.cgi?ID=SD189408<\/a><\/p>\n<p class=\"c1\">* * * * * * * *<\/p>\n<p>Para entrar al portal MEMRI: <a href=\"http:\/\/www2.memri.org\">http:\/\/www2.memri.org<\/a><\/p>\n<p>_________________________________________________________<\/p>\n<p><u><strong>MEMRI TV<\/strong><\/u><\/p>\n<p class=\"c1\">\n<p><strong>Escritor egipcio Sharif Hatata habla de la vida con la activista de los derechos de las mujeres Nawal Al-Sa&#8217;dawi y declara: El hijab simboliza la afirmaci\u00f3n de que las mujeres no tienen cerebro<\/strong><\/p>\n<p>Clip de Video #1736: <a href=\"http:\/\/www.memritv.org\/clip\/en\/1736.htm\">http:\/\/www.memritv.org\/clip\/en\/1736.htm<\/a><br \/>[<u>Fuente<\/u>: Al-Mihwar TV (Egipto) &#8211; 31 de marzo, 2008]<\/p>\n<p class=\"c1\">* * * * * * * *<\/p>\n<p><strong>Director de cine iran\u00ed Nader Talebzadeh niega el Holocausto y declara: Al-Qaeda y el Mossad llevaron a cabo juntos las operaciones del 11 de Septiembre<\/strong><\/p>\n<p>Clip de Video #1735: <a href=\"http:\/\/www.memritv.org\/clip\/en\/1735.htm\">http:\/\/www.memritv.org\/clip\/en\/1735.htm<\/a><br \/>[<u>Fuente<\/u>: Canal 2 (Ir\u00e1n) &#8211; 3 de abril, 2008]<\/p>\n<p>Para entrar al portal MEMRI TV: <u><a href=\"http:\/\/www.memritv.org\/\">http:\/\/www.memritv.org<\/a><\/u><\/p>\n<p><strong>_________________________________________________________<\/strong><\/p>\n<p><u><strong>BLOG MEMRI<\/strong><\/u><\/p>\n<p><strong>Ministerio del Interior egipcio confisca libro sobre c\u00f3mo tratar con la polic\u00eda<\/strong><br \/>[<u>Fuente<\/u>: <a href=\"http:\/\/www.Alarabiya.net\">www.Alarabiya.net<\/a>, 11 de abril, 2008]<\/p>\n<p>Funcionarios del Ministerio del Exterior egipcio han incursionado en las librer\u00edas del pa\u00eds para confiscar el libro <em>Para Que No Te Golpeen En El Cuello<\/em>.<\/p>\n<p>El libro, por Omar Al-&#8216;Afifi, antiguo funcionario en la polic\u00eda egipcia quien es ahora abogado para la Asociaci\u00f3n de Derechos Humanos, aconseja a los ciudadanos en el c\u00f3mo actuar con la polic\u00eda y cuales son sus derechos.<\/p>\n<p><em>Para ver el art\u00edculo:<\/em> <a href=\"http:\/\/www.thememriblog.org\/blog_personal\/en\/6768.htm\">http:\/\/www.thememriblog.org\/blog_personal\/en\/6768.htm<\/a><\/p>\n<p class=\"c1\"><strong>* * * * * * * *<\/strong><\/p>\n<p><strong>Unidades militares especiales sirias en la frontera del L\u00edbano fueron confrontadas<\/strong><br \/>[<u>Fuente<\/u>: <em>Al-Mustaqbal,<\/em> L\u00edbano, 11 de abril, 2008]<\/p>\n<p>El diario liban\u00e9s <em>Al-Mustaqbal<\/em> inform\u00f3 que unidades especiales del ej\u00e9rcito sirio en la regi\u00f3n Dir Al-Ash&#8217;air, en la frontera con el L\u00edbano, est\u00e1n siendo confrontadas.<\/p>\n<p>El diario dijo que existe una disputa sobre esta regi\u00f3n, con ambos Siria y el L\u00edbano que claman el lugar para si.<\/p>\n<p class=\"c1\">\n<p><em>Para ver el art\u00edculo:<\/em> <a href=\"http:\/\/www.thememriblog.org\/blog_personal\/en\/6764.htm\">http:\/\/www.thememriblog.org\/blog_personal\/en\/6764.htm<\/a><\/p>\n<p class=\"c1\"><strong>* * * * * * * *<\/strong><\/p>\n<p><strong>En Gaza, ataques a sal\u00f3n de belleza y un cementerio brit\u00e1nico<\/strong><br \/>[<u>Fuente<\/u>: <em>Al-Ayyam<\/em>, Autoridad Palestina, 11 de abril, 2008]<\/p>\n<p>La anarqu\u00eda contin\u00faa en Gaza, con hombres enmascarados que vuelan un sal\u00f3n de belleza en la ciudad e individuos desconocidos que profanan una l\u00e1pida mortuoria adornada con una cruz en el cementerio brit\u00e1nico para soldados extranjeros.<\/p>\n<p class=\"c1\">\n<p><em>Para ver el art\u00edculo:<\/em> <a href=\"http:\/\/www.thememriblog.org\/blog_personal\/en\/6761.htm\">http:\/\/www.thememriblog.org\/blog_personal\/en\/6761.htm<\/a><\/p>\n<p class=\"c1\"><strong>* * * * * * * *<\/strong><\/p>\n<p>Para mayor informaci\u00f3n: <a href=\"http:\/\/www.thememriblog.org\">http:\/\/www.thememriblog.org<\/a><\/p>\n<p><strong>_________________________________________________________<\/strong><\/p>\n<p><strong><u>PROYECTO SUPERVISI\u00d3N PORTALES ISLAMISTAS DE MEMRI<\/u><\/strong><\/p>\n<p class=\"c1\">\n<p class=\"c1\"><strong>* * * * * * * *<\/strong><\/p>\n<p>Para mayor informaci\u00f3n: <u><a href=\"http:\/\/www.memrijttm.org\">http:\/\/www.memrijttm.org<\/a><\/u><\/p>\n<p><strong>_________________________________________________________<\/strong><\/p>\n<p><strong><u>BLOG MEDI\u00c1TICO IR\u00c1N DE MEMRI<\/u><\/strong><\/p>\n<p><strong>Serm\u00f3n del Viernes: Conversaciones para resolver de la mejor manera el expediente nuclear de Ir\u00e1n, la demanda de los EAU a las islas &ldquo;error hist\u00f3rico insinuado por Occidente&rdquo;<\/strong><br \/>[<u>Fuente<\/u>: <a href=\"http:\/\/www.Iribnews.ir\">www.Iribnews.ir<\/a>, IRNA, Irib Radio Mundo Servicio, e ISNA, Ir\u00e1n, 11 de abril, 2008]<\/p>\n<p>El l\u00edder interino de los rezos del Viernes Ayatola Akbar Hashemi Rafsanjani dijo en su segundo serm\u00f3n hoy que la Rep\u00fablica Isl\u00e1mica de Ir\u00e1n est\u00e1 pavimentando un camino pac\u00edfico con sus actividades nucleares legales que est\u00e1n aceptadas por la Agencia Internacional de Energ\u00eda At\u00f3mica, pero que siempre estaba listo para reasumir las negociaciones en materia nuclear.<\/p>\n<p>Rafsanjani, quien es tambi\u00e9n presidente del Concejo de Conveniencia, le dijo a miles de feligreses en las instalaciones centrales de la Universidad de Teher\u00e1n: \u00abAunque la [agencia de la [AIEA] ha enfatizado que Ir\u00e1n no se ha desviado [del camino pac\u00edfico] en sus actividades [nucleares], los poderes opresores no han dejado todav\u00eda de crear problemas para nosotros\u00bb.<\/p>\n<p><em>Para ver el art\u00edculo:<\/em> <a href=\"http:\/\/www.thememriblog.org\/iran\/blog_personal\/en\/6770.htm\">http:\/\/www.thememriblog.org\/iran\/blog_personal\/en\/6770.htm<\/a><\/p>\n<p class=\"c1\">\n<p class=\"c1\"><strong>* * * * * * * *<\/strong><\/p>\n<p>Para mayor informaci\u00f3n sobre Ir\u00e1n: <a href=\"http:\/\/www.thememriblog.org\/iran\">http:\/\/www.thememriblog.org\/iran<\/a><\/p>\n<p><strong>_________________________________________________________<\/strong><\/p>\n<p><strong><u>BLOG MEDI\u00c1TICO URDU-PASHTO DE MEMRI<\/u><\/strong><\/p>\n<p><strong>Organizaci\u00f3n prohibida en Pakist\u00e1n exige d\u00edas de asueto en las fechas importantes de los Califas del Islam<\/strong><br \/>[<u>Fuente<\/u>: <em>Roznama Express,<\/em> Pakist\u00e1n, 11 de abril, 2008]<\/p>\n<p>Un l\u00edder de la prohibida organizaci\u00f3n musulmana sunni de Pakist\u00e1n Sipah-e-Sahaba ha instado al gobierno a que declare d\u00edas de asueto oficial por los aniversarios del nacimiento y muerte de los cuatro califas del Islam. Sipah-e-Sahaba es una organizaci\u00f3n musulmana sunni en Pakist\u00e1n que fue proscrita seguido a su campa\u00f1a terrorista contra la minor\u00eda de musulmanes chia.<\/p>\n<p class=\"c1\">\n<p><em>Para ver el art\u00edculo:<\/em> <a href=\"http:\/\/www.thememriblog.org\/urdupashtu\/blog_personal\/en\/6773.htm\">http:\/\/www.thememriblog.org\/urdupashtu\/blog_personal\/en\/6773.htm<\/a><\/p>\n<p class=\"c1\"><strong>* * * * * * * *<\/strong><\/p>\n<p class=\"c1\">\n<p>Para mayor informaci\u00f3n sobre Pakist\u00e1n y Afganist\u00e1n: <u><a href=\"http:\/\/www.thememriblog.org\/urdupashtu\">http:\/\/www.thememriblog.org\/urdupashtu<\/a><\/u><\/p>\n<p><strong>_________________________________________________________<\/strong><\/p>\n<p><strong><u>BLOG MEDI\u00c1TICO TURQU\u00cdA DE MEMRI<\/u><\/strong><\/p>\n<p><strong>Consejo de Administraci\u00f3n de Asuntos Religiosos [Diyanet] le cierra la puerta a Alevi Cemevis<\/strong><br \/>[<u>Fuente<\/u>: <em>Zaman, Cumhuriyet,<\/em> Turqu\u00eda, 10-11 de abril, 2008]<\/p>\n<p><em>Traducci\u00f3n de la caricatura &#8211; PM Erdogan: \u00abYo dije que abrazar\u00eda a todos!\u00bb<\/em><\/p>\n<p>Las asociaciones y federaciones Alevi turcas que han luchado durante muchos a\u00f1os por el reconocimiento de sus hogares de culto [<em>cemevi<\/em>] y por la asignaci\u00f3n de fondos estatales del presupuesto de <em>Diyanet<\/em> recibieron una respuesta negativa el mi\u00e9rcoles del encabezado de <em>Diyanet<\/em>, Prof. Ali Bardakoglu. Bardakoglu dijo, &ldquo;El <em>cemevi<\/em> no es un lugar alternativo de culto a la mezquita. Es equivocado presentar a <em>cemevi<\/em> como una alternativa a las mezquitas, ya que esto convertir\u00e1 al Alevismo en una religi\u00f3n independiente y llevar\u00e1 a la alienaci\u00f3n de Alevis, una mayor\u00eda que ve a las mezquitas como sus lugares de culto, desde el Islam\u00bb.<\/p>\n<p><em>Para ver el art\u00edculo y el clip de video que lo acompa\u00f1a:<\/em> <a href=\"http:\/\/www.thememriblog.org\/turkey\/blog_personal\/en\/6758.htm\">http:\/\/www.thememriblog.org\/turkey\/blog_personal\/en\/6758.htm<\/a><\/p>\n<p class=\"c1\">* * * * * * * *<\/p>\n<p>Para mayor informaci\u00f3n sobre Turqu\u00eda: <a href=\"http:\/\/www.thememriblog.org\/turkey\">http:\/\/www.thememriblog.org\/turkey<\/a><\/p>\n<p><strong>_________________________________________________________<\/strong><\/p>\n<p><strong><u>BLOG ECON\u00d3MICO DE MEMRI<\/u><\/strong><\/p>\n<p><strong>Paquete de determinantes previno logro de \u00e9xitos econ\u00f3micos<\/strong><br \/>Por: Mohammed Sharif Abu Meysam<br \/>[<u>Fuente<\/u>: <em>Almada,<\/em> Irak, 8 de abril, 2008]<\/p>\n<p>Cinco a\u00f1os despu\u00e9s del cambio [la invasi\u00f3n], el ciudadano iraqu\u00ed y aqu\u00e9llos interesaron en los temas econ\u00f3micos sobre el resultado de los cambios que han ocurrido siguiendo al reemplazo del estandarte de [la econom\u00eda de estado] con el estandarte de [la econom\u00eda de mercado]. \u00bfCu\u00e1les son los cambios que han tenido lugar respecto a la esencia de la realidad econ\u00f3mica? \u00bfHan sentido los expertos econ\u00f3micos el cambio?<\/p>\n<p>La filosof\u00eda del sistema econ\u00f3mico es establecida sobre la fundaci\u00f3n de una ideolog\u00eda particular dirigida a la vida humana. Esta formula los principios de la actividad econ\u00f3mica y las reglas activas de estos principios. \u00bfHubo all\u00ed una iniciaci\u00f3n de las reglas de trabajo? \u00bfPor qu\u00e9 hubo una ruptura en la aplicaci\u00f3n de cierta legislaci\u00f3n econ\u00f3mica que ya fue ratificada, mientras algunas leyes todav\u00eda est\u00e1n pasando por un dif\u00edcil proceso legislativo? Estas y otras preguntas fueron presentadas a un grupo selecto de economistas que las revisaron en el contexto de la realidad, cinco a\u00f1os despu\u00e9s del cambio.<\/p>\n<p class=\"c1\">\n<p><em>Para ver el art\u00edculo completo:<\/em> <a href=\"http:\/\/memrieconomicblog.org\/bin\/content.cgi?article=164\">http:\/\/memrieconomicblog.org\/bin\/content.cgi?article=164<\/a><\/p>\n<p class=\"c1\">* * * * * * * *<\/p>\n<p>Para m\u00e1s informaci\u00f3n sobre econ\u00f3mia: <a href=\"http:\/\/memrieconomicblog.org\">http:\/\/memrieconomicblog.org<\/a><\/p>\n<p><strong>_________________________________________________________<\/strong><\/p>\n<p><strong><u>BLOG CULTURA \u00c1RABE DE MEMRI<\/u><\/strong><\/p>\n<p><strong>Marruecos: Un a\u00f1o despu\u00e9s<\/strong><\/p>\n<p>10 de abril, 2007 &#8211; Un atacante suicida se vol\u00f3 a si mismo en Casablanca (Marruecos).<\/p>\n<p><em>Para ver el art\u00edculo y las fotos:<\/em> <a href=\"http:\/\/www.thememriblog.org\/arabculture\/blog_personal\/en\/6763.htm\">http:\/\/www.thememriblog.org\/arabculture\/blog_personal\/en\/6763.htm<\/a><\/p>\n<p class=\"c1\">* * * * * * * *<\/p>\n<p>Para mayor informaci\u00f3n sobre cultura \u00e1rabe: <a href=\"http:\/\/thememriblog.org\/arabculture\">http:\/\/thememriblog.org\/arabculture<\/a><\/p>\n<\/div>\n","protected":false},"excerpt":{"rendered":"<p>MEMRI.ORG Despacho Especial # 1894 \u00c1rabes liberales discuten quinto aniversario de Operaci\u00f3n Libertad Iraqu\u00ed[Fuente: Elaph, 9 de abril del 2008] En los d\u00edas que preceden al quinto aniversario de la Operaci\u00f3n Libertad Iraqu\u00ed, 9 de abril del 2008, el diario liberal \u00e1rabe en Internet Elaph public\u00f3 varios art\u00edculos y entrevistas con importantes \u00e1rabes liberales sobre [&hellip;]<\/p>\n","protected":false},"author":1,"featured_media":0,"comment_status":"open","ping_status":"open","sticky":false,"template":"","format":"standard","meta":{"footnotes":""},"categories":[32],"tags":[],"class_list":["post-2196","post","type-post","status-publish","format-standard","hentry","category-reportes-diarios"],"_links":{"self":[{"href":"https:\/\/www2.memri.org\/espanol\/wp-json\/wp\/v2\/posts\/2196","targetHints":{"allow":["GET"]}}],"collection":[{"href":"https:\/\/www2.memri.org\/espanol\/wp-json\/wp\/v2\/posts"}],"about":[{"href":"https:\/\/www2.memri.org\/espanol\/wp-json\/wp\/v2\/types\/post"}],"author":[{"embeddable":true,"href":"https:\/\/www2.memri.org\/espanol\/wp-json\/wp\/v2\/users\/1"}],"replies":[{"embeddable":true,"href":"https:\/\/www2.memri.org\/espanol\/wp-json\/wp\/v2\/comments?post=2196"}],"version-history":[{"count":0,"href":"https:\/\/www2.memri.org\/espanol\/wp-json\/wp\/v2\/posts\/2196\/revisions"}],"wp:attachment":[{"href":"https:\/\/www2.memri.org\/espanol\/wp-json\/wp\/v2\/media?parent=2196"}],"wp:term":[{"taxonomy":"category","embeddable":true,"href":"https:\/\/www2.memri.org\/espanol\/wp-json\/wp\/v2\/categories?post=2196"},{"taxonomy":"post_tag","embeddable":true,"href":"https:\/\/www2.memri.org\/espanol\/wp-json\/wp\/v2\/tags?post=2196"}],"curies":[{"name":"wp","href":"https:\/\/api.w.org\/{rel}","templated":true}]}}