{"id":1979,"date":"2007-11-16T00:00:00","date_gmt":"2007-11-16T00:00:00","guid":{"rendered":"http:\/\/www2.memri.org\/espanol\/2007\/11\/16\/debate-sobre-las-politicas-iranies-en-el-medio-oriente\/"},"modified":"2007-11-16T00:00:00","modified_gmt":"2007-11-16T00:00:00","slug":"debate-sobre-las-politicas-iranies-en-el-medio-oriente","status":"publish","type":"post","link":"https:\/\/www2.memri.org\/espanol\/debate-sobre-las-politicas-iranies-en-el-medio-oriente\/1979","title":{"rendered":"Debate sobre las pol\u00edticas iran\u00edes en el Medio Oriente"},"content":{"rendered":"<div class=\"bodytext c1\">\n<p><em>Lo siguiente son extractos de un debate en televisi\u00f3n sobre las pol\u00edticas de Ir\u00e1n en el Medio Oriente, entre el investigador de estudios liban\u00e9s-americano del Medio Oriente Dr. Walid Fares y el investigador iran\u00ed Muhammad Sadeq Al-Husseini. El debate fue presentado en Al-Jazeera Tv el 25 de septiembre, 2007.<\/em><\/p>\n<p><em>Para ver este segmento de video visite: <a href=\"http:\/\/www.memritv.org\/clip\/en\/1603.htm\">http:\/\/www.memritv.org\/clip\/en\/1603.htm<\/a><\/em><\/p>\n<p><strong>Dr. Walid Fares:<\/strong> \u00abEn mi opini\u00f3n, es el r\u00e9gimen iran\u00ed que emprende las guerras. Es este r\u00e9gimen que empez\u00f3 estas guerras, amenaza a sus vecinos, provee de armas y equipos a los terroristas, y declara que borrar\u00e1 del mapa a emiratos y pa\u00edses enteros. El r\u00e9gimen iran\u00ed transfiere armas al taliban aunque les odia, porque quieren soplar llamaradas de guerra contra el gobierno democr\u00e1ticamente elegido en Kabul. El r\u00e9gimen iran\u00ed todav\u00eda ocupa las islas \u00e1rabes de Tunb, y ha amenazado recientemente con anexarse Bahrein.<\/p>\n<p>\u00abEl r\u00e9gimen iran\u00ed env\u00eda armas al Hizbullah con el objetivo de derrocar al gobierno liban\u00e9s. El gobierno iran\u00ed arma a Hamas no s\u00f3lo contra Israel, sino contra los palestinos tambi\u00e9n, y las matanzas perpetradas en Gaza fueron fomentadas por el r\u00e9gimen iran\u00ed. Este mantiene una alianza estrat\u00e9gica con el r\u00e9gimen sirio, al cual se le acusa de asesinar al ex primer ministro del L\u00edbano, as\u00ed como tambi\u00e9n a MPs (Miembros del Parlamento). Considerado esta campa\u00f1a del r\u00e9gimen iran\u00ed, as\u00ed como tambi\u00e9n su interferencia en los asuntos iraqu\u00edes, armando c\u00e9lulas terroristas dentro de Irak &#8211; c\u00f3mo puede usted clamar que el mundo est\u00e1 amenazando a Ir\u00e1n? Es Ir\u00e1n el que est\u00e1 amenazando a la regi\u00f3n y al mundo entero. Sus actividades han incluso alcanzado a Argentina. Hoy d\u00eda, en las Naciones Unidas, el presidente argentino atribuy\u00f3 los atentados de comienzos de los 90s a c\u00e9lulas vinculadas a agencias iran\u00edes\u00bb.<\/p>\n<p>[&#8230;]<\/p>\n<p>\u00abAyer, el Presidente iran\u00ed Ahmadinejad dijo en Nueva York que le gustar\u00eda que el pueblo iraqu\u00ed tuviese un refer\u00e9ndum. Grandioso, pero por qu\u00e9 no organiza un refer\u00e9ndum para el pueblo iran\u00ed? \u00bfPor qu\u00e9 quiere \u00e9l referendos en todo el mundo excepto en Ir\u00e1n? Dirigimos esta pregunta al liderazgo iran\u00ed. \u00bfPor qu\u00e9 no celebra un refer\u00e9ndum sobre todas sus pol\u00edticas, incluyendo el de la energ\u00eda nuclear? Si quiere una bomba nuclear, nos deber\u00eda decir qui\u00e9n es el enemigo y sobre quien quiere dejarla caer, y deber\u00eda celebrar un refer\u00e9ndum para el pueblo iran\u00ed sobre esto\u00bb.<\/p>\n<p>[&#8230;]<\/p>\n<p><strong>Muhammad Sadeq Al-Husseini:<\/strong> \u00abEn primer lugar, la democracia en Ir\u00e1n es m\u00e1s honorable que las antiguas democracias en Londres y Par\u00eds y que el mandato logrado fraudulentamente por George Bush, quien no fue realmente electo presidente. Nosotros tenemos 27 elecciones todos los d\u00edas, y hay cambio de gobierno de la derecha extrema a la izquierda extrema &#8211; la derecha, la izquierda, la corriente religiosa, la corriente liberal-religiosa, con un poquito de az\u00facar, con mucho az\u00facar, cl\u00e9rigos y civiles&#8230; [El r\u00e9gimen iran\u00ed] cree en todas las corrientes. Los cambios de gobierno se llevan a cabo suavemente, incomparable en la historia de esta regi\u00f3n, que est\u00e1 rodeada por un mont\u00f3n de dictaduras. \u00bfSabe usted lo que quieren [los americanos]? Quieren seguridad y estabilidad para el General Musharraf, quien est\u00e1 degollando a su naci\u00f3n con zapatos ya gastados&#8230;\u00bb<\/p>\n<p><strong>Entrevistador:<\/strong> \u00abZapatos gastados?\u00bb<\/p>\n<p><strong>Muhammad Sadeq Al-Husseini:<\/strong> &#8216;Eso es correcto. Con zapatos ya gastados, el general Musharraf est\u00e1 matando a esta gran naci\u00f3n &#8211; la naci\u00f3n de Nuristan, que va desde Afganist\u00e1n hasta Pakist\u00e1n e India, y qu\u00e9 sol\u00eda llamarse la naci\u00f3n de Nuristan\u00bb.<\/p>\n<p><strong>Entrevistador:<\/strong> \u00ab[Los americanos] se hacen la vista gorda a su programa nuclear?\u00bb<\/p>\n<p><strong>Muhammad Sadeq Al-Husseini:<\/strong> &#8216;No s\u00f3lo eso, sino que hasta firman acuerdos con \u00e9l con el objetivo de contener a India y a Pakist\u00e1n, y neutralizar a esta gran naci\u00f3n para removerla de la ecuaci\u00f3n, para que ellos mismos se conviertan en el imperio gobernante\u00bb.<\/p>\n<p>[&#8230;]<\/p>\n<p><strong>Dr. Walid Fares:<\/strong> \u00abC\u00f3mo es que este r\u00e9gimen env\u00eda cientos de millones de d\u00f3lares al Hizbullah y a Hamas, para que puedan luchar y lanzar brutales operaciones, mientras el pueblo de [Iran\u00ed] ni siquiera se puede unir a la clase media? Me gustar\u00eda una respuesta del liderazgo iran\u00ed\u00bb.<\/p>\n<p><strong>Muhammad Sadeq Al-Husseini:<\/strong> \u00abEl liderazgo iran\u00ed responde a la demanda leg\u00edtima del noble pueblo \u00e1rabe-iran\u00ed de Al-Ahwaz para luchar por la causa de Palestina. Pero aquellos que se interponen en el camino son esos intelectuales que quieren un mandato de democracia. Sus colaboradores y camaradas en el L\u00edbano dicen que los iran\u00edes no deben mostrar solidaridad con los libaneses, que los sirios no deben mostrar solidaridad con los libaneses, y que los \u00e1rabes y musulmanes no deben mostrar solidaridad con los palestinos. [Ellos dicen]: Debemos matarlos uno a uno, o dejarlos tranquilos.<\/p>\n<p>\u00abCuando los hermanos buscadores de martirio \u00e1rabes y musulmanes en Al-Ahwaz, qui\u00e9nes est\u00e1n listos para liberar a Palestina, quieran entrar en acci\u00f3n, los primeros en interponerse en su camino son esas personas que esperan por la &#8216;democracia aerotransportada&#8217;. Ellos dejaron caer esta democracia en Irak, pensando que el orgulloso pueblo \u00e1rabe iraqu\u00ed los saludar\u00edan con rosas y albahaca. Este los salud\u00f3 con explosivos y una guerra organizada. Los salud\u00f3 con una resistencia heroica y una resistencia pol\u00edtica. Los trajo de rodillas hacia el fondo del pantanal iraqu\u00ed, y les hizo suplicar por ayuda a Damasco y a Teher\u00e1n, y de cualquier poder en el mundo: &#8216;Dios, haz que uno de los pa\u00edses vecinos nos rescate de nuestra situaci\u00f3n&#8217;. Incluso Kissinger dijo eso\u00bb.<\/p>\n<p>[&#8230;]<\/p>\n<p>\u00abCualquier miembro americano, brit\u00e1nico u otro de la raza blanca que participe en la guerra contra los musulmanes, pagar\u00e1 un empinado y fuerte precio.<\/p>\n<\/div>\n","protected":false},"excerpt":{"rendered":"<p>Lo siguiente son extractos de un debate en televisi\u00f3n sobre las pol\u00edticas de Ir\u00e1n en el Medio Oriente, entre el investigador de estudios liban\u00e9s-americano del Medio Oriente Dr. Walid Fares y el investigador iran\u00ed Muhammad Sadeq Al-Husseini. El debate fue presentado en Al-Jazeera Tv el 25 de septiembre, 2007. Para ver este segmento de video [&hellip;]<\/p>\n","protected":false},"author":1,"featured_media":0,"comment_status":"open","ping_status":"open","sticky":false,"template":"","format":"standard","meta":{"footnotes":""},"categories":[6,20],"tags":[],"class_list":["post-1979","post","type-post","status-publish","format-standard","hentry","category-comunicados-especiales","category-iran"],"_links":{"self":[{"href":"https:\/\/www2.memri.org\/espanol\/wp-json\/wp\/v2\/posts\/1979","targetHints":{"allow":["GET"]}}],"collection":[{"href":"https:\/\/www2.memri.org\/espanol\/wp-json\/wp\/v2\/posts"}],"about":[{"href":"https:\/\/www2.memri.org\/espanol\/wp-json\/wp\/v2\/types\/post"}],"author":[{"embeddable":true,"href":"https:\/\/www2.memri.org\/espanol\/wp-json\/wp\/v2\/users\/1"}],"replies":[{"embeddable":true,"href":"https:\/\/www2.memri.org\/espanol\/wp-json\/wp\/v2\/comments?post=1979"}],"version-history":[{"count":0,"href":"https:\/\/www2.memri.org\/espanol\/wp-json\/wp\/v2\/posts\/1979\/revisions"}],"wp:attachment":[{"href":"https:\/\/www2.memri.org\/espanol\/wp-json\/wp\/v2\/media?parent=1979"}],"wp:term":[{"taxonomy":"category","embeddable":true,"href":"https:\/\/www2.memri.org\/espanol\/wp-json\/wp\/v2\/categories?post=1979"},{"taxonomy":"post_tag","embeddable":true,"href":"https:\/\/www2.memri.org\/espanol\/wp-json\/wp\/v2\/tags?post=1979"}],"curies":[{"name":"wp","href":"https:\/\/api.w.org\/{rel}","templated":true}]}}