{"id":1967,"date":"2007-11-07T00:00:00","date_gmt":"2007-11-07T00:00:00","guid":{"rendered":"http:\/\/www2.memri.org\/espanol\/2007\/11\/07\/al-jamaa-al-salafiyya-en-libia-se-une-a-al-qaeda\/"},"modified":"2016-01-14T16:12:44","modified_gmt":"2016-01-14T16:12:44","slug":"al-jamaa-al-salafiyya-en-libia-se-une-a-al-qaeda","status":"publish","type":"post","link":"https:\/\/www2.memri.org\/espanol\/al-jamaa-al-salafiyya-en-libia-se-une-a-al-qaeda\/1967","title":{"rendered":"Al-Jama&#8217;a Al-Salafiyya en Libia se une a Al-Qaeda"},"content":{"rendered":"<div class=\"bodytext c2\">\n<p class=\"c1\"><em><img loading=\"lazy\" decoding=\"async\" class=\"alignnone size-full wp-image-15882\" src=\"http:\/\/www2.memri.org\/espanol\/wp-content\/uploads\/2016\/01\/sd_175807_1.jpg\" width=\"290\" height=\"226\" \/><img loading=\"lazy\" decoding=\"async\" class=\"alignnone size-full wp-image-15898\" src=\"http:\/\/www2.memri.org\/espanol\/wp-content\/uploads\/2016\/01\/sd_175807_2.jpg\" width=\"290\" height=\"226\" \/><\/em><\/p>\n<p><em>El 3 de noviembre del 2007, la compa\u00f1\u00eda de producci\u00f3n de medios de comunicaci\u00f3n de Al-Qaeda Al-Sahab public\u00f3 en el portal islamista <a href=\"http:\/\/al-hesbah.com\/v\/\">http:\/\/al-hesbah.com\/v\/<\/a> que tiene como servidor a NOC4Hosts Inc., Tampa, FL, Estados Unidos, un video titulado \u00abUnidad de las L\u00edneas\u00bb. En este video, Al-Zawahiri y el Jeque Abu Al-Layth Al-Libi, una figura prominente en Al-Qaeda de origen libio que est\u00e1 actualmente en Afganist\u00e1n, anuncia la decisi\u00f3n de Al-Jama&#8217;a Al-Salafiyya Al-Muqatila en Libia de unirse a Al-Qaeda. El video parece ser un intento de Al-Qaeda por demostrar el crecimiento y el \u00e9xito ante los principales reveses que este est\u00e1 experimentando en Irak y Argelia.<\/em><\/p>\n<p><strong>Al-Zawahiri: \u00abTus hijos consagrados se est\u00e1n uniendo bajo la estandarte del Islam y el jihad\u00bb<\/strong><\/p>\n<p>La primera parte del video consiste en una grabaci\u00f3n de audio del mensaje de Al-Zawahiri acompa\u00f1ado por una fotograf\u00eda fija de \u00e9l. Despu\u00e9s de informarle al p\u00fablico libio de los nuevos enlaces entre Al-Qaeda y el Jama&#8217;a libio, Al-Zawahiri insta a los seculares libios y nacionalistas a arrepentirse y apoyar la lucha de los jihadistas contra el l\u00edder libio Mu&#8217;ammar Al-Qadhafi. Lo siguiente son extractos del mensaje de Al-Zawahiri:<\/p>\n<p>\u00abEl excelente estudioso <em>mujahid<\/em> Abu Mundhir Al-Sa&#8217;idi y&#8230; Amir Al-Mujahideen&#8230; Abu &#8216;Abd Allah Al-Sadeq y [ustedes] el resto de los prisioneros del Jama&#8217;a Al-Islamiyya Al-Muqatila en Libia, regoc\u00edjense y est\u00e9n encantados mientras sus hermanos completan su jornada&#8230; [Ellos] han recibido la bandera de ustedes y han escalado su confrontaci\u00f3n con los enemigos del Islam: Al-Qadhafi y su amo &#8211; los cruzados de Washington.<\/p>\n<p>\u00abOh nuestro <em>Umma<\/em> isl\u00e1mico en el Maghreb del jihad&#8230; Tus consagrados hijos se est\u00e1n uniendo bajo el estandarte del Islam y el jihad [e.d. Al-Qaeda] contra Am\u00e9rica, Francia, Espa\u00f1a&#8230; Est\u00e9n&#8230; junto a sus hijos hasta que derrotemos a nuestro enemigo y purguemos nuestras tierras de sus sirvientes Al-Qadhafi, Zayn Al-&#8216;Abideen, Bouteflika, y [el Rey de Marruecos] Muhammad&#8230;\u00bb<\/p>\n<p><strong>\u00abRegresen a [Dios] y&#8230; adhi\u00e9ranse al credo del <em>tawhid<\/em>\u00ab<\/strong><\/p>\n<p>\u00abOh nuestro <em>Umma<\/em> isl\u00e1mico&#8230; Los seculares y nacionalistas como Al-Qadhafi y Mahmoud &#8216;Abbas te han vendido y te han entregado a Am\u00e9rica e Israel. Por lo cual, yo le imploro a esos nacionalistas y seculares que [todav\u00eda] poseen conciencia y dignidad a que se apresuren y regresen a [su] Dios, y se adhieran al credo del <em>tawhid<\/em> [e.d. la unidad de Dios].<\/p>\n<p>\u00abAhora que se ha vuelto claro&#8230; de que aqu\u00e9llos que clamaron estar trabajando con el Satan\u00e1s [e.d. Occidente, bajo el pretexto de] liberar a Palestina han de hecho vendido a Palestina y han estado sujetos ellos mismos al Satan\u00e1s. Le imploro a esos nacionalistas y seculares cuyos corazones han retenido un vestigio de vida y honor a unirse al convoy del jihad y el martirio&#8230;\u00bb<\/p>\n<p><strong>Al-Libi: \u00abLos musulmanes est\u00e1n pagando un precio alto por problemas que ellos no pueden explicar\u00bb<\/strong><\/p>\n<p>El mensaje de Abu Al-Layth Al-Libi es un intento por reforzar la legitimidad del jihad vis-\u00e0-vis con el r\u00e9gimen libio entre islamistas y el resto de la sociedad libia. Lo siguiente son extractos del mensaje de Al-Libi:<\/p>\n<p>\u00abDespu\u00e9s de casi 40 a\u00f1os del mandato del tirano Al-Qadhafi sobre los musulmanes en Libia, [durante el cual] infligi\u00f3 en ellos una calamidad tras otra&#8230; [tales como] el maltrato, matanzas, expulsiones, e inanici\u00f3n &#8211; a veces bajo la apariencia de rivalidad con los jud\u00edos, mientras que otras veces [bajo el pretexto de] confrontaci\u00f3n con Am\u00e9rica y Occidente&#8230; &#8211; los musulmanes est\u00e1n pagando un alto precio por problemas que no pueden explicar&#8230;<\/p>\n<p>\u00abEl tirano libio permiti\u00f3 que los estandartes de los [cruzados] temblaran en los cielos de Tr\u00edpoli, [abriendo] sus aeropuertos para recibir a [funcionarios occidentales] con honor&#8230; establecer una nueva base cruzada en el Maghreb Isl\u00e1mico, desde donde los cruzados&#8230; reprimir\u00e1n cualquier jihad que se levante&#8230; [contra] los reg\u00edmenes colaboradores y sus amos&#8230;<\/p>\n<p>\u00abSiguiendo el camino&#8230; del sacrificio, la paciencia y la inmolaci\u00f3n&#8230; qu\u00e9 nuestros comandantes han perfilado, y adhiri\u00e9ndonos al camino de la [organizaci\u00f3n] Jama&#8217;a&#8230; la inminente batalla ser\u00e1 inevitablemente [combatida] entre el pueblo de la verdad y el pueblo de la falsedad. Ahora el pueblo de la verdad debe sacar sus armas y buscar la ayuda de su Se\u00f1or confrontando a los enemigos de Al\u00e1 y a Su Mensajero&#8230;\u00bb<\/p>\n<p><strong>\u00abNos estamos uniendo a Al-Qaeda&#8230; para hacernos soldados fieles y humildes a los creyentes\u00bb<\/strong><\/p>\n<p>\u00abBasado en todo lo anterior, la ley nos exige unirnos y estar de acuerdo, y nosotros por consiguiente anunciamos que nos estamos uniendo a Al-Qaeda&#8230; para hacernos soldados fieles y humildes a los creyentes&#8230; y levantar la estandarte del <em>tawhid<\/em> y el jihad que nuestros comandantes&#8230; ya han levantado, el primero entre ellos&#8230; Osama bin Laden&#8230; Nosotros lo levantaremos nuevamente sobre [todas] las tierras libias, [junto con] nuestros hermanos en Al-Qaeda en el Maghreb Isl\u00e1mico&#8230; [e] instamos a [otros] <em>mujahideen<\/em> a [unirnos] bajo la estandarte del jihad levantada por Al-Qaeda&#8230;\u00bb<\/p>\n<\/div>\n","protected":false},"excerpt":{"rendered":"<p>El 3 de noviembre del 2007, la compa\u00f1\u00eda de producci\u00f3n de medios de comunicaci\u00f3n de Al-Qaeda Al-Sahab public\u00f3 en el portal islamista http:\/\/al-hesbah.com\/v\/ que tiene como servidor a NOC4Hosts Inc., Tampa, FL, Estados Unidos, un video titulado \u00abUnidad de las L\u00edneas\u00bb. En este video, Al-Zawahiri y el Jeque Abu Al-Layth Al-Libi, una figura prominente en [&hellip;]<\/p>\n","protected":false},"author":1,"featured_media":15882,"comment_status":"open","ping_status":"open","sticky":false,"template":"","format":"standard","meta":{"footnotes":""},"categories":[10,6],"tags":[],"class_list":["post-1967","post","type-post","status-publish","format-standard","has-post-thumbnail","hentry","category-estudios-sobre-terrorismo-y-yihad","category-comunicados-especiales"],"_links":{"self":[{"href":"https:\/\/www2.memri.org\/espanol\/wp-json\/wp\/v2\/posts\/1967","targetHints":{"allow":["GET"]}}],"collection":[{"href":"https:\/\/www2.memri.org\/espanol\/wp-json\/wp\/v2\/posts"}],"about":[{"href":"https:\/\/www2.memri.org\/espanol\/wp-json\/wp\/v2\/types\/post"}],"author":[{"embeddable":true,"href":"https:\/\/www2.memri.org\/espanol\/wp-json\/wp\/v2\/users\/1"}],"replies":[{"embeddable":true,"href":"https:\/\/www2.memri.org\/espanol\/wp-json\/wp\/v2\/comments?post=1967"}],"version-history":[{"count":0,"href":"https:\/\/www2.memri.org\/espanol\/wp-json\/wp\/v2\/posts\/1967\/revisions"}],"wp:featuredmedia":[{"embeddable":true,"href":"https:\/\/www2.memri.org\/espanol\/wp-json\/wp\/v2\/media\/15882"}],"wp:attachment":[{"href":"https:\/\/www2.memri.org\/espanol\/wp-json\/wp\/v2\/media?parent=1967"}],"wp:term":[{"taxonomy":"category","embeddable":true,"href":"https:\/\/www2.memri.org\/espanol\/wp-json\/wp\/v2\/categories?post=1967"},{"taxonomy":"post_tag","embeddable":true,"href":"https:\/\/www2.memri.org\/espanol\/wp-json\/wp\/v2\/tags?post=1967"}],"curies":[{"name":"wp","href":"https:\/\/api.w.org\/{rel}","templated":true}]}}