{"id":1955,"date":"2007-10-25T00:00:00","date_gmt":"2007-10-25T00:00:00","guid":{"rendered":"http:\/\/www2.memri.org\/espanol\/2007\/10\/25\/presidente-ahmadinejad-reitera-propuesta-irani-para-un-estado-sionista-en-canada-o-alaska-le-sugiere-al-comite-internacional-de-buscadores-de-la-verdad-examinar-el-holocausto-y-el-11-de-septiembr\/"},"modified":"2007-10-25T00:00:00","modified_gmt":"2007-10-25T00:00:00","slug":"presidente-ahmadinejad-reitera-propuesta-irani-para-un-estado-sionista-en-canada-o-alaska-le-sugiere-al-comite-internacional-de-buscadores-de-la-verdad-examinar-el-holocausto-y-el-11-de-septiembr","status":"publish","type":"post","link":"https:\/\/www2.memri.org\/espanol\/presidente-ahmadinejad-reitera-propuesta-irani-para-un-estado-sionista-en-canada-o-alaska-le-sugiere-al-comite-internacional-de-buscadores-de-la-verdad-examinar-el-holocausto-y-el-11-de-septiembr\/1955","title":{"rendered":"Presidente Ahmadinejad reitera propuesta iran\u00ed para un &#8216;Estado Sionista&#8217; en Canad\u00e1 o Alaska, le sugiere al Comit\u00e9 Internacional de &#8216;Buscadores de la Verdad&#8217; examinar el Holocausto y el 11 de Septiembre"},"content":{"rendered":"<div class=\"bodytext c1\">\n<p><em>Lo siguiente son extractos de una alocuci\u00f3n p\u00fablica dada por el Presidente iran\u00ed Mahmoud Ahmadinejad que fue puesta al aire en el Canal 1 de la televisi\u00f3n iran\u00ed, el 6 de octubre, 2007.<\/em><\/p>\n<p><em>Para ver este segmento de video visite: <a href=\"http:\/\/www.memritv.org\/clip\/en\/1585.htm\">http:\/\/www.memritv.org\/clip\/en\/1585.htm<\/a>.<\/em><\/p>\n<p><em>Para ver m\u00e1s segmentos del Presidente iran\u00ed Mahmoud Ahmadinejad visite: <a href=\"http:\/\/memritv.org\/subject\/en\/358.htm\">http:\/\/memritv.org\/subject\/en\/358.htm<\/a><\/em><\/p>\n<p><strong>Mahmoud Ahmadinejad:<\/strong> \u00abLos gobiernos occidentales que portan la norma del secularismo, la anti-religi\u00f3n, y la falta de respeto por los derechos de los pueblos, y para los seguidores de todas las religiones Abrahamicas, consideran para si mismos que la defensa del r\u00e9gimen sionista es el valor m\u00e1s sagrado en el mundo. El sionismo y la existencia del r\u00e9gimen sionista son tan importantes para ellos que ni siquiera permiten la propuesta de preguntas sobre las preparaciones y pretextos que llevaron al establecimiento de este r\u00e9gimen\u00bb.<\/p>\n<p>[&#8230;]<\/p>\n<p>\u00abEn algunas de estas superpotencias, cualquiera que participe como candidato a la presidencia debe oficialmente declarar primero que est\u00e1 comprometido a apoyar al sionismo y al r\u00e9gimen sionista, y debe demostrar esto a trav\u00e9s de sus acciones\u00bb.<\/p>\n<p>[&#8230;]<\/p>\n<p>\u00abSi alg\u00fan pa\u00eds en Am\u00e9rica Latina, \u00c1frica, o Asia desea firmar un acuerdo con cualquier pa\u00eds occidental, debe reconocer primero al r\u00e9gimen sionista, apoyarlo, y mantener lazos econ\u00f3micos con este\u00bb.<\/p>\n<p>[&#8230;]<\/p>\n<p>\u00abEllos han creado cierta organizaci\u00f3n, algo sagrado, un fen\u00f3meno sagrado al que nadie se le puede oponer. Todos ellos se han comprometido a apoyar esto. Este [sionismo] es el eje alrededor del cual est\u00e1n unidos. Como resultado, todas las guerras, toda la animosidad, y los cr\u00edmenes de los pa\u00edses occidentales se han movido hacia otros pa\u00edses. Ellos han alejado estas guerras de si mismos, y uni\u00e9ndose alrededor de este r\u00e9gimen [sionista], han transferido las guerras a otros pueblos\u00bb. [&#8230;]<\/p>\n<p><strong>Los l\u00edderes de varias superpotencias occidentales \u00abcrearon algo llamado sionismo\u00bb e \u00abinventaron el as\u00ed llamado &#8216;genocidio de los jud\u00edos\u00bb<\/strong><\/p>\n<p>\u00abLos l\u00edderes de varias superpotencias occidentales comprenden al partido sionista. Ellos son los que tiran de las cuerdas. Han crearon algo llamado sionismo, e inventaron la llamada &#8216;opresi\u00f3n&#8217; de los jud\u00edos. Ellos mismos crearon el trasfondo para esto, y tambi\u00e9n hoy d\u00eda, son ellos qui\u00e9nes est\u00e1n montando el espect\u00e1culo\u00bb.<\/p>\n<p>[&#8230;]<\/p>\n<p>\u00abDespu\u00e9s de la Segunda Guerra Mundial, inventaron el as\u00ed llamado &#8216;genocidio de los jud\u00edos&#8217;. A lo largo de Europa, y en los pa\u00edses bajo el control de las superpotencias occidentales, establecieron un movimiento anti-jud\u00edo. Por medio de la propaganda y una cierta atm\u00f3sfera psicol\u00f3gica, y usando el tema de los supuestos &#8216;crematorios&#8217;, crearon el sentimiento de que los jud\u00edos europeos fueron oprimidos. Usaron el pretexto de que algunos jud\u00edos fueron oprimidos y se les hizo da\u00f1o durante la Segunda Guerra Mundial y junto a la ola de anti-juda\u00edsmo en colocar las bases para el establecimiento del r\u00e9gimen Sionista. Luego, por supuesto, lo llamaron &#8216;la masacre de los jud\u00edos&#8217;, y s\u00f3lo despu\u00e9s de la Segunda Guerra Mundial lo llamaron &#8216;el Holocausto&#8217;. Ellos hicieron de este asunto algo mucho m\u00e1s sagrado que todo lo m\u00e1s sagrado del mundo\u00bb. [&#8230;]<\/p>\n<p><strong>\u00abUstedes han convertido este fen\u00f3meno&#8230; qu\u00e9 ustedes mismos inventaron despu\u00e9s de la guerra, y qu\u00e9 comenzaron a llamar &#8216;Holocausto&#8217; s\u00f3lo despu\u00e9s de 1975 &#8211; en algo tan sagrado&#8230;?\u00bb<\/strong><\/p>\n<p>\u00abC\u00f3mo puede ser posible que ustedes hayan convertido este fen\u00f3meno &#8211; un fen\u00f3meno que ustedes inventaron despu\u00e9s de la guerra, y qu\u00e9 empezaron a llamar &#8216;Holocausto&#8217; s\u00f3lo despu\u00e9s de 1975 &#8211; en algo tan sagrado que a nadie se le est\u00e1 permitido a incluso sugerir preguntas sobre este? En la Segunda Guerra Mundial, hubo varios incidentes similares a una colisi\u00f3n de aviones. Luego, bajo el pretexto de estos incidentes, han estado perpetrando un continuo genocidio de proporciones hist\u00f3ricas en Palestina. Han estado perpetrando un continuo crimen en Palestina\u00bb.<\/p>\n<p>[&#8230;]<\/p>\n<p>\u00abEllos se permiten, bajo el pretexto del Holocausto, cometer todo tipo de cr\u00edmenes. Construyen inclusive prisiones secretas en Europa, y secuestran a gente y anuncian p\u00fablicamente que los mataran\u00bb.<\/p>\n<p>[&#8230;]<\/p>\n<p>\u00abPor qu\u00e9 no permiten ustedes descifrar el c\u00f3digo de la &#8216;caja negra?&#8217; de la Segunda Guerra Mundial \u00bfPor qu\u00e9 no permiten ustedes esto? Queremos ayudarles. Abramos la &#8216;caja negra&#8217;, y veamos lo que est\u00e1 sucediendo all\u00ed y qui\u00e9n lo caus\u00f3. Si hay gente que fue asesinada all\u00ed, qui\u00e9nes eran? \u00bfQui\u00e9n fue responsable? \u00bfQui\u00e9n apoy\u00f3 esto? Examinemos el rol jugado por otros en todo esto. Si los l\u00edderes de los pa\u00edses occidentales no son miembros del partido sionista, deber\u00edan permitirle a un equipo internacional de buscadores de la verdad revelar los misterios de este fen\u00f3meno. \u00bfQu\u00e9 pas\u00f3 realmente all\u00ed? Bajo el pretexto de lo que sucedi\u00f3, se est\u00e1n cometiendo todav\u00eda cr\u00edmenes, y el Premio [Nobel] de la Paz es otorgado a los delincuentes sionistas\u00bb.<\/p>\n<p>[&#8230;]<\/p>\n<p>\u00abEsto sucedi\u00f3 en Europa, as\u00ed que propusimos asignarles un lugar en Europa. Ellos pudieran decir, al igual que algunos de ellos ya lo hicieron: &#8216;Oh realmente?! Nosotros trabajamos muy duro para sacar fuera a esos jud\u00edos de Europa, y ahora ustedes quieren que los recibamos de vuelta?&#8217; Nosotros decimos: &#8216;Bien, ustedes no pueden soportar la presencia de estos sionistas en su regi\u00f3n, pero quieren impon\u00e9rselos en los pueblos de esta regi\u00f3n? Ustedes tienen territorios inmensos. Denles parte de Canad\u00e1 o Alaska, para que puedan establecer un estado. Despu\u00e9s de todo ustedes les dan de $30 a 40 billones en ayuda todos los a\u00f1os, &#8211; entonces denles ese dinero para establecer su estado all\u00ed&#8217;. \u00ab[&#8230;]<\/p>\n<p><strong>\u00abUn incidente ocurri\u00f3 el 11 de septiembre, y vean lo que hicieron despu\u00e9s&#8230; est\u00e1n creando otro incidente similar al Holocausto\u00bb<\/strong><\/p>\n<p>\u00abPol\u00edticos que sue\u00f1an por la noche con reconciliarse con el r\u00e9gimen sionista deber\u00edan saber que el pueblo palestino est\u00e1 firme, el pueblo iran\u00ed y los pueblos libres del mundo est\u00e1n firmes, y no descansar\u00e1n ni un s\u00f3lo d\u00eda hasta que toda la tierra palestina sea liberada\u00bb.<\/p>\n<p>[&#8230;]<\/p>\n<p>\u00abUn incidente ocurri\u00f3 el 11 de septiembre, y vean lo que hicieron despu\u00e9s. Usaron este pretexto para ocupar Afganist\u00e1n e Irak, mataron a decenas de miles de personas, y quieren continuar matando. Est\u00e1n creando otro incidente al igual que el Holocausto. Les aconsejamos no crear algo sagrado, ni fabricar otra mentira sagrada, y permitirle a un grupo de buscadores de la verdad llegar al fondo de las cosas, identificar y exponer a aqu\u00e9llos detr\u00e1s de esto, y conseguir concluirlo\u00bb.<\/p>\n<\/div>\n","protected":false},"excerpt":{"rendered":"<p>Lo siguiente son extractos de una alocuci\u00f3n p\u00fablica dada por el Presidente iran\u00ed Mahmoud Ahmadinejad que fue puesta al aire en el Canal 1 de la televisi\u00f3n iran\u00ed, el 6 de octubre, 2007. Para ver este segmento de video visite: http:\/\/www.memritv.org\/clip\/en\/1585.htm. Para ver m\u00e1s segmentos del Presidente iran\u00ed Mahmoud Ahmadinejad visite: http:\/\/memritv.org\/subject\/en\/358.htm Mahmoud Ahmadinejad: \u00abLos [&hellip;]<\/p>\n","protected":false},"author":1,"featured_media":0,"comment_status":"open","ping_status":"open","sticky":false,"template":"","format":"standard","meta":{"footnotes":""},"categories":[19,6,16],"tags":[],"class_list":["post-1955","post","type-post","status-publish","format-standard","hentry","category-egipto","category-comunicados-especiales","category-proyecto-documental-sobre-antisemitismo"],"_links":{"self":[{"href":"https:\/\/www2.memri.org\/espanol\/wp-json\/wp\/v2\/posts\/1955","targetHints":{"allow":["GET"]}}],"collection":[{"href":"https:\/\/www2.memri.org\/espanol\/wp-json\/wp\/v2\/posts"}],"about":[{"href":"https:\/\/www2.memri.org\/espanol\/wp-json\/wp\/v2\/types\/post"}],"author":[{"embeddable":true,"href":"https:\/\/www2.memri.org\/espanol\/wp-json\/wp\/v2\/users\/1"}],"replies":[{"embeddable":true,"href":"https:\/\/www2.memri.org\/espanol\/wp-json\/wp\/v2\/comments?post=1955"}],"version-history":[{"count":0,"href":"https:\/\/www2.memri.org\/espanol\/wp-json\/wp\/v2\/posts\/1955\/revisions"}],"wp:attachment":[{"href":"https:\/\/www2.memri.org\/espanol\/wp-json\/wp\/v2\/media?parent=1955"}],"wp:term":[{"taxonomy":"category","embeddable":true,"href":"https:\/\/www2.memri.org\/espanol\/wp-json\/wp\/v2\/categories?post=1955"},{"taxonomy":"post_tag","embeddable":true,"href":"https:\/\/www2.memri.org\/espanol\/wp-json\/wp\/v2\/tags?post=1955"}],"curies":[{"name":"wp","href":"https:\/\/api.w.org\/{rel}","templated":true}]}}